{"id":26701,"date":"2023-01-17T12:24:46","date_gmt":"2023-01-17T15:24:46","guid":{"rendered":"https:\/\/radiorevelacionfm.cl\/?p=26701"},"modified":"2023-01-17T12:24:46","modified_gmt":"2023-01-17T15:24:46","slug":"67-emprendedores-as-de-la-comuna-chile-chico-potenciaron-sus-negocios-con-apoyo-del-fosis","status":"publish","type":"post","link":"https:\/\/radiorevelacionfm.cl\/?p=26701","title":{"rendered":"67 emprendedores\/as de la comuna Chile Chico potenciaron sus negocios con apoyo del FOSIS"},"content":{"rendered":"<div class=\"flex_column av_one_full  flex_column_div av-zero-column-padding first  avia-builder-el-0  el_before_av_one_full  avia-builder-el-first  \" style='border-radius:0px; '><div  class='avia-image-container  av-styling-    avia-builder-el-1  avia-builder-el-no-sibling  avia-align-center '  itemprop=\"image\" itemscope=\"itemscope\" itemtype=\"https:\/\/schema.org\/ImageObject\"  ><div class='avia-image-container-inner'><div class='avia-image-overlay-wrap'><img decoding=\"async\" class='wp-image-26702 avia-img-lazy-loading-not-26702 avia_image' src=\"https:\/\/radiorevelacionfm.cl\/wp-content\/uploads\/2023\/01\/Emprendamos-Chile-Chico-1-1.jpg\" alt='' title='Emprendamos Chile Chico (1) (1)' height=\"600\" width=\"1018\"  itemprop=\"thumbnailUrl\" srcset=\"https:\/\/radiorevelacionfm.cl\/wp-content\/uploads\/2023\/01\/Emprendamos-Chile-Chico-1-1.jpg 1018w, https:\/\/radiorevelacionfm.cl\/wp-content\/uploads\/2023\/01\/Emprendamos-Chile-Chico-1-1-300x177.jpg 300w, https:\/\/radiorevelacionfm.cl\/wp-content\/uploads\/2023\/01\/Emprendamos-Chile-Chico-1-1-768x453.jpg 768w, https:\/\/radiorevelacionfm.cl\/wp-content\/uploads\/2023\/01\/Emprendamos-Chile-Chico-1-1-705x416.jpg 705w, https:\/\/radiorevelacionfm.cl\/wp-content\/uploads\/2023\/01\/Emprendamos-Chile-Chico-1-1-600x354.jpg 600w\" sizes=\"(max-width: 1018px) 100vw, 1018px\" \/><\/div><\/div><\/div><\/div><div class=\"flex_column av_one_full  flex_column_div av-zero-column-padding first  avia-builder-el-2  el_after_av_one_full  el_before_av_one_full  column-top-margin\" style='border-radius:0px; '><section class=\"av_textblock_section \"  itemscope=\"itemscope\" itemtype=\"https:\/\/schema.org\/BlogPosting\" itemprop=\"blogPost\" ><div class='avia_textblock  '   itemprop=\"text\" ><p style=\"text-align: center;\"><span style=\"font-size: 18pt;\"><strong>67 emprendedores\/as de la comuna Chile Chico potenciaron sus negocios con apoyo del FOSIS<\/strong><\/span><\/p>\n<div id=\"gtx-trans\" style=\"position: absolute; left: -50px; top: 4.31534px;\">\n<div class=\"gtx-trans-icon\"><\/div>\n<\/div>\n<\/div><\/section><\/div><div class=\"flex_column av_one_full  flex_column_div av-zero-column-padding first  avia-builder-el-4  el_after_av_one_full  el_before_av_hr  column-top-margin\" style='border-radius:0px; '><section class=\"av_textblock_section \"  itemscope=\"itemscope\" itemtype=\"https:\/\/schema.org\/BlogPosting\" itemprop=\"blogPost\" ><div class='avia_textblock  '   itemprop=\"text\" ><p style=\"text-align: justify;\">La ceremonia de cierre y certificaci\u00f3n de los programas de emprendimiento financiados por el Fondo de Solidaridad e Inversi\u00f3n Social, FOSIS, se llev\u00f3 a cabo en la Casa de la Cultura del Chile Chico y cont\u00f3 con la participaci\u00f3n de la Seremi de Desarrollo Social y Familia, Karina Acevedo y la Directora Regional del FOSIS, Fernanda Leiva.<\/p>\n<p style=\"text-align: justify;\">Los programas Emprendamos y Emprendamos Semilla tienen la misi\u00f3n de entregar apoyo a personas que desarrollan actividades econ\u00f3micas de manera aut\u00f3noma o personas que se encuentran desocupadas y buscan un trabajo por primera vez, para que puedan generar ingresos a trav\u00e9s de un negocio o servicio, haciendo uso de sus capacidades para mejorar su condici\u00f3n de vida.<\/p>\n<p style=\"text-align: justify;\">Constanza Molina, Emprendedora en el \u00e1rea del dise\u00f1o en Chile Chico, valor\u00f3 positivamente su participaci\u00f3n en el programa y asegur\u00f3 que \u201crescato el hecho de juntarnos como emprendedores de distintas edades y con proyectos en distintos niveles. En los talleres aprendimos a conocer nuestras fortalezas y debilidades, trabajamos juntos para generar una propuesta de nuestros proyectos y ver c\u00f3mo \u00edbamos a invertir el fondo. Soy dise\u00f1adora gr\u00e1fica y estoy comenzando a tatuar, mi proyecto tiene que ver con entregar el servicio de tatuajes personalizados, dise\u00f1ados por m\u00ed, enfocados en la flora y la fauna de la regi\u00f3n.\u201d<\/p>\n<p style=\"text-align: justify;\">Fernanda Leiva, Directora Regional del FOSIS Ays\u00e9n, destac\u00f3 que \u201ces grato para nosotros ver como las emprendedoras y emprendedores que perseveran en sus iniciativas, logran realmente sacarlas adelante, generando recursos y un sustento importante para ellos y sus familias. Como FOSIS, no s\u00f3lo nos interesa entregar herramientas e insumos a nuestros usuarios y usuarias, queremos acompa\u00f1arlos y brindarles todas la capacidades y oportunidades para que el d\u00eda de ma\u00f1ana puedan trabajar de manera asociativa con sus pares, fortalezcan sus habilidades en las ventas y comercio digital, y en definitiva puedan potenciar sus actividades productivas para mejorar su calidad de vida.\u201d<\/p>\n<p style=\"text-align: justify;\">La Seremi de Desarrollo Social y Familia, Karina Acevedo, por su parte recalc\u00f3 que \u201cConversando con ellos podemos constatar que hay un antes y un despu\u00e9s en esta etapa de emprender, desde las diferentes \u00e1reas que aborda el programa Emprendamos y con esto estamos fortaleciendo lo que el presidente Gabriel Boric nos ha pedido, estar en el territorio, dar soluciones adecuadas, precisas y dar herramientas a nuestra gente para que siga avanzando. Con esto damos un impulso al desarrollo de la econom\u00eda familiar, a las habilidades para fortalecer un emprendimiento y tambi\u00e9n, por qu\u00e9 no decirlo, al apoyo dentro del territorio y de la familia.\u201d<\/p>\n<p style=\"text-align: justify;\">Los programas Emprendamos y Emprendamos Semilla, que se ejecutan en la regi\u00f3n de Ays\u00e9n, se encuentran en etapa de cierre y certificaci\u00f3n en todas las comunas donde se ha realizado la intervenci\u00f3n y se espera que para inicios de abril se abran las postulaciones de la oferta 2023.<\/p>\n<\/div><\/section><\/div><div  style='height:50px' class='hr hr-invisible   avia-builder-el-6  el_after_av_one_full  el_before_av_social_share '><span class='hr-inner ' ><span class='hr-inner-style'><\/span><\/span><\/div><\/p>\n<div  class='av-social-sharing-box  avia-builder-el-7  el_after_av_hr  el_before_av_hr  '><div class='av-share-box'><h5 class='av-share-link-description av-no-toc '>Compartir esta noticia<\/h5><ul class='av-share-box-list noLightbox'><li class='av-share-link av-social-link-facebook' ><a target=\"_blank\" aria-label=\"Compartir en Facebook\" href='https:\/\/www.facebook.com\/sharer.php?u=https:\/\/radiorevelacionfm.cl\/?p=26701&#038;t=67%20emprendedores%2Fas%20de%20la%20comuna%20Chile%20Chico%20potenciaron%20sus%20negocios%20con%20apoyo%20del%20FOSIS' aria-hidden='false' data-av_icon='\ue8f3' data-av_iconfont='entypo-fontello' title='' data-avia-related-tooltip='Compartir en Facebook' rel=\"noopener\"><span class='avia_hidden_link_text'>Compartir en Facebook<\/span><\/a><\/li><li class='av-share-link av-social-link-twitter' ><a target=\"_blank\" aria-label=\"Compartir en Twitter\" href='https:\/\/twitter.com\/share?text=67%20emprendedores%2Fas%20de%20la%20comuna%20Chile%20Chico%20potenciaron%20sus%20negocios%20con%20apoyo%20del%20FOSIS&#038;url=https:\/\/radiorevelacionfm.cl\/?p=26701' aria-hidden='false' data-av_icon='\ue8f1' data-av_iconfont='entypo-fontello' title='' data-avia-related-tooltip='Compartir en Twitter' rel=\"noopener\"><span class='avia_hidden_link_text'>Compartir en Twitter<\/span><\/a><\/li><li class='av-share-link av-social-link-whatsapp' ><a target=\"_blank\" aria-label=\"Compartir en Whatsapp\" href='https:\/\/api.whatsapp.com\/send?text=https:\/\/radiorevelacionfm.cl\/?p=26701' aria-hidden='false' data-av_icon='\uf232' data-av_iconfont='entypo-fontello' title='' data-avia-related-tooltip='Compartir en Whatsapp' rel=\"noopener\"><span class='avia_hidden_link_text'>Compartir en Whatsapp<\/span><\/a><\/li><li class='av-share-link av-social-link-linkedin' ><a target=\"_blank\" aria-label=\"Compartir en LinkedIn\" href='https:\/\/linkedin.com\/shareArticle?mini=true&#038;title=67%20emprendedores%2Fas%20de%20la%20comuna%20Chile%20Chico%20potenciaron%20sus%20negocios%20con%20apoyo%20del%20FOSIS&#038;url=https:\/\/radiorevelacionfm.cl\/?p=26701' aria-hidden='false' data-av_icon='\ue8fc' data-av_iconfont='entypo-fontello' title='' data-avia-related-tooltip='Compartir en LinkedIn' rel=\"noopener\"><span class='avia_hidden_link_text'>Compartir en LinkedIn<\/span><\/a><\/li><li class='av-share-link av-social-link-mail' ><a  aria-label=\"Compartir por correo\" href='mailto:?subject=67%20emprendedores%2Fas%20de%20la%20comuna%20Chile%20Chico%20potenciaron%20sus%20negocios%20con%20apoyo%20del%20FOSIS&#038;body=https:\/\/radiorevelacionfm.cl\/?p=26701' aria-hidden='false' data-av_icon='\ue805' data-av_iconfont='entypo-fontello' title='' data-avia-related-tooltip='Compartir por correo'><span class='avia_hidden_link_text'>Compartir por correo<\/span><\/a><\/li><\/ul><\/div><\/div>\n<div  style='height:50px' class='hr hr-invisible   avia-builder-el-8  el_after_av_social_share  el_before_av_comments_list '><span class='hr-inner ' ><span class='hr-inner-style'><\/span><\/span><\/div>\n<div  class='av-buildercomment  av-blog-meta-html-info-disabled av-blog-meta-tag-disabled  '><\/div>\n","protected":false},"excerpt":{"rendered":"","protected":false},"author":1,"featured_media":26702,"comment_status":"open","ping_status":"open","sticky":false,"template":"","format":"standard","meta":{"footnotes":""},"categories":[38],"tags":[],"class_list":["post-26701","post","type-post","status-publish","format-standard","has-post-thumbnail","hentry","category-regional"],"jetpack_featured_media_url":"https:\/\/radiorevelacionfm.cl\/wp-content\/uploads\/2023\/01\/Emprendamos-Chile-Chico-1-1.jpg","_links":{"self":[{"href":"https:\/\/radiorevelacionfm.cl\/index.php?rest_route=\/wp\/v2\/posts\/26701","targetHints":{"allow":["GET"]}}],"collection":[{"href":"https:\/\/radiorevelacionfm.cl\/index.php?rest_route=\/wp\/v2\/posts"}],"about":[{"href":"https:\/\/radiorevelacionfm.cl\/index.php?rest_route=\/wp\/v2\/types\/post"}],"author":[{"embeddable":true,"href":"https:\/\/radiorevelacionfm.cl\/index.php?rest_route=\/wp\/v2\/users\/1"}],"replies":[{"embeddable":true,"href":"https:\/\/radiorevelacionfm.cl\/index.php?rest_route=%2Fwp%2Fv2%2Fcomments&post=26701"}],"version-history":[{"count":2,"href":"https:\/\/radiorevelacionfm.cl\/index.php?rest_route=\/wp\/v2\/posts\/26701\/revisions"}],"predecessor-version":[{"id":26705,"href":"https:\/\/radiorevelacionfm.cl\/index.php?rest_route=\/wp\/v2\/posts\/26701\/revisions\/26705"}],"wp:featuredmedia":[{"embeddable":true,"href":"https:\/\/radiorevelacionfm.cl\/index.php?rest_route=\/wp\/v2\/media\/26702"}],"wp:attachment":[{"href":"https:\/\/radiorevelacionfm.cl\/index.php?rest_route=%2Fwp%2Fv2%2Fmedia&parent=26701"}],"wp:term":[{"taxonomy":"category","embeddable":true,"href":"https:\/\/radiorevelacionfm.cl\/index.php?rest_route=%2Fwp%2Fv2%2Fcategories&post=26701"},{"taxonomy":"post_tag","embeddable":true,"href":"https:\/\/radiorevelacionfm.cl\/index.php?rest_route=%2Fwp%2Fv2%2Ftags&post=26701"}],"curies":[{"name":"wp","href":"https:\/\/api.w.org\/{rel}","templated":true}]}}