{"id":26696,"date":"2023-01-17T12:16:33","date_gmt":"2023-01-17T15:16:33","guid":{"rendered":"https:\/\/radiorevelacionfm.cl\/?p=26696"},"modified":"2023-01-17T12:16:33","modified_gmt":"2023-01-17T15:16:33","slug":"abren-postulaciones-a-la-version-2023-del-programa-mujeres-jefas-de-hogar","status":"publish","type":"post","link":"https:\/\/radiorevelacionfm.cl\/?p=26696","title":{"rendered":"Abren postulaciones a la versi\u00f3n 2023 del programa Mujeres Jefas de Hogar"},"content":{"rendered":"<div class=\"flex_column av_one_full  flex_column_div av-zero-column-padding first  avia-builder-el-0  el_before_av_one_full  avia-builder-el-first  \" style='border-radius:0px; '><div  class='avia-image-container  av-styling-    avia-builder-el-1  avia-builder-el-no-sibling  avia-align-center '  itemprop=\"image\" itemscope=\"itemscope\" itemtype=\"https:\/\/schema.org\/ImageObject\"  ><div class='avia-image-container-inner'><div class='avia-image-overlay-wrap'><img decoding=\"async\" class='wp-image-26698 avia-img-lazy-loading-not-26698 avia_image' src=\"https:\/\/radiorevelacionfm.cl\/wp-content\/uploads\/2023\/01\/DSC00753-1-1.jpg\" alt='' title='DSC00753 (1) (1)' height=\"600\" width=\"898\"  itemprop=\"thumbnailUrl\" srcset=\"https:\/\/radiorevelacionfm.cl\/wp-content\/uploads\/2023\/01\/DSC00753-1-1.jpg 898w, https:\/\/radiorevelacionfm.cl\/wp-content\/uploads\/2023\/01\/DSC00753-1-1-300x200.jpg 300w, https:\/\/radiorevelacionfm.cl\/wp-content\/uploads\/2023\/01\/DSC00753-1-1-768x513.jpg 768w, https:\/\/radiorevelacionfm.cl\/wp-content\/uploads\/2023\/01\/DSC00753-1-1-705x471.jpg 705w, https:\/\/radiorevelacionfm.cl\/wp-content\/uploads\/2023\/01\/DSC00753-1-1-600x401.jpg 600w\" sizes=\"(max-width: 898px) 100vw, 898px\" \/><\/div><\/div><\/div><\/div><div class=\"flex_column av_one_full  flex_column_div av-zero-column-padding first  avia-builder-el-2  el_after_av_one_full  el_before_av_one_full  column-top-margin\" style='border-radius:0px; '><section class=\"av_textblock_section \"  itemscope=\"itemscope\" itemtype=\"https:\/\/schema.org\/BlogPosting\" itemprop=\"blogPost\" ><div class='avia_textblock  '   itemprop=\"text\" ><p style=\"text-align: center;\"><strong><span style=\"font-size: 18pt;\">Abren postulaciones a la versi\u00f3n 2023 del programa Mujeres Jefas de Hogar<\/span><\/strong><\/p>\n<div id=\"gtx-trans\" style=\"position: absolute; left: -50px; top: 4.31534px;\">\n<div class=\"gtx-trans-icon\"><\/div>\n<\/div>\n<\/div><\/section><\/div><div class=\"flex_column av_one_full  flex_column_div av-zero-column-padding first  avia-builder-el-4  el_after_av_one_full  el_before_av_hr  column-top-margin\" style='border-radius:0px; '><section class=\"av_textblock_section \"  itemscope=\"itemscope\" itemtype=\"https:\/\/schema.org\/BlogPosting\" itemprop=\"blogPost\" ><div class='avia_textblock  '   itemprop=\"text\" ><p style=\"text-align: justify;\">Es una de las instancias de capacitaci\u00f3n y formaci\u00f3n m\u00e1s reconocidas y de mayor convocatoria del Servicio Nacional de la Mujer y la Equidad de G\u00e9nero (SernamEG). El programa Mujeres Jefas de Hogar abri\u00f3 sus postulaciones de Arica a Magallanes, con el objetivo de seguir fortaleciendo la autonom\u00eda econ\u00f3mica de la diversidad de mujeres.<\/p>\n<p style=\"text-align: justify;\">En Chile, m\u00e1s del 40% de los hogares tiene a una mujer como jefa de hogar. Una cifra que revel\u00f3 el \u00faltimo censo y que seguramente ha ido en aumento con el paso del tiempo. Sin embargo, la pandemia afect\u00f3 la participaci\u00f3n laboral de las mujeres, lo cual refuerza el compromiso del SernamEG en su misi\u00f3n de fomentar la autonom\u00eda econ\u00f3mica de las mujeres.<\/p>\n<p style=\"text-align: justify;\">\u201cPara nosotras es de suma prioridad fomentar todas las autonom\u00edas de las mujeres, entre ellas su capacidad de empleabilidad, de poder formar un negocio, para fortalecer su independencia. Somos conscientes de que las brechas de g\u00e9nero en materia laboral nos siguen perjudicando, pese a que somos m\u00e1s de la mitad de la poblaci\u00f3n del pa\u00eds y del mundo. Por eso, y a trav\u00e9s del programa Jefas de Hogar, nuestro compromiso es fortalecer la fuerza laboral femenina y aportar a disminuir y eliminar las desigualdades que a\u00fan persisten en nuestra sociedad\u201d, afirm\u00f3 Priscilla Carrasco Pizarro, Directora Nacional del SernamEG.<\/p>\n<p style=\"text-align: justify;\">El programa Mujeres Jefas de Hogar tiene como meta capacitar a m\u00e1s de 25 mil mujeres en formaci\u00f3n de un proyecto y tambi\u00e9n potenciar las habilidades personales para aumentar la empleabilidad. Su cobertura estimada para este a\u00f1o supera los 25 mil cupos y se desarrollar\u00e1 de manera presencial o virtual, dependiendo los requerimientos y condiciones de la autoridad sanitaria.<\/p>\n<p style=\"text-align: justify;\">Por su parte, la Directora Regional (S) de SernamEG Ays\u00e9n, Carla Arriagada Malague\u00f1o, sostuvo que \u201cel trabajo coordinado con la Municipalidad de Ays\u00e9n, ha permitido que este modelo program\u00e1tico est\u00e9 presente en el territorio por m\u00e1s de 20 a\u00f1os; el que se ha fortalecido gracias a la gesti\u00f3n del Alcalde, Julio Uribe Alvarado y su equipo. Por ello hacemos un llamado a las mujeres de Puerto Ays\u00e9n y Puerto Chacabuco a que postulen al programa Mujeres Jefas de Hogar; para ello deben acercarse hasta el edificio de la DIDECO en Puerto Ays\u00e9n, teniendo plazo para ello, hasta el viernes 03 de marzo\u201d.<\/p>\n<p style=\"text-align: justify;\">Las postulaciones se abrieron este viernes 13 de enero y los requisitos son:<\/p>\n<ul style=\"text-align: justify;\">\n<li>Ser mujer jefa de hogar o n\u00facleo.<\/li>\n<li>Ser econ\u00f3micamente activa.<\/li>\n<li>Tener entre 18 y 65 a\u00f1os de edad.<\/li>\n<li>Pertenecer al 60% de la Clasificaci\u00f3n Socioecon\u00f3mica del Registro Social de Hogares. Para quienes no est\u00e9n inscritas en este registro, se considerar\u00e1n los quintiles I, II y III.<\/li>\n<li>Vivir o trabajar en la comuna donde se implementa el programa.<\/li>\n<li>No haber sido participante del programa en los \u00faltimos 3 a\u00f1os.<\/li>\n<\/ul>\n<p style=\"text-align: justify;\">Las interesadas que viven en Puerto Ays\u00e9n y Puerto Chacabuco, deben postular en la oficina del programa Mujeres Jefas de Hogar ubicada en las dependencias de la Direcci\u00f3n de Desarrollo Comunitario, calle Teniente Merino N\u00b0630 Puerto Ays\u00e9n, de lunes a viernes de 8:30 a 13:00 horas y de 14:30 a 16:30 horas; el plazo de postulaci\u00f3n en la comuna de Ays\u00e9n finaliza el viernes 03 de marzo.<\/p>\n<\/div><\/section><\/div><div  style='height:50px' class='hr hr-invisible   avia-builder-el-6  el_after_av_one_full  el_before_av_social_share '><span class='hr-inner ' ><span class='hr-inner-style'><\/span><\/span><\/div><\/p>\n<div  class='av-social-sharing-box  avia-builder-el-7  el_after_av_hr  el_before_av_hr  '><div class='av-share-box'><h5 class='av-share-link-description av-no-toc '>Compartir esta noticia<\/h5><ul class='av-share-box-list noLightbox'><li class='av-share-link av-social-link-facebook' ><a target=\"_blank\" aria-label=\"Compartir en Facebook\" href='https:\/\/www.facebook.com\/sharer.php?u=https:\/\/radiorevelacionfm.cl\/?p=26696&#038;t=Abren%20postulaciones%20a%20la%20versi%C3%B3n%202023%20del%20programa%20Mujeres%20Jefas%20de%20Hogar' aria-hidden='false' data-av_icon='\ue8f3' data-av_iconfont='entypo-fontello' title='' data-avia-related-tooltip='Compartir en Facebook' rel=\"noopener\"><span class='avia_hidden_link_text'>Compartir en Facebook<\/span><\/a><\/li><li class='av-share-link av-social-link-twitter' ><a target=\"_blank\" aria-label=\"Compartir en Twitter\" href='https:\/\/twitter.com\/share?text=Abren%20postulaciones%20a%20la%20versi%C3%B3n%202023%20del%20programa%20Mujeres%20Jefas%20de%20Hogar&#038;url=https:\/\/radiorevelacionfm.cl\/?p=26696' aria-hidden='false' data-av_icon='\ue8f1' data-av_iconfont='entypo-fontello' title='' data-avia-related-tooltip='Compartir en Twitter' rel=\"noopener\"><span class='avia_hidden_link_text'>Compartir en Twitter<\/span><\/a><\/li><li class='av-share-link av-social-link-whatsapp' ><a target=\"_blank\" aria-label=\"Compartir en Whatsapp\" href='https:\/\/api.whatsapp.com\/send?text=https:\/\/radiorevelacionfm.cl\/?p=26696' aria-hidden='false' data-av_icon='\uf232' data-av_iconfont='entypo-fontello' title='' data-avia-related-tooltip='Compartir en Whatsapp' rel=\"noopener\"><span class='avia_hidden_link_text'>Compartir en Whatsapp<\/span><\/a><\/li><li class='av-share-link av-social-link-linkedin' ><a target=\"_blank\" aria-label=\"Compartir en LinkedIn\" href='https:\/\/linkedin.com\/shareArticle?mini=true&#038;title=Abren%20postulaciones%20a%20la%20versi%C3%B3n%202023%20del%20programa%20Mujeres%20Jefas%20de%20Hogar&#038;url=https:\/\/radiorevelacionfm.cl\/?p=26696' aria-hidden='false' data-av_icon='\ue8fc' data-av_iconfont='entypo-fontello' title='' data-avia-related-tooltip='Compartir en LinkedIn' rel=\"noopener\"><span class='avia_hidden_link_text'>Compartir en LinkedIn<\/span><\/a><\/li><li class='av-share-link av-social-link-mail' ><a  aria-label=\"Compartir por correo\" href='mailto:?subject=Abren%20postulaciones%20a%20la%20versi%C3%B3n%202023%20del%20programa%20Mujeres%20Jefas%20de%20Hogar&#038;body=https:\/\/radiorevelacionfm.cl\/?p=26696' aria-hidden='false' data-av_icon='\ue805' data-av_iconfont='entypo-fontello' title='' data-avia-related-tooltip='Compartir por correo'><span class='avia_hidden_link_text'>Compartir por correo<\/span><\/a><\/li><\/ul><\/div><\/div>\n<div  style='height:50px' class='hr hr-invisible   avia-builder-el-8  el_after_av_social_share  el_before_av_comments_list '><span class='hr-inner ' ><span class='hr-inner-style'><\/span><\/span><\/div>\n<div  class='av-buildercomment  av-blog-meta-html-info-disabled av-blog-meta-tag-disabled  '><\/div>\n","protected":false},"excerpt":{"rendered":"","protected":false},"author":1,"featured_media":26698,"comment_status":"open","ping_status":"open","sticky":false,"template":"","format":"standard","meta":{"footnotes":""},"categories":[38],"tags":[],"class_list":["post-26696","post","type-post","status-publish","format-standard","has-post-thumbnail","hentry","category-regional"],"jetpack_featured_media_url":"https:\/\/radiorevelacionfm.cl\/wp-content\/uploads\/2023\/01\/DSC00753-1-1.jpg","_links":{"self":[{"href":"https:\/\/radiorevelacionfm.cl\/index.php?rest_route=\/wp\/v2\/posts\/26696","targetHints":{"allow":["GET"]}}],"collection":[{"href":"https:\/\/radiorevelacionfm.cl\/index.php?rest_route=\/wp\/v2\/posts"}],"about":[{"href":"https:\/\/radiorevelacionfm.cl\/index.php?rest_route=\/wp\/v2\/types\/post"}],"author":[{"embeddable":true,"href":"https:\/\/radiorevelacionfm.cl\/index.php?rest_route=\/wp\/v2\/users\/1"}],"replies":[{"embeddable":true,"href":"https:\/\/radiorevelacionfm.cl\/index.php?rest_route=%2Fwp%2Fv2%2Fcomments&post=26696"}],"version-history":[{"count":2,"href":"https:\/\/radiorevelacionfm.cl\/index.php?rest_route=\/wp\/v2\/posts\/26696\/revisions"}],"predecessor-version":[{"id":26700,"href":"https:\/\/radiorevelacionfm.cl\/index.php?rest_route=\/wp\/v2\/posts\/26696\/revisions\/26700"}],"wp:featuredmedia":[{"embeddable":true,"href":"https:\/\/radiorevelacionfm.cl\/index.php?rest_route=\/wp\/v2\/media\/26698"}],"wp:attachment":[{"href":"https:\/\/radiorevelacionfm.cl\/index.php?rest_route=%2Fwp%2Fv2%2Fmedia&parent=26696"}],"wp:term":[{"taxonomy":"category","embeddable":true,"href":"https:\/\/radiorevelacionfm.cl\/index.php?rest_route=%2Fwp%2Fv2%2Fcategories&post=26696"},{"taxonomy":"post_tag","embeddable":true,"href":"https:\/\/radiorevelacionfm.cl\/index.php?rest_route=%2Fwp%2Fv2%2Ftags&post=26696"}],"curies":[{"name":"wp","href":"https:\/\/api.w.org\/{rel}","templated":true}]}}