{"id":26694,"date":"2023-01-21T11:47:30","date_gmt":"2023-01-21T14:47:30","guid":{"rendered":"https:\/\/radiorevelacionfm.cl\/?p=26694"},"modified":"2023-01-21T11:47:30","modified_gmt":"2023-01-21T14:47:30","slug":"fondo-de-las-artes-escenicas-2023-financiara-321-proyectos-por-4-061-millones","status":"publish","type":"post","link":"https:\/\/radiorevelacionfm.cl\/?p=26694","title":{"rendered":"Fondo de las Artes Esc\u00e9nicas 2023 financiar\u00e1 321 proyectos por $4.061 millones"},"content":{"rendered":"<div class=\"flex_column av_one_full  flex_column_div av-zero-column-padding first  avia-builder-el-0  el_before_av_one_full  avia-builder-el-first  \" style='border-radius:0px; '><div  class='avia-image-container  av-styling-    avia-builder-el-1  avia-builder-el-no-sibling  avia-align-center '  itemprop=\"image\" itemscope=\"itemscope\" itemtype=\"https:\/\/schema.org\/ImageObject\"  ><div class='avia-image-container-inner'><div class='avia-image-overlay-wrap'><img decoding=\"async\" class='wp-image-20948 avia-img-lazy-loading-not-20948 avia_image' src=\"https:\/\/radiorevelacionfm.cl\/wp-content\/uploads\/2022\/08\/gala-danza-0017-1_optimized.jpg\" alt='' title='gala-danza-0017-(1)_optimized' height=\"600\" width=\"900\"  itemprop=\"thumbnailUrl\" srcset=\"https:\/\/radiorevelacionfm.cl\/wp-content\/uploads\/2022\/08\/gala-danza-0017-1_optimized.jpg 900w, https:\/\/radiorevelacionfm.cl\/wp-content\/uploads\/2022\/08\/gala-danza-0017-1_optimized-300x200.jpg 300w, https:\/\/radiorevelacionfm.cl\/wp-content\/uploads\/2022\/08\/gala-danza-0017-1_optimized-768x512.jpg 768w, https:\/\/radiorevelacionfm.cl\/wp-content\/uploads\/2022\/08\/gala-danza-0017-1_optimized-705x470.jpg 705w, https:\/\/radiorevelacionfm.cl\/wp-content\/uploads\/2022\/08\/gala-danza-0017-1_optimized-600x400.jpg 600w\" sizes=\"(max-width: 900px) 100vw, 900px\" \/><\/div><\/div><\/div><\/div><div class=\"flex_column av_one_full  flex_column_div av-zero-column-padding first  avia-builder-el-2  el_after_av_one_full  el_before_av_one_full  column-top-margin\" style='border-radius:0px; '><section class=\"av_textblock_section \"  itemscope=\"itemscope\" itemtype=\"https:\/\/schema.org\/BlogPosting\" itemprop=\"blogPost\" ><div class='avia_textblock  '   itemprop=\"text\" ><p style=\"text-align: center;\"><strong><span style=\"font-size: 18pt;\">Fondo de las Artes Esc\u00e9nicas 2023 financiar\u00e1 321 proyectos por $4.061 millones<\/span><\/strong><\/p>\n<div id=\"gtx-trans\" style=\"position: absolute; left: -50px; top: 4.31534px;\">\n<div class=\"gtx-trans-icon\"><\/div>\n<\/div>\n<\/div><\/section><\/div><div class=\"flex_column av_one_full  flex_column_div av-zero-column-padding first  avia-builder-el-4  el_after_av_one_full  el_before_av_hr  column-top-margin\" style='border-radius:0px; '><section class=\"av_textblock_section \"  itemscope=\"itemscope\" itemtype=\"https:\/\/schema.org\/BlogPosting\" itemprop=\"blogPost\" ><div class='avia_textblock  '   itemprop=\"text\" ><p style=\"text-align: justify;\">En su primera convocatoria trabajada en conjunto con el Consejo Nacional de Artes Esc\u00e9nicas, el Fondo de las Artes Esc\u00e9nicas 2023 entregar\u00e1 un total de $4.061 millones ($4.061.460.425) a 321 proyectos de todas las regiones del pa\u00eds.<\/p>\n<p style=\"text-align: justify;\">Este lunes 16 de enero, el Ministerio de las Culturas, las Artes y el Patrimonio anunci\u00f3 nueve l\u00edneas que seleccionaron 291 iniciativas con m\u00e1s de $3.108 millones. \u00c9stas son: Circulaci\u00f3n Nacional; Creaci\u00f3n Esc\u00e9nica; Creaci\u00f3n y Producci\u00f3n de Montajes Esc\u00e9nicos; Difusi\u00f3n Digital; Equipamiento y Adecuaci\u00f3n de Espacios Esc\u00e9nicos; Investigaci\u00f3n; Producci\u00f3n Esc\u00e9nica; Programas Formativos; y Becas Chile Crea.<\/p>\n<p style=\"text-align: justify;\">Los resultados se suman a la l\u00ednea de Festivales y Encuentros dada a conocer el 20 de diciembre de 2022 ($954 millones para 30 proyectos), completando as\u00ed las 10 l\u00edneas de la convocatoria.<\/p>\n<p style=\"text-align: justify;\">\u201cEste trabajo conjunto con el Consejo Nacional de Artes Esc\u00e9nicas prioriz\u00f3 criterios de selecci\u00f3n que potencien la reactivaci\u00f3n inclusiva del sector y la equidad territorial, que son los ejes que han primado en cada una de las entregas que hemos realizado y que seguiremos anunciando hasta findes de enero. Todo esto para afianzar nuestro compromiso con las trabajadoras y trabajadores del sector cultural y el desarrollo de los territorios\u201d, dice la ministra de las Culturas, Julieta Brodsky Hern\u00e1ndez.<\/p>\n<p style=\"text-align: justify;\">Los resultados muestran que $2.347 millones ($2.347.896.273) fueron asignados a iniciativas de regiones distintas a la Metropolitana, lo que representa un 57,8% del total de los recursos de la convocatoria. En relaci\u00f3n a los proyectos seleccionados, 185 fueron iniciativas de regiones distintas a la Metropolitana, equivalentes al 57,6%.<\/p>\n<p style=\"text-align: justify;\">Los proyectos seleccionados est\u00e1n conformados y apoyar\u00e1n a m\u00e1s de 1.600 trabajadores y trabajadoras del sector de las artes esc\u00e9nicas. Un 55,1% de los equipos de trabajo est\u00e1n conformados por mujeres, mientras que los hombres corresponden al 44,9%.<\/p>\n<p style=\"text-align: justify;\">Asimismo, en esta convocatoria se integr\u00f3 por primera vez la posibilidad de financiar las labores del cuidado en los proyectos postulados a la l\u00ednea de Becas Chile Crea, de esta manera, el 19% de los proyectos seleccionados solicitaron financiamiento para estos gastos que buscan conciliar la ejecuci\u00f3n de los proyectos postulados por madres, padres y cuidadores(as) con la protecci\u00f3n de la infancia.<\/p>\n<p style=\"text-align: justify;\"><strong>PROYECTOS DESTACADOS<\/strong><\/p>\n<p style=\"text-align: justify;\">Entre los proyectos destacados est\u00e1 el \u201cPlan formativo de trabajo en altura seguro para trabajadores circenses de la Regi\u00f3n de O\u00b4Higgins y Maule\u201d, de Grupo Juvenil Quetralmahue; \u201cCascanueces desde la ruralidad del Sur\u00bb, de la Corporaci\u00f3n de Adelanto Comuna de Panguipulli, de la Regi\u00f3n de los R\u00edos; y \u201cBasti\u00e1n y Bastiana, una \u00f3pera m\u00e1gica en la isla de Chilo\u00e9\u201d, de Irene Ya\u00f1ez Torres, de la Regi\u00f3n de Valpara\u00edso.<\/p>\n<p style=\"text-align: justify;\">En la L\u00ednea de Investigaci\u00f3n, modalidad Investigaci\u00f3n Te\u00f3rica, algunos de los beneficiados son \u201cCondicionantes a la participaci\u00f3n laboral femenina en el sector de las artes esc\u00e9nicas\u201d, de Sof\u00eda Lobos Araya; y \u201cEnrique Venturino y el coliseo circense de Chile\u201d, de Gustavo Caprario Gonz\u00e1lez. En la modalidad de Archivos Esc\u00e9nicos, el proyecto \u201cCr\u00f3nicas visuales circenses\u201d, de la Fundaci\u00f3n de Circo Nacional Chileno; y \u201cDigitalizaci\u00f3n, conservaci\u00f3n y puesta en valor del material fotogr\u00e1fico de artes esc\u00e9nicas del Teatro Municipal de Santiago\u201d, de la Corporaci\u00f3n Cultural de la Ilustre Municipalidad de Santiago.<\/p>\n<p style=\"text-align: justify;\">M\u00e1s informaci\u00f3n y listado de ganadores en <a href=\"https:\/\/www.fondosdecultura.cl\/resultados\/\">https:\/\/www.fondosdecultura.cl\/resultados\/<\/a>.<\/p>\n<p style=\"text-align: justify;\">La entrega de los Fondos Cultura 2023 contin\u00faa este martes 17 con Libro; viernes 20, Fondart Nacional y Regional y el 27 de enero se dar\u00e1 a conocer la fecha del Fondo Audiovisual.<\/p>\n<\/div><\/section><\/div><div  style='height:50px' class='hr hr-invisible   avia-builder-el-6  el_after_av_one_full  el_before_av_social_share '><span class='hr-inner ' ><span class='hr-inner-style'><\/span><\/span><\/div><\/p>\n<div  class='av-social-sharing-box  avia-builder-el-7  el_after_av_hr  el_before_av_hr  '><div class='av-share-box'><h5 class='av-share-link-description av-no-toc '>Compartir esta noticia<\/h5><ul class='av-share-box-list noLightbox'><li class='av-share-link av-social-link-facebook' ><a target=\"_blank\" aria-label=\"Compartir en Facebook\" href='https:\/\/www.facebook.com\/sharer.php?u=https:\/\/radiorevelacionfm.cl\/?p=26694&#038;t=Fondo%20de%20las%20Artes%20Esc%C3%A9nicas%202023%20financiar%C3%A1%20321%20proyectos%20por%20%244.061%20millones' aria-hidden='false' data-av_icon='\ue8f3' data-av_iconfont='entypo-fontello' title='' data-avia-related-tooltip='Compartir en Facebook' rel=\"noopener\"><span class='avia_hidden_link_text'>Compartir en Facebook<\/span><\/a><\/li><li class='av-share-link av-social-link-twitter' ><a target=\"_blank\" aria-label=\"Compartir en Twitter\" href='https:\/\/twitter.com\/share?text=Fondo%20de%20las%20Artes%20Esc%C3%A9nicas%202023%20financiar%C3%A1%20321%20proyectos%20por%20%244.061%20millones&#038;url=https:\/\/radiorevelacionfm.cl\/?p=26694' aria-hidden='false' data-av_icon='\ue8f1' data-av_iconfont='entypo-fontello' title='' data-avia-related-tooltip='Compartir en Twitter' rel=\"noopener\"><span class='avia_hidden_link_text'>Compartir en Twitter<\/span><\/a><\/li><li class='av-share-link av-social-link-whatsapp' ><a target=\"_blank\" aria-label=\"Compartir en Whatsapp\" href='https:\/\/api.whatsapp.com\/send?text=https:\/\/radiorevelacionfm.cl\/?p=26694' aria-hidden='false' data-av_icon='\uf232' data-av_iconfont='entypo-fontello' title='' data-avia-related-tooltip='Compartir en Whatsapp' rel=\"noopener\"><span class='avia_hidden_link_text'>Compartir en Whatsapp<\/span><\/a><\/li><li class='av-share-link av-social-link-linkedin' ><a target=\"_blank\" aria-label=\"Compartir en LinkedIn\" href='https:\/\/linkedin.com\/shareArticle?mini=true&#038;title=Fondo%20de%20las%20Artes%20Esc%C3%A9nicas%202023%20financiar%C3%A1%20321%20proyectos%20por%20%244.061%20millones&#038;url=https:\/\/radiorevelacionfm.cl\/?p=26694' aria-hidden='false' data-av_icon='\ue8fc' data-av_iconfont='entypo-fontello' title='' data-avia-related-tooltip='Compartir en LinkedIn' rel=\"noopener\"><span class='avia_hidden_link_text'>Compartir en LinkedIn<\/span><\/a><\/li><li class='av-share-link av-social-link-mail' ><a  aria-label=\"Compartir por correo\" href='mailto:?subject=Fondo%20de%20las%20Artes%20Esc%C3%A9nicas%202023%20financiar%C3%A1%20321%20proyectos%20por%20%244.061%20millones&#038;body=https:\/\/radiorevelacionfm.cl\/?p=26694' aria-hidden='false' data-av_icon='\ue805' data-av_iconfont='entypo-fontello' title='' data-avia-related-tooltip='Compartir por correo'><span class='avia_hidden_link_text'>Compartir por correo<\/span><\/a><\/li><\/ul><\/div><\/div>\n<div  style='height:50px' class='hr hr-invisible   avia-builder-el-8  el_after_av_social_share  el_before_av_comments_list '><span class='hr-inner ' ><span class='hr-inner-style'><\/span><\/span><\/div>\n<div  class='av-buildercomment  av-blog-meta-html-info-disabled av-blog-meta-tag-disabled  '><\/div>\n","protected":false},"excerpt":{"rendered":"","protected":false},"author":1,"featured_media":20948,"comment_status":"open","ping_status":"open","sticky":false,"template":"","format":"standard","meta":{"footnotes":""},"categories":[52],"tags":[],"class_list":["post-26694","post","type-post","status-publish","format-standard","has-post-thumbnail","hentry","category-cultura"],"jetpack_featured_media_url":"https:\/\/radiorevelacionfm.cl\/wp-content\/uploads\/2022\/08\/gala-danza-0017-1_optimized.jpg","_links":{"self":[{"href":"https:\/\/radiorevelacionfm.cl\/index.php?rest_route=\/wp\/v2\/posts\/26694","targetHints":{"allow":["GET"]}}],"collection":[{"href":"https:\/\/radiorevelacionfm.cl\/index.php?rest_route=\/wp\/v2\/posts"}],"about":[{"href":"https:\/\/radiorevelacionfm.cl\/index.php?rest_route=\/wp\/v2\/types\/post"}],"author":[{"embeddable":true,"href":"https:\/\/radiorevelacionfm.cl\/index.php?rest_route=\/wp\/v2\/users\/1"}],"replies":[{"embeddable":true,"href":"https:\/\/radiorevelacionfm.cl\/index.php?rest_route=%2Fwp%2Fv2%2Fcomments&post=26694"}],"version-history":[{"count":2,"href":"https:\/\/radiorevelacionfm.cl\/index.php?rest_route=\/wp\/v2\/posts\/26694\/revisions"}],"predecessor-version":[{"id":26908,"href":"https:\/\/radiorevelacionfm.cl\/index.php?rest_route=\/wp\/v2\/posts\/26694\/revisions\/26908"}],"wp:featuredmedia":[{"embeddable":true,"href":"https:\/\/radiorevelacionfm.cl\/index.php?rest_route=\/wp\/v2\/media\/20948"}],"wp:attachment":[{"href":"https:\/\/radiorevelacionfm.cl\/index.php?rest_route=%2Fwp%2Fv2%2Fmedia&parent=26694"}],"wp:term":[{"taxonomy":"category","embeddable":true,"href":"https:\/\/radiorevelacionfm.cl\/index.php?rest_route=%2Fwp%2Fv2%2Fcategories&post=26694"},{"taxonomy":"post_tag","embeddable":true,"href":"https:\/\/radiorevelacionfm.cl\/index.php?rest_route=%2Fwp%2Fv2%2Ftags&post=26694"}],"curies":[{"name":"wp","href":"https:\/\/api.w.org\/{rel}","templated":true}]}}