{"id":26690,"date":"2023-01-17T11:56:46","date_gmt":"2023-01-17T14:56:46","guid":{"rendered":"https:\/\/radiorevelacionfm.cl\/?p=26690"},"modified":"2023-01-17T11:56:46","modified_gmt":"2023-01-17T14:56:46","slug":"hospital-de-chile-chico-cuenta-con-nueva-ambulancia-para-atender-demanda-de-la-cuenca-del-lago-chelenko","status":"publish","type":"post","link":"https:\/\/radiorevelacionfm.cl\/?p=26690","title":{"rendered":"Hospital de Chile Chico cuenta con nueva ambulancia para atender demanda de la cuenca del lago Chelenko"},"content":{"rendered":"<div class=\"flex_column av_one_full  flex_column_div av-zero-column-padding first  avia-builder-el-0  el_before_av_one_full  avia-builder-el-first  \" style='border-radius:0px; '><div  class='avia-image-container  av-styling-    avia-builder-el-1  avia-builder-el-no-sibling  avia-align-center '  itemprop=\"image\" itemscope=\"itemscope\" itemtype=\"https:\/\/schema.org\/ImageObject\"  ><div class='avia-image-container-inner'><div class='avia-image-overlay-wrap'><img decoding=\"async\" class='wp-image-26691 avia-img-lazy-loading-not-26691 avia_image' src=\"https:\/\/radiorevelacionfm.cl\/wp-content\/uploads\/2023\/01\/ENTREGA-AMBULANCIA-CHILE-CHICO-8-1-1.jpeg\" alt='' title='ENTREGA AMBULANCIA CHILE CHICO (8) (1) (1)' height=\"600\" width=\"900\"  itemprop=\"thumbnailUrl\" srcset=\"https:\/\/radiorevelacionfm.cl\/wp-content\/uploads\/2023\/01\/ENTREGA-AMBULANCIA-CHILE-CHICO-8-1-1.jpeg 900w, https:\/\/radiorevelacionfm.cl\/wp-content\/uploads\/2023\/01\/ENTREGA-AMBULANCIA-CHILE-CHICO-8-1-1-300x200.jpeg 300w, https:\/\/radiorevelacionfm.cl\/wp-content\/uploads\/2023\/01\/ENTREGA-AMBULANCIA-CHILE-CHICO-8-1-1-768x512.jpeg 768w, https:\/\/radiorevelacionfm.cl\/wp-content\/uploads\/2023\/01\/ENTREGA-AMBULANCIA-CHILE-CHICO-8-1-1-705x470.jpeg 705w, https:\/\/radiorevelacionfm.cl\/wp-content\/uploads\/2023\/01\/ENTREGA-AMBULANCIA-CHILE-CHICO-8-1-1-600x400.jpeg 600w\" sizes=\"(max-width: 900px) 100vw, 900px\" \/><\/div><\/div><\/div><\/div><div class=\"flex_column av_one_full  flex_column_div av-zero-column-padding first  avia-builder-el-2  el_after_av_one_full  el_before_av_one_full  column-top-margin\" style='border-radius:0px; '><section class=\"av_textblock_section \"  itemscope=\"itemscope\" itemtype=\"https:\/\/schema.org\/BlogPosting\" itemprop=\"blogPost\" ><div class='avia_textblock  '   itemprop=\"text\" ><p style=\"text-align: center;\"><strong><span style=\"font-size: 18pt;\">Hospital de Chile Chico cuenta con nueva ambulancia para atender demanda de la cuenca del lago Chelenko<\/span><\/strong><\/p>\n<div id=\"gtx-trans\" style=\"position: absolute; left: -50px; top: 4.31534px;\">\n<div class=\"gtx-trans-icon\"><\/div>\n<\/div>\n<\/div><\/section><\/div><div class=\"flex_column av_one_full  flex_column_div av-zero-column-padding first  avia-builder-el-4  el_after_av_one_full  el_before_av_hr  column-top-margin\" style='border-radius:0px; '><section class=\"av_textblock_section \"  itemscope=\"itemscope\" itemtype=\"https:\/\/schema.org\/BlogPosting\" itemprop=\"blogPost\" ><div class='avia_textblock  '   itemprop=\"text\" ><p style=\"font-weight: 400; text-align: justify;\">Un nuevo m\u00f3vil de emergencia tiene el Hospital Dr. Leopoldo Ortega de Chile Chico, luego que en el centro de salud recibiera una nueva ambulancia, durante la ceremonia donde estuvieron presentes diversas autoridades regionales y locales.<\/p>\n<p style=\"font-weight: 400; text-align: justify;\">La secretaria del Consejo Consultivo de Salud, Cecilia Ordo\u00f1ez Lemus, lleg\u00f3 hasta el lugar para participar de la actividad y ver la adquisici\u00f3n, donde destac\u00f3 la relevancia del medio de transporte adquirido. \u201c\u00bfQu\u00e9 significa para nosotros como comunidad? Un gran avance, pues una ambulancia era muy poco para nosotros por la calidad de los caminos y si hab\u00eda un accidente en carretera o en las rutas de la comuna, qued\u00e1bamos sin una ambulancia para atender cualquier emergencia de la comunidad\u201d, expres\u00f3.<\/p>\n<p style=\"font-weight: 400; text-align: justify;\">El nuevo m\u00f3vil cuenta con camilla retr\u00e1ctil con anclaje de seguridad, camillas auxiliares con kit de tablas espinales, silla de ruedas plegables, sistema de ox\u00edgeno port\u00e1til, bomba de aspiraci\u00f3n port\u00e1til, portasuero, Kit de inmovilizadores y de resucitadores (Adulto, Pedi\u00e1trico y Neonatal), Fonendoscopio, entre otro equipamiento sanitario.<\/p>\n<p style=\"font-weight: 400; text-align: justify;\">Como acto simb\u00f3lico la Gobernadora Regional, Andrea Mac\u00edas Palma, entreg\u00f3 las llaves al chofer del veh\u00edculo, Juan Pinto Dur\u00e1n. \u201cEsta es una reposici\u00f3n que es parte del convenio de programaci\u00f3n que tenemos con el sector salud, donde el Gobierno Regional est\u00e1 apoyando fuertemente, por una parte, todo lo que tiene que ver con infraestructura de APS, pero tambi\u00e9n con la reposici\u00f3n de las ambulancias\u201d, acot\u00f3.<\/p>\n<p style=\"font-weight: 400; text-align: justify;\">La adquisici\u00f3n de este veh\u00edculo, equipado con elementos que facilitar\u00e1n el trabajo de las y los funcionarios dedicados a la respuesta ante emergencias, se enmarca en un programa mayor de renovaci\u00f3n de ambulancias que actualmente planifica el Servicio de Salud Ays\u00e9n con la colaboraci\u00f3n del Gobierno Regional.<\/p>\n<p style=\"font-weight: 400; text-align: justify;\">\u201cQuiero agradecer el apoyo del Gobierno Regional, porque con coordinaci\u00f3n nos permite adquirir este veh\u00edculo que era muy importante para el Hospital. Este no es un esfuerzo aislado, se adquirieron dos ambulancias con fondos sectoriales en 2022, esta es la tercera con recursos del FNDR, y proyectamos adquirir 19 ambulancia m\u00e1s este a\u00f1o y el a\u00f1o siguiente\u201d, recalc\u00f3 el Director (s) del Servicio de Salud Ays\u00e9n, Mauricio Cort\u00e9s Molina.<\/p>\n<p style=\"font-weight: 400; text-align: justify;\">El veh\u00edculo, es una ambulancia b\u00e1sica, con tracci\u00f3n 4&#215;4 para poder transitar en los complejos caminos de la comuna de Chile Chico durante los 365 d\u00edas del a\u00f1o, y su adquisici\u00f3n fue financiada a trav\u00e9s del Fondo Nacional de Desarrollo Regional del GORE Ays\u00e9n.<\/p>\n<p style=\"font-weight: 400; text-align: justify;\">\u201cViene a resolver la reposici\u00f3n de un veh\u00edculo tremendamente importante para la comunidad. El hospital ahora cuenta dos ambulancias modernas, de buen nivel, donde pueden prestar atenciones de transporte, de traslado de personas con una muy buena calidad y es parte de lo que para nuestro gobierno, nuestro Presidente Gabriel Boric es tremendamente importante \u201d, dijo el Delegado Presidencial Regional (DPR), Rodrigo Araya.<\/p>\n<p style=\"font-weight: 400; text-align: justify;\">El Gobierno Regional de Ays\u00e9n se ha transformado en el principal socio estrat\u00e9gico del Servicio de Salud en particular y del sector en general, para cumplir con el objetivo de entregar atenciones m\u00e1s dignas, oportunas y accesibles a todas y todos los chilenos, sin importar su lugar de residencia.<\/p>\n<p style=\"font-weight: 400; text-align: justify;\">Para la Secretaria Regional Ministerial (Seremi) de Salud Ays\u00e9n, Carmen Gloria Monsalve G\u00f3mez, quien se desempe\u00f1\u00f3 como directora del establecimiento, este veh\u00edculo \u201csignifica muchas cosas buenas, es mejorar las condiciones que tienen los equipos para trabajar en situaciones de emergencia y, sobre todo, en este Hospital que tiene una situaci\u00f3n de aislamiento s\u00faper particular. Es un avance concreto en el desaf\u00edo de nuestro Gobierno de mejorar la resolutividad de nuestros territorios\u201d.<\/p>\n<p style=\"font-weight: 400; text-align: justify;\">La ambulancia entregada en Chile Chico, implic\u00f3 una inversi\u00f3n superior a los 111 millones de pesos financiada por el Gobierno Regional de Ays\u00e9n, a trav\u00e9s del Fondo Nacional de Desarrollo Regional (FNDR), y es el primero de tres m\u00f3viles de similares caracter\u00edsticas que reforzar\u00e1n el trabajo desarrollado por los Hospitales Comunitarios.<\/p>\n<\/div><\/section><\/div><div  style='height:50px' class='hr hr-invisible   avia-builder-el-6  el_after_av_one_full  el_before_av_social_share '><span class='hr-inner ' ><span class='hr-inner-style'><\/span><\/span><\/div><\/p>\n<div  class='av-social-sharing-box  avia-builder-el-7  el_after_av_hr  el_before_av_hr  '><div class='av-share-box'><h5 class='av-share-link-description av-no-toc '>Compartir esta noticia<\/h5><ul class='av-share-box-list noLightbox'><li class='av-share-link av-social-link-facebook' ><a target=\"_blank\" aria-label=\"Compartir en Facebook\" href='https:\/\/www.facebook.com\/sharer.php?u=https:\/\/radiorevelacionfm.cl\/?p=26690&#038;t=Hospital%20de%20Chile%20Chico%20cuenta%20con%20nueva%20ambulancia%20para%20atender%20demanda%20de%20la%20cuenca%20del%20lago%20Chelenko' aria-hidden='false' data-av_icon='\ue8f3' data-av_iconfont='entypo-fontello' title='' data-avia-related-tooltip='Compartir en Facebook' rel=\"noopener\"><span class='avia_hidden_link_text'>Compartir en Facebook<\/span><\/a><\/li><li class='av-share-link av-social-link-twitter' ><a target=\"_blank\" aria-label=\"Compartir en Twitter\" href='https:\/\/twitter.com\/share?text=Hospital%20de%20Chile%20Chico%20cuenta%20con%20nueva%20ambulancia%20para%20atender%20demanda%20de%20la%20cuenca%20del%20lago%20Chelenko&#038;url=https:\/\/radiorevelacionfm.cl\/?p=26690' aria-hidden='false' data-av_icon='\ue8f1' data-av_iconfont='entypo-fontello' title='' data-avia-related-tooltip='Compartir en Twitter' rel=\"noopener\"><span class='avia_hidden_link_text'>Compartir en Twitter<\/span><\/a><\/li><li class='av-share-link av-social-link-whatsapp' ><a target=\"_blank\" aria-label=\"Compartir en Whatsapp\" href='https:\/\/api.whatsapp.com\/send?text=https:\/\/radiorevelacionfm.cl\/?p=26690' aria-hidden='false' data-av_icon='\uf232' data-av_iconfont='entypo-fontello' title='' data-avia-related-tooltip='Compartir en Whatsapp' rel=\"noopener\"><span class='avia_hidden_link_text'>Compartir en Whatsapp<\/span><\/a><\/li><li class='av-share-link av-social-link-linkedin' ><a target=\"_blank\" aria-label=\"Compartir en LinkedIn\" href='https:\/\/linkedin.com\/shareArticle?mini=true&#038;title=Hospital%20de%20Chile%20Chico%20cuenta%20con%20nueva%20ambulancia%20para%20atender%20demanda%20de%20la%20cuenca%20del%20lago%20Chelenko&#038;url=https:\/\/radiorevelacionfm.cl\/?p=26690' aria-hidden='false' data-av_icon='\ue8fc' data-av_iconfont='entypo-fontello' title='' data-avia-related-tooltip='Compartir en LinkedIn' rel=\"noopener\"><span class='avia_hidden_link_text'>Compartir en LinkedIn<\/span><\/a><\/li><li class='av-share-link av-social-link-mail' ><a  aria-label=\"Compartir por correo\" href='mailto:?subject=Hospital%20de%20Chile%20Chico%20cuenta%20con%20nueva%20ambulancia%20para%20atender%20demanda%20de%20la%20cuenca%20del%20lago%20Chelenko&#038;body=https:\/\/radiorevelacionfm.cl\/?p=26690' aria-hidden='false' data-av_icon='\ue805' data-av_iconfont='entypo-fontello' title='' data-avia-related-tooltip='Compartir por correo'><span class='avia_hidden_link_text'>Compartir por correo<\/span><\/a><\/li><\/ul><\/div><\/div>\n<div  style='height:50px' class='hr hr-invisible   avia-builder-el-8  el_after_av_social_share  el_before_av_comments_list '><span class='hr-inner ' ><span class='hr-inner-style'><\/span><\/span><\/div>\n<div  class='av-buildercomment  av-blog-meta-html-info-disabled av-blog-meta-tag-disabled  '><\/div>\n","protected":false},"excerpt":{"rendered":"","protected":false},"author":1,"featured_media":26691,"comment_status":"open","ping_status":"open","sticky":false,"template":"","format":"standard","meta":{"footnotes":""},"categories":[46],"tags":[],"class_list":["post-26690","post","type-post","status-publish","format-standard","has-post-thumbnail","hentry","category-salud"],"jetpack_featured_media_url":"https:\/\/radiorevelacionfm.cl\/wp-content\/uploads\/2023\/01\/ENTREGA-AMBULANCIA-CHILE-CHICO-8-1-1.jpeg","_links":{"self":[{"href":"https:\/\/radiorevelacionfm.cl\/index.php?rest_route=\/wp\/v2\/posts\/26690","targetHints":{"allow":["GET"]}}],"collection":[{"href":"https:\/\/radiorevelacionfm.cl\/index.php?rest_route=\/wp\/v2\/posts"}],"about":[{"href":"https:\/\/radiorevelacionfm.cl\/index.php?rest_route=\/wp\/v2\/types\/post"}],"author":[{"embeddable":true,"href":"https:\/\/radiorevelacionfm.cl\/index.php?rest_route=\/wp\/v2\/users\/1"}],"replies":[{"embeddable":true,"href":"https:\/\/radiorevelacionfm.cl\/index.php?rest_route=%2Fwp%2Fv2%2Fcomments&post=26690"}],"version-history":[{"count":2,"href":"https:\/\/radiorevelacionfm.cl\/index.php?rest_route=\/wp\/v2\/posts\/26690\/revisions"}],"predecessor-version":[{"id":26693,"href":"https:\/\/radiorevelacionfm.cl\/index.php?rest_route=\/wp\/v2\/posts\/26690\/revisions\/26693"}],"wp:featuredmedia":[{"embeddable":true,"href":"https:\/\/radiorevelacionfm.cl\/index.php?rest_route=\/wp\/v2\/media\/26691"}],"wp:attachment":[{"href":"https:\/\/radiorevelacionfm.cl\/index.php?rest_route=%2Fwp%2Fv2%2Fmedia&parent=26690"}],"wp:term":[{"taxonomy":"category","embeddable":true,"href":"https:\/\/radiorevelacionfm.cl\/index.php?rest_route=%2Fwp%2Fv2%2Fcategories&post=26690"},{"taxonomy":"post_tag","embeddable":true,"href":"https:\/\/radiorevelacionfm.cl\/index.php?rest_route=%2Fwp%2Fv2%2Ftags&post=26690"}],"curies":[{"name":"wp","href":"https:\/\/api.w.org\/{rel}","templated":true}]}}