{"id":26685,"date":"2023-01-17T10:07:23","date_gmt":"2023-01-17T13:07:23","guid":{"rendered":"https:\/\/radiorevelacionfm.cl\/?p=26685"},"modified":"2023-01-17T10:07:23","modified_gmt":"2023-01-17T13:07:23","slug":"recomendaciones-para-proteger-a-ninos-y-ninas-de-las-altas-temperaturas","status":"publish","type":"post","link":"https:\/\/radiorevelacionfm.cl\/?p=26685","title":{"rendered":"Recomendaciones para proteger a ni\u00f1os y ni\u00f1as de las altas temperaturas"},"content":{"rendered":"<div class=\"flex_column av_one_full  flex_column_div av-zero-column-padding first  avia-builder-el-0  el_before_av_one_full  avia-builder-el-first  \" style='border-radius:0px; '><div  class='avia-image-container  av-styling-    avia-builder-el-1  avia-builder-el-no-sibling  avia-align-center '  itemprop=\"image\" itemscope=\"itemscope\" itemtype=\"https:\/\/schema.org\/ImageObject\"  ><div class='avia-image-container-inner'><div class='avia-image-overlay-wrap'><img decoding=\"async\" class='wp-image-26687 avia-img-lazy-loading-not-26687 avia_image' src=\"https:\/\/radiorevelacionfm.cl\/wp-content\/uploads\/2023\/01\/Foto_Integra_OladeCalor_3-1-1.jpg\" alt='' title='Foto_Integra_OladeCalor_3 (1) (1)' height=\"600\" width=\"900\"  itemprop=\"thumbnailUrl\" srcset=\"https:\/\/radiorevelacionfm.cl\/wp-content\/uploads\/2023\/01\/Foto_Integra_OladeCalor_3-1-1.jpg 900w, https:\/\/radiorevelacionfm.cl\/wp-content\/uploads\/2023\/01\/Foto_Integra_OladeCalor_3-1-1-300x200.jpg 300w, https:\/\/radiorevelacionfm.cl\/wp-content\/uploads\/2023\/01\/Foto_Integra_OladeCalor_3-1-1-768x512.jpg 768w, https:\/\/radiorevelacionfm.cl\/wp-content\/uploads\/2023\/01\/Foto_Integra_OladeCalor_3-1-1-705x470.jpg 705w, https:\/\/radiorevelacionfm.cl\/wp-content\/uploads\/2023\/01\/Foto_Integra_OladeCalor_3-1-1-600x400.jpg 600w\" sizes=\"(max-width: 900px) 100vw, 900px\" \/><\/div><\/div><\/div><\/div><div class=\"flex_column av_one_full  flex_column_div av-zero-column-padding first  avia-builder-el-2  el_after_av_one_full  el_before_av_one_full  column-top-margin\" style='border-radius:0px; '><section class=\"av_textblock_section \"  itemscope=\"itemscope\" itemtype=\"https:\/\/schema.org\/BlogPosting\" itemprop=\"blogPost\" ><div class='avia_textblock  '   itemprop=\"text\" ><p style=\"text-align: center;\"><span style=\"font-size: 18pt;\"><b>Recomendaciones para proteger a ni\u00f1os y ni\u00f1as de las altas temperaturas<\/b><\/span><\/p>\n<div id=\"gtx-trans\" style=\"position: absolute; left: -50px; top: 4.31534px;\">\n<div class=\"gtx-trans-icon\"><\/div>\n<\/div>\n<\/div><\/section><\/div><div class=\"flex_column av_one_full  flex_column_div av-zero-column-padding first  avia-builder-el-4  el_after_av_one_full  el_before_av_hr  column-top-margin\" style='border-radius:0px; '><section class=\"av_textblock_section \"  itemscope=\"itemscope\" itemtype=\"https:\/\/schema.org\/BlogPosting\" itemprop=\"blogPost\" ><div class='avia_textblock  '   itemprop=\"text\" ><p style=\"font-weight: 400; text-align: justify;\">As\u00ed como ocurri\u00f3 en Europa durante el verano, para este lado del planeta tambi\u00e9n se esperan alzas de temperaturas durante \u00e9poca estival, las que seg\u00fan los especialistas se pueden atribuir al fen\u00f3meno de La Ni\u00f1a ya que favorece a tener una mayor frecuencia de bajas costeras en la zona centro, generando vientos que descienden desde cordillera, lo que favorece a un aumento de las temperaturas y cielos despejados\u00bb.<\/p>\n<p style=\"font-weight: 400; text-align: justify;\">Es en este contexto que desde\u00a0<strong>Fundaci\u00f3n Integra<\/strong>\u00a0resaltaron que los ni\u00f1os y ni\u00f1as se deshidratan con mayor facilidad que los adultos, no manifestando con facilidad sus s\u00edntomas asociados. Ante esto, las familias deben estar atentas a se\u00f1ales como: sed, orina de color oscuro, mareos, irritabilidad, somnolencia, p\u00e9rdida de vitalidad, aumento en la frecuencia cardiaca y respiratoria, extremidades fr\u00edas o dolor de cabeza, entre otras, ya que podr\u00edan ser signos de deshidrataci\u00f3n.<\/p>\n<p style=\"font-weight: 400; text-align: justify;\">\u201cAl hidratar a nuestros hijos\/as, la recomendaci\u00f3n es que sea de forma permanente, no esperando a que presenten sed, ofreciendo agua en cantidades peque\u00f1as que pueden ir entre los 50 cc y 100 cc. En el caso de lactantes menores de seis meses con lactancia materna exclusiva, esta \u00faltima se recomienda a libre demanda, para mantenerlos hidratados\u201d, indic\u00f3 la jefa del Departamento de Nutrici\u00f3n y Salud de Fundaci\u00f3n Integra, Yocelin Sanhueza.<\/p>\n<p style=\"font-weight: 400; text-align: justify;\">Una adecuada alimentaci\u00f3n juega un papel fundamental en el bienestar de los ni\u00f1os y ni\u00f1as frente a las altas temperaturas. Por lo que es importante el evitar las comidas abundantes, infusiones calientes o bebidas azucaradas y preferir alimentos frescos como jugos de frutas y verduras, consumo de ensaladas y por supuesto el consumo de agua.<\/p>\n<p style=\"font-weight: 400; text-align: justify;\"><strong><u>Diversi\u00f3n segura al aire libre<\/u><\/strong><\/p>\n<p style=\"font-weight: 400; text-align: justify;\">Es posible que ni\u00f1os y ni\u00f1as efect\u00faen actividades en espacios abiertos, siempre y cuando se adopten medidas para prevenir situaciones de riesgo. Por ejemplo, hay que evitar su exposici\u00f3n al sol y\/o realizar actividades l\u00fadicas en horarios de mayor riesgo (entre 11:00 y las 17:00 horas). Tambi\u00e9n, es vital aplicarles protector solar con FPS (factor de protecci\u00f3n solar) de 30 o superior, 30 minutos antes de exponer a hijos\/as al sol (aunque est\u00e9 nublado) y re aplic\u00e1ndolo cada dos horas, especialmente luego de nadar o sudar. No se recomienda su uso en menores de seis meses.<\/p>\n<p style=\"font-weight: 400; text-align: justify;\">En este sentido, Abraham Chavez, jefe del Departamento de Prevenci\u00f3n de Riesgos de Integra, complement\u00f3 que \u201cidealmente, ni\u00f1as y ni\u00f1os deben utilizar ropa holgada, de colores claros y de algod\u00f3n, mientras que, en caso de interactuar con juegos de agua, piscinas y otros elementos similares, siempre debe ser bajo la supervisi\u00f3n de un adulto\u201d.<\/p>\n<p style=\"font-weight: 400; text-align: justify;\">Por \u00faltimo, desde\u00a0<strong>Fundaci\u00f3n Integra<\/strong>\u00a0recalcaron que bajo ninguna circunstancia hay que dejar a los hijos\/as al interior de un veh\u00edculo. El riesgo de un golpe de calor es inminente, ya que su cuerpo se calienta de tres a cinco veces m\u00e1s r\u00e1pido que el de un adulto. Si est\u00e1n en espacios cerrados, deben contar con un flujo de aire permanente y hay que cautelar que no llegue el sol de forma directa.<\/p>\n<p style=\"font-weight: 400; text-align: justify;\"><strong>Fundaci\u00f3n Integra<\/strong>, con 32 a\u00f1os de experiencia, es uno de los principales prestadores de educaci\u00f3n inicial en el pa\u00eds, con m\u00e1s de 1.200 jardines infantiles y salas cuna gratuitos, a los que asisten m\u00e1s de 85 mil ni\u00f1os y ni\u00f1as en todo Chile.<\/p>\n<\/div><\/section><\/div><div  style='height:50px' class='hr hr-invisible   avia-builder-el-6  el_after_av_one_full  el_before_av_social_share '><span class='hr-inner ' ><span class='hr-inner-style'><\/span><\/span><\/div><\/p>\n<div  class='av-social-sharing-box  avia-builder-el-7  el_after_av_hr  el_before_av_hr  '><div class='av-share-box'><h5 class='av-share-link-description av-no-toc '>Compartir esta noticia<\/h5><ul class='av-share-box-list noLightbox'><li class='av-share-link av-social-link-facebook' ><a target=\"_blank\" aria-label=\"Compartir en Facebook\" href='https:\/\/www.facebook.com\/sharer.php?u=https:\/\/radiorevelacionfm.cl\/?p=26685&#038;t=Recomendaciones%20para%20proteger%20a%20ni%C3%B1os%20y%20ni%C3%B1as%20de%20las%20altas%20temperaturas' aria-hidden='false' data-av_icon='\ue8f3' data-av_iconfont='entypo-fontello' title='' data-avia-related-tooltip='Compartir en Facebook' rel=\"noopener\"><span class='avia_hidden_link_text'>Compartir en Facebook<\/span><\/a><\/li><li class='av-share-link av-social-link-twitter' ><a target=\"_blank\" aria-label=\"Compartir en Twitter\" href='https:\/\/twitter.com\/share?text=Recomendaciones%20para%20proteger%20a%20ni%C3%B1os%20y%20ni%C3%B1as%20de%20las%20altas%20temperaturas&#038;url=https:\/\/radiorevelacionfm.cl\/?p=26685' aria-hidden='false' data-av_icon='\ue8f1' data-av_iconfont='entypo-fontello' title='' data-avia-related-tooltip='Compartir en Twitter' rel=\"noopener\"><span class='avia_hidden_link_text'>Compartir en Twitter<\/span><\/a><\/li><li class='av-share-link av-social-link-whatsapp' ><a target=\"_blank\" aria-label=\"Compartir en Whatsapp\" href='https:\/\/api.whatsapp.com\/send?text=https:\/\/radiorevelacionfm.cl\/?p=26685' aria-hidden='false' data-av_icon='\uf232' data-av_iconfont='entypo-fontello' title='' data-avia-related-tooltip='Compartir en Whatsapp' rel=\"noopener\"><span class='avia_hidden_link_text'>Compartir en Whatsapp<\/span><\/a><\/li><li class='av-share-link av-social-link-linkedin' ><a target=\"_blank\" aria-label=\"Compartir en LinkedIn\" href='https:\/\/linkedin.com\/shareArticle?mini=true&#038;title=Recomendaciones%20para%20proteger%20a%20ni%C3%B1os%20y%20ni%C3%B1as%20de%20las%20altas%20temperaturas&#038;url=https:\/\/radiorevelacionfm.cl\/?p=26685' aria-hidden='false' data-av_icon='\ue8fc' data-av_iconfont='entypo-fontello' title='' data-avia-related-tooltip='Compartir en LinkedIn' rel=\"noopener\"><span class='avia_hidden_link_text'>Compartir en LinkedIn<\/span><\/a><\/li><li class='av-share-link av-social-link-mail' ><a  aria-label=\"Compartir por correo\" href='mailto:?subject=Recomendaciones%20para%20proteger%20a%20ni%C3%B1os%20y%20ni%C3%B1as%20de%20las%20altas%20temperaturas&#038;body=https:\/\/radiorevelacionfm.cl\/?p=26685' aria-hidden='false' data-av_icon='\ue805' data-av_iconfont='entypo-fontello' title='' data-avia-related-tooltip='Compartir por correo'><span class='avia_hidden_link_text'>Compartir por correo<\/span><\/a><\/li><\/ul><\/div><\/div>\n<div  style='height:50px' class='hr hr-invisible   avia-builder-el-8  el_after_av_social_share  el_before_av_comments_list '><span class='hr-inner ' ><span class='hr-inner-style'><\/span><\/span><\/div>\n<div  class='av-buildercomment  av-blog-meta-html-info-disabled av-blog-meta-tag-disabled  '><\/div>\n","protected":false},"excerpt":{"rendered":"","protected":false},"author":1,"featured_media":26687,"comment_status":"open","ping_status":"open","sticky":false,"template":"","format":"standard","meta":{"footnotes":""},"categories":[49],"tags":[],"class_list":["post-26685","post","type-post","status-publish","format-standard","has-post-thumbnail","hentry","category-educacion"],"jetpack_featured_media_url":"https:\/\/radiorevelacionfm.cl\/wp-content\/uploads\/2023\/01\/Foto_Integra_OladeCalor_3-1-1.jpg","_links":{"self":[{"href":"https:\/\/radiorevelacionfm.cl\/index.php?rest_route=\/wp\/v2\/posts\/26685","targetHints":{"allow":["GET"]}}],"collection":[{"href":"https:\/\/radiorevelacionfm.cl\/index.php?rest_route=\/wp\/v2\/posts"}],"about":[{"href":"https:\/\/radiorevelacionfm.cl\/index.php?rest_route=\/wp\/v2\/types\/post"}],"author":[{"embeddable":true,"href":"https:\/\/radiorevelacionfm.cl\/index.php?rest_route=\/wp\/v2\/users\/1"}],"replies":[{"embeddable":true,"href":"https:\/\/radiorevelacionfm.cl\/index.php?rest_route=%2Fwp%2Fv2%2Fcomments&post=26685"}],"version-history":[{"count":2,"href":"https:\/\/radiorevelacionfm.cl\/index.php?rest_route=\/wp\/v2\/posts\/26685\/revisions"}],"predecessor-version":[{"id":26689,"href":"https:\/\/radiorevelacionfm.cl\/index.php?rest_route=\/wp\/v2\/posts\/26685\/revisions\/26689"}],"wp:featuredmedia":[{"embeddable":true,"href":"https:\/\/radiorevelacionfm.cl\/index.php?rest_route=\/wp\/v2\/media\/26687"}],"wp:attachment":[{"href":"https:\/\/radiorevelacionfm.cl\/index.php?rest_route=%2Fwp%2Fv2%2Fmedia&parent=26685"}],"wp:term":[{"taxonomy":"category","embeddable":true,"href":"https:\/\/radiorevelacionfm.cl\/index.php?rest_route=%2Fwp%2Fv2%2Fcategories&post=26685"},{"taxonomy":"post_tag","embeddable":true,"href":"https:\/\/radiorevelacionfm.cl\/index.php?rest_route=%2Fwp%2Fv2%2Ftags&post=26685"}],"curies":[{"name":"wp","href":"https:\/\/api.w.org\/{rel}","templated":true}]}}