{"id":26677,"date":"2023-01-16T18:31:46","date_gmt":"2023-01-16T21:31:46","guid":{"rendered":"https:\/\/radiorevelacionfm.cl\/?p=26677"},"modified":"2023-01-16T18:31:46","modified_gmt":"2023-01-16T21:31:46","slug":"aysen-sernapesca-informa-inicio-de-la-veda-del-salmon-chinook-para-la-region","status":"publish","type":"post","link":"https:\/\/radiorevelacionfm.cl\/?p=26677","title":{"rendered":"Ays\u00e9n: Sernapesca informa inicio de la veda del salm\u00f3n Chinook para la regi\u00f3n"},"content":{"rendered":"<div class=\"flex_column av_one_full  flex_column_div av-zero-column-padding first  avia-builder-el-0  el_before_av_one_full  avia-builder-el-first  \" style='border-radius:0px; '><div  class='avia-image-container  av-styling-    avia-builder-el-1  avia-builder-el-no-sibling  avia-align-center '  itemprop=\"image\" itemscope=\"itemscope\" itemtype=\"https:\/\/schema.org\/ImageObject\"  ><div class='avia-image-container-inner'><div class='avia-image-overlay-wrap'><img decoding=\"async\" class='wp-image-26678 avia-img-lazy-loading-not-26678 avia_image' src=\"https:\/\/radiorevelacionfm.cl\/wp-content\/uploads\/2023\/01\/1-7-1-2-1.jpg\" alt='' title='1 (7) (1) (2) (1)' height=\"600\" width=\"1117\"  itemprop=\"thumbnailUrl\" srcset=\"https:\/\/radiorevelacionfm.cl\/wp-content\/uploads\/2023\/01\/1-7-1-2-1.jpg 1117w, https:\/\/radiorevelacionfm.cl\/wp-content\/uploads\/2023\/01\/1-7-1-2-1-300x161.jpg 300w, https:\/\/radiorevelacionfm.cl\/wp-content\/uploads\/2023\/01\/1-7-1-2-1-1030x553.jpg 1030w, https:\/\/radiorevelacionfm.cl\/wp-content\/uploads\/2023\/01\/1-7-1-2-1-768x413.jpg 768w, https:\/\/radiorevelacionfm.cl\/wp-content\/uploads\/2023\/01\/1-7-1-2-1-705x379.jpg 705w, https:\/\/radiorevelacionfm.cl\/wp-content\/uploads\/2023\/01\/1-7-1-2-1-600x322.jpg 600w\" sizes=\"(max-width: 1117px) 100vw, 1117px\" \/><\/div><\/div><\/div><\/div><div class=\"flex_column av_one_full  flex_column_div av-zero-column-padding first  avia-builder-el-2  el_after_av_one_full  el_before_av_one_full  column-top-margin\" style='border-radius:0px; '><section class=\"av_textblock_section \"  itemscope=\"itemscope\" itemtype=\"https:\/\/schema.org\/BlogPosting\" itemprop=\"blogPost\" ><div class='avia_textblock  '   itemprop=\"text\" ><p style=\"text-align: center;\"><strong><span style=\"font-size: 18pt;\">Ays\u00e9n: Sernapesca informa inicio de la veda del salm\u00f3n Chinook para la regi\u00f3n<\/span><\/strong><\/p>\n<div id=\"gtx-trans\" style=\"position: absolute; left: -50px; top: 4.31534px;\">\n<div class=\"gtx-trans-icon\"><\/div>\n<\/div>\n<\/div><\/section><\/div><div class=\"flex_column av_one_full  flex_column_div av-zero-column-padding first  avia-builder-el-4  el_after_av_one_full  el_before_av_hr  column-top-margin\" style='border-radius:0px; '><section class=\"av_textblock_section \"  itemscope=\"itemscope\" itemtype=\"https:\/\/schema.org\/BlogPosting\" itemprop=\"blogPost\" ><div class='avia_textblock  '   itemprop=\"text\" ><p style=\"font-weight: 400; text-align: justify;\">El Servicio Nacional de Pesca y Acuicultura informa a los pescadores recreativos que inici\u00f3 la veda del salm\u00f3n Chinook, finalizando la temporada de captura para este recurso en la regi\u00f3n de Ays\u00e9n.<\/p>\n<p style=\"font-weight: 400; text-align: justify;\">Para los amantes de la pesca recreativa podr\u00e1n continuar realizando este deporte, haciendo pesca con extracci\u00f3n de otras especies salm\u00f3nidas, hasta el 28 de febrero en r\u00edos y hasta el 01 de abril en lagos de la regi\u00f3n de Ays\u00e9n.<\/p>\n<p style=\"font-weight: 400; text-align: justify;\">El Director Regional (S) de SERNAPESCA, Tom\u00e1s Manr\u00edquez, record\u00f3 que \u201ces muy importante que las personas que realizan esta actividad siempre porten su licencia de pesca recreativa, respeten todas las medidas de administraci\u00f3n de cada cuenca, utilicen aparejos personales, no realicen la actividad durante la noche y que tomen las medidas para disminuir riesgos de propagaci\u00f3n del Didymo.\u201d<\/p>\n<p style=\"font-weight: 400; text-align: justify;\">Para evitar la propagaci\u00f3n de la microalga Didymo, las personas deben desinfectar todos los aparejos de pesca, botas, embarcaciones, remos, etc con una soluci\u00f3n de agua con lava loza al 5%, es decir, que por 10 litros de agua deben agregar 500 ml de detergente lava loza. Primero se debe remover la presencia de material org\u00e1nico con la mano, luego lavar con la soluci\u00f3n sumergiendo los utensilios y accesorios por lo menos por un minuto, y finalmente secar.<\/p>\n<p style=\"font-weight: 400; text-align: justify;\">Para adquirir la licencia de pesca recreativa, tanto personas extranjeras como chilenas, pueden ingresar a\u00a0\u00a0<a href=\"https:\/\/pescarecreativa.sernapesca.cl\/\" data-saferedirecturl=\"https:\/\/www.google.com\/url?q=https:\/\/pescarecreativa.sernapesca.cl\/&amp;source=gmail&amp;ust=1673990315237000&amp;usg=AOvVaw0qDhSxEF4k3bqnb0h1zH-Z\">https:\/\/pescarecreativa.sernapesca.cl\/<\/a>\u00a0utilizando Clave \u00danica o pueden realizar el tr\u00e1mite sin registrarse.<\/p>\n<p style=\"font-weight: 400; text-align: justify;\"><strong>La veda comenz\u00f3 el 15 de enero y se extender\u00e1 hasta el 15 de octubre<\/strong>, periodo en el cual el ente fiscalizador continuar\u00e1 con las acciones de fiscalizaci\u00f3n en torno a esta actividad. SERNAPESCA cuenta con el n\u00famero 800 320 032 para realizar denuncias de manera an\u00f3nima y segura.<\/p>\n<\/div><\/section><\/div><div  style='height:50px' class='hr hr-invisible   avia-builder-el-6  el_after_av_one_full  el_before_av_social_share '><span class='hr-inner ' ><span class='hr-inner-style'><\/span><\/span><\/div><\/p>\n<div  class='av-social-sharing-box  avia-builder-el-7  el_after_av_hr  el_before_av_hr  '><div class='av-share-box'><h5 class='av-share-link-description av-no-toc '>Compartir esta noticia<\/h5><ul class='av-share-box-list noLightbox'><li class='av-share-link av-social-link-facebook' ><a target=\"_blank\" aria-label=\"Compartir en Facebook\" href='https:\/\/www.facebook.com\/sharer.php?u=https:\/\/radiorevelacionfm.cl\/?p=26677&#038;t=Ays%C3%A9n%3A%20Sernapesca%20informa%20inicio%20de%20la%20veda%20del%20salm%C3%B3n%20Chinook%20para%20la%20regi%C3%B3n' aria-hidden='false' data-av_icon='\ue8f3' data-av_iconfont='entypo-fontello' title='' data-avia-related-tooltip='Compartir en Facebook' rel=\"noopener\"><span class='avia_hidden_link_text'>Compartir en Facebook<\/span><\/a><\/li><li class='av-share-link av-social-link-twitter' ><a target=\"_blank\" aria-label=\"Compartir en Twitter\" href='https:\/\/twitter.com\/share?text=Ays%C3%A9n%3A%20Sernapesca%20informa%20inicio%20de%20la%20veda%20del%20salm%C3%B3n%20Chinook%20para%20la%20regi%C3%B3n&#038;url=https:\/\/radiorevelacionfm.cl\/?p=26677' aria-hidden='false' data-av_icon='\ue8f1' data-av_iconfont='entypo-fontello' title='' data-avia-related-tooltip='Compartir en Twitter' rel=\"noopener\"><span class='avia_hidden_link_text'>Compartir en Twitter<\/span><\/a><\/li><li class='av-share-link av-social-link-whatsapp' ><a target=\"_blank\" aria-label=\"Compartir en Whatsapp\" href='https:\/\/api.whatsapp.com\/send?text=https:\/\/radiorevelacionfm.cl\/?p=26677' aria-hidden='false' data-av_icon='\uf232' data-av_iconfont='entypo-fontello' title='' data-avia-related-tooltip='Compartir en Whatsapp' rel=\"noopener\"><span class='avia_hidden_link_text'>Compartir en Whatsapp<\/span><\/a><\/li><li class='av-share-link av-social-link-linkedin' ><a target=\"_blank\" aria-label=\"Compartir en LinkedIn\" href='https:\/\/linkedin.com\/shareArticle?mini=true&#038;title=Ays%C3%A9n%3A%20Sernapesca%20informa%20inicio%20de%20la%20veda%20del%20salm%C3%B3n%20Chinook%20para%20la%20regi%C3%B3n&#038;url=https:\/\/radiorevelacionfm.cl\/?p=26677' aria-hidden='false' data-av_icon='\ue8fc' data-av_iconfont='entypo-fontello' title='' data-avia-related-tooltip='Compartir en LinkedIn' rel=\"noopener\"><span class='avia_hidden_link_text'>Compartir en LinkedIn<\/span><\/a><\/li><li class='av-share-link av-social-link-mail' ><a  aria-label=\"Compartir por correo\" href='mailto:?subject=Ays%C3%A9n%3A%20Sernapesca%20informa%20inicio%20de%20la%20veda%20del%20salm%C3%B3n%20Chinook%20para%20la%20regi%C3%B3n&#038;body=https:\/\/radiorevelacionfm.cl\/?p=26677' aria-hidden='false' data-av_icon='\ue805' data-av_iconfont='entypo-fontello' title='' data-avia-related-tooltip='Compartir por correo'><span class='avia_hidden_link_text'>Compartir por correo<\/span><\/a><\/li><\/ul><\/div><\/div>\n<div  style='height:50px' class='hr hr-invisible   avia-builder-el-8  el_after_av_social_share  el_before_av_comments_list '><span class='hr-inner ' ><span class='hr-inner-style'><\/span><\/span><\/div>\n<div  class='av-buildercomment  av-blog-meta-html-info-disabled av-blog-meta-tag-disabled  '><\/div>\n","protected":false},"excerpt":{"rendered":"","protected":false},"author":1,"featured_media":26678,"comment_status":"open","ping_status":"open","sticky":false,"template":"","format":"standard","meta":{"footnotes":""},"categories":[60],"tags":[],"class_list":["post-26677","post","type-post","status-publish","format-standard","has-post-thumbnail","hentry","category-pesca"],"jetpack_featured_media_url":"https:\/\/radiorevelacionfm.cl\/wp-content\/uploads\/2023\/01\/1-7-1-2-1.jpg","_links":{"self":[{"href":"https:\/\/radiorevelacionfm.cl\/index.php?rest_route=\/wp\/v2\/posts\/26677","targetHints":{"allow":["GET"]}}],"collection":[{"href":"https:\/\/radiorevelacionfm.cl\/index.php?rest_route=\/wp\/v2\/posts"}],"about":[{"href":"https:\/\/radiorevelacionfm.cl\/index.php?rest_route=\/wp\/v2\/types\/post"}],"author":[{"embeddable":true,"href":"https:\/\/radiorevelacionfm.cl\/index.php?rest_route=\/wp\/v2\/users\/1"}],"replies":[{"embeddable":true,"href":"https:\/\/radiorevelacionfm.cl\/index.php?rest_route=%2Fwp%2Fv2%2Fcomments&post=26677"}],"version-history":[{"count":2,"href":"https:\/\/radiorevelacionfm.cl\/index.php?rest_route=\/wp\/v2\/posts\/26677\/revisions"}],"predecessor-version":[{"id":26680,"href":"https:\/\/radiorevelacionfm.cl\/index.php?rest_route=\/wp\/v2\/posts\/26677\/revisions\/26680"}],"wp:featuredmedia":[{"embeddable":true,"href":"https:\/\/radiorevelacionfm.cl\/index.php?rest_route=\/wp\/v2\/media\/26678"}],"wp:attachment":[{"href":"https:\/\/radiorevelacionfm.cl\/index.php?rest_route=%2Fwp%2Fv2%2Fmedia&parent=26677"}],"wp:term":[{"taxonomy":"category","embeddable":true,"href":"https:\/\/radiorevelacionfm.cl\/index.php?rest_route=%2Fwp%2Fv2%2Fcategories&post=26677"},{"taxonomy":"post_tag","embeddable":true,"href":"https:\/\/radiorevelacionfm.cl\/index.php?rest_route=%2Fwp%2Fv2%2Ftags&post=26677"}],"curies":[{"name":"wp","href":"https:\/\/api.w.org\/{rel}","templated":true}]}}