{"id":26672,"date":"2023-01-16T18:14:56","date_gmt":"2023-01-16T21:14:56","guid":{"rendered":"https:\/\/radiorevelacionfm.cl\/?p=26672"},"modified":"2023-01-16T18:14:56","modified_gmt":"2023-01-16T21:14:56","slug":"senadora-ordenes-participa-en-inauguracion-de-congreso-futuro-e-invita-a-la-region-de-aysen-a-jornada-que-se-desarrollara-el-proximo-viernes-20","status":"publish","type":"post","link":"https:\/\/radiorevelacionfm.cl\/?p=26672","title":{"rendered":"Senadora \u00d3rdenes participa en inauguraci\u00f3n de Congreso Futuro e invita a la regi\u00f3n de Ays\u00e9n a jornada que se desarrollar\u00e1 el pr\u00f3ximo viernes 20"},"content":{"rendered":"<div class=\"flex_column av_one_full  flex_column_div av-zero-column-padding first  avia-builder-el-0  el_before_av_one_full  avia-builder-el-first  \" style='border-radius:0px; '><div  class='avia-image-container  av-styling-    avia-builder-el-1  avia-builder-el-no-sibling  avia-align-center '  itemprop=\"image\" itemscope=\"itemscope\" itemtype=\"https:\/\/schema.org\/ImageObject\"  ><div class='avia-image-container-inner'><div class='avia-image-overlay-wrap'><img decoding=\"async\" class='wp-image-26673 avia-img-lazy-loading-not-26673 avia_image' src=\"https:\/\/radiorevelacionfm.cl\/wp-content\/uploads\/2023\/01\/CONGRESO-FUTURO1-1-1.jpeg\" alt='' title='CONGRESO FUTURO1 (1) (1)' height=\"600\" width=\"927\"  itemprop=\"thumbnailUrl\" srcset=\"https:\/\/radiorevelacionfm.cl\/wp-content\/uploads\/2023\/01\/CONGRESO-FUTURO1-1-1.jpeg 927w, https:\/\/radiorevelacionfm.cl\/wp-content\/uploads\/2023\/01\/CONGRESO-FUTURO1-1-1-300x194.jpeg 300w, https:\/\/radiorevelacionfm.cl\/wp-content\/uploads\/2023\/01\/CONGRESO-FUTURO1-1-1-768x497.jpeg 768w, https:\/\/radiorevelacionfm.cl\/wp-content\/uploads\/2023\/01\/CONGRESO-FUTURO1-1-1-705x456.jpeg 705w, https:\/\/radiorevelacionfm.cl\/wp-content\/uploads\/2023\/01\/CONGRESO-FUTURO1-1-1-600x388.jpeg 600w\" sizes=\"(max-width: 927px) 100vw, 927px\" \/><\/div><\/div><\/div><\/div><div class=\"flex_column av_one_full  flex_column_div av-zero-column-padding first  avia-builder-el-2  el_after_av_one_full  el_before_av_one_full  column-top-margin\" style='border-radius:0px; '><section class=\"av_textblock_section \"  itemscope=\"itemscope\" itemtype=\"https:\/\/schema.org\/BlogPosting\" itemprop=\"blogPost\" ><div class='avia_textblock  '   itemprop=\"text\" ><p style=\"text-align: center;\"><strong><span style=\"font-size: 18pt;\">Senadora \u00d3rdenes participa en inauguraci\u00f3n de Congreso Futuro e invita a la regi\u00f3n de Ays\u00e9n a jornada que se desarrollar\u00e1 el pr\u00f3ximo viernes 20<\/span><\/strong><\/p>\n<div id=\"gtx-trans\" style=\"position: absolute; left: -50px; top: 4.31534px;\">\n<div class=\"gtx-trans-icon\"><\/div>\n<\/div>\n<\/div><\/section><\/div><div class=\"flex_column av_one_full  flex_column_div av-zero-column-padding first  avia-builder-el-4  el_after_av_one_full  el_before_av_hr  column-top-margin\" style='border-radius:0px; '><section class=\"av_textblock_section \"  itemscope=\"itemscope\" itemtype=\"https:\/\/schema.org\/BlogPosting\" itemprop=\"blogPost\" ><div class='avia_textblock  '   itemprop=\"text\" ><p style=\"text-align: justify;\">Con palabras inaugurales del Presidente Gabriel Boric y una entrevista a la inteligencia artificial de Charles Darwin se inaugur\u00f3 este lunes, en Santiago, la versi\u00f3n 2023 de Congreso Futuro: Sin L\u00edmite Real. Se trata del encuentro de divulgaci\u00f3n cient\u00edfica m\u00e1s importante de Latinoam\u00e9rica, y este a\u00f1o se realizar\u00e1, por primera vez, en todas las regiones del pa\u00eds.<\/p>\n<p style=\"text-align: justify;\">\u201cQueremos abordar escenarios futuros que generan incertidumbre, que han cambiado nuestro estilo de vida y la manera en que operan nuestras sociedades. Tenemos que abordar estos desaf\u00edos y anticiparnos para ver qu\u00e9 capacidades tenemos que desarrollar para estar preparados\u201d, coment\u00f3 tras participar de la jornada inaugural la senadora Ximena \u00d3rdenes, integrante de la comisi\u00f3n Desaf\u00edos\u00a0del\u00a0Futuro, Ciencia, Tecnolog\u00eda e Innovaci\u00f3n, de la C\u00e1mara Alta.<\/p>\n<p style=\"text-align: justify;\">La senadora por Ays\u00e9n destac\u00f3 adem\u00e1s que por primera vez este encuentro de nivel mundial -que naci\u00f3 precisamente en el Congreso Nacional hace doce a\u00f1os-, se realizar\u00e1 en todas las regiones del pa\u00eds, incluida la nuestra, donde habr\u00e1 un ciclo de charlas y conversatorios el pr\u00f3ximo viernes 20 de enero.<\/p>\n<p style=\"text-align: justify;\">El evento se realizar\u00e1 en el Centro Cultural Coyhaique entre las 9:00 y las 13:00 horas y contar\u00e1, entre otros, con la participaci\u00f3n del doctor William Cheung, catedr\u00e1tico del Instituto de los Oc\u00e9anos y la Pesca de la Universidad de Columbia Brit\u00e1nica, y de la doctora Doris Soto, ex miembro de la Organizaci\u00f3n de las Naciones Unidas para la Alimentaci\u00f3n (FAO), e investigadora del Centro Interdisciplinario de investigaci\u00f3n en Acuicultura (Incar).<\/p>\n<p style=\"text-align: justify;\">Los ciudadanos de Ays\u00e9n pueden encontrar m\u00e1s informaci\u00f3n del evento en https:\/\/www.congresofuturo.cl\/region\/aysen, y tambi\u00e9n podr\u00e1n seguir la edici\u00f3n principal por streaming desde este mismo lunes.<\/p>\n<p style=\"text-align: justify;\">\u201cEl desarrollo cient\u00edfico y tecnol\u00f3gico es particularmente importante para regiones como la nuestra, donde es fundamental cuidar los recursos naturales y ponerlos en el centro de nuestras preocupaciones tal como la calidad de vida de nuestros ciudadanos, por lo mismo es una gran oportunidad conocer en qu\u00e9 est\u00e1n trabajando los principales investigadores en oc\u00e9anos y acuicultura\u201d, agreg\u00f3 la senadora \u00d3rdenes, invitando tambi\u00e9n a los habitantes de la regi\u00f3n a seguir las transmisiones de los otros invitados de manera virtual por las redes de Congreso Futuro.<\/p>\n<\/div><\/section><\/div><div  style='height:50px' class='hr hr-invisible   avia-builder-el-6  el_after_av_one_full  el_before_av_social_share '><span class='hr-inner ' ><span class='hr-inner-style'><\/span><\/span><\/div><\/p>\n<div  class='av-social-sharing-box  avia-builder-el-7  el_after_av_hr  el_before_av_hr  '><div class='av-share-box'><h5 class='av-share-link-description av-no-toc '>Compartir esta noticia<\/h5><ul class='av-share-box-list noLightbox'><li class='av-share-link av-social-link-facebook' ><a target=\"_blank\" aria-label=\"Compartir en Facebook\" href='https:\/\/www.facebook.com\/sharer.php?u=https:\/\/radiorevelacionfm.cl\/?p=26672&#038;t=Senadora%20%C3%93rdenes%20participa%20en%20inauguraci%C3%B3n%20de%20Congreso%20Futuro%20e%20invita%20a%20la%20regi%C3%B3n%20de%20Ays%C3%A9n%20a%20jornada%20que%20se%20desarrollar%C3%A1%20el%20pr%C3%B3ximo%20viernes%2020' aria-hidden='false' data-av_icon='\ue8f3' data-av_iconfont='entypo-fontello' title='' data-avia-related-tooltip='Compartir en Facebook' rel=\"noopener\"><span class='avia_hidden_link_text'>Compartir en Facebook<\/span><\/a><\/li><li class='av-share-link av-social-link-twitter' ><a target=\"_blank\" aria-label=\"Compartir en Twitter\" href='https:\/\/twitter.com\/share?text=Senadora%20%C3%93rdenes%20participa%20en%20inauguraci%C3%B3n%20de%20Congreso%20Futuro%20e%20invita%20a%20la%20regi%C3%B3n%20de%20Ays%C3%A9n%20a%20jornada%20que%20se%20desarrollar%C3%A1%20el%20pr%C3%B3ximo%20viernes%2020&#038;url=https:\/\/radiorevelacionfm.cl\/?p=26672' aria-hidden='false' data-av_icon='\ue8f1' data-av_iconfont='entypo-fontello' title='' data-avia-related-tooltip='Compartir en Twitter' rel=\"noopener\"><span class='avia_hidden_link_text'>Compartir en Twitter<\/span><\/a><\/li><li class='av-share-link av-social-link-whatsapp' ><a target=\"_blank\" aria-label=\"Compartir en Whatsapp\" href='https:\/\/api.whatsapp.com\/send?text=https:\/\/radiorevelacionfm.cl\/?p=26672' aria-hidden='false' data-av_icon='\uf232' data-av_iconfont='entypo-fontello' title='' data-avia-related-tooltip='Compartir en Whatsapp' rel=\"noopener\"><span class='avia_hidden_link_text'>Compartir en Whatsapp<\/span><\/a><\/li><li class='av-share-link av-social-link-linkedin' ><a target=\"_blank\" aria-label=\"Compartir en LinkedIn\" href='https:\/\/linkedin.com\/shareArticle?mini=true&#038;title=Senadora%20%C3%93rdenes%20participa%20en%20inauguraci%C3%B3n%20de%20Congreso%20Futuro%20e%20invita%20a%20la%20regi%C3%B3n%20de%20Ays%C3%A9n%20a%20jornada%20que%20se%20desarrollar%C3%A1%20el%20pr%C3%B3ximo%20viernes%2020&#038;url=https:\/\/radiorevelacionfm.cl\/?p=26672' aria-hidden='false' data-av_icon='\ue8fc' data-av_iconfont='entypo-fontello' title='' data-avia-related-tooltip='Compartir en LinkedIn' rel=\"noopener\"><span class='avia_hidden_link_text'>Compartir en LinkedIn<\/span><\/a><\/li><li class='av-share-link av-social-link-mail' ><a  aria-label=\"Compartir por correo\" href='mailto:?subject=Senadora%20%C3%93rdenes%20participa%20en%20inauguraci%C3%B3n%20de%20Congreso%20Futuro%20e%20invita%20a%20la%20regi%C3%B3n%20de%20Ays%C3%A9n%20a%20jornada%20que%20se%20desarrollar%C3%A1%20el%20pr%C3%B3ximo%20viernes%2020&#038;body=https:\/\/radiorevelacionfm.cl\/?p=26672' aria-hidden='false' data-av_icon='\ue805' data-av_iconfont='entypo-fontello' title='' data-avia-related-tooltip='Compartir por correo'><span class='avia_hidden_link_text'>Compartir por correo<\/span><\/a><\/li><\/ul><\/div><\/div>\n<div  style='height:50px' class='hr hr-invisible   avia-builder-el-8  el_after_av_social_share  el_before_av_comments_list '><span class='hr-inner ' ><span class='hr-inner-style'><\/span><\/span><\/div>\n<div  class='av-buildercomment  av-blog-meta-html-info-disabled av-blog-meta-tag-disabled  '><\/div>\n","protected":false},"excerpt":{"rendered":"","protected":false},"author":1,"featured_media":26673,"comment_status":"open","ping_status":"open","sticky":false,"template":"","format":"standard","meta":{"footnotes":""},"categories":[35],"tags":[],"class_list":["post-26672","post","type-post","status-publish","format-standard","has-post-thumbnail","hentry","category-politica"],"jetpack_featured_media_url":"https:\/\/radiorevelacionfm.cl\/wp-content\/uploads\/2023\/01\/CONGRESO-FUTURO1-1-1.jpeg","_links":{"self":[{"href":"https:\/\/radiorevelacionfm.cl\/index.php?rest_route=\/wp\/v2\/posts\/26672","targetHints":{"allow":["GET"]}}],"collection":[{"href":"https:\/\/radiorevelacionfm.cl\/index.php?rest_route=\/wp\/v2\/posts"}],"about":[{"href":"https:\/\/radiorevelacionfm.cl\/index.php?rest_route=\/wp\/v2\/types\/post"}],"author":[{"embeddable":true,"href":"https:\/\/radiorevelacionfm.cl\/index.php?rest_route=\/wp\/v2\/users\/1"}],"replies":[{"embeddable":true,"href":"https:\/\/radiorevelacionfm.cl\/index.php?rest_route=%2Fwp%2Fv2%2Fcomments&post=26672"}],"version-history":[{"count":2,"href":"https:\/\/radiorevelacionfm.cl\/index.php?rest_route=\/wp\/v2\/posts\/26672\/revisions"}],"predecessor-version":[{"id":26676,"href":"https:\/\/radiorevelacionfm.cl\/index.php?rest_route=\/wp\/v2\/posts\/26672\/revisions\/26676"}],"wp:featuredmedia":[{"embeddable":true,"href":"https:\/\/radiorevelacionfm.cl\/index.php?rest_route=\/wp\/v2\/media\/26673"}],"wp:attachment":[{"href":"https:\/\/radiorevelacionfm.cl\/index.php?rest_route=%2Fwp%2Fv2%2Fmedia&parent=26672"}],"wp:term":[{"taxonomy":"category","embeddable":true,"href":"https:\/\/radiorevelacionfm.cl\/index.php?rest_route=%2Fwp%2Fv2%2Fcategories&post=26672"},{"taxonomy":"post_tag","embeddable":true,"href":"https:\/\/radiorevelacionfm.cl\/index.php?rest_route=%2Fwp%2Fv2%2Ftags&post=26672"}],"curies":[{"name":"wp","href":"https:\/\/api.w.org\/{rel}","templated":true}]}}