{"id":26668,"date":"2023-01-16T18:06:14","date_gmt":"2023-01-16T21:06:14","guid":{"rendered":"https:\/\/radiorevelacionfm.cl\/?p=26668"},"modified":"2023-01-16T18:06:14","modified_gmt":"2023-01-16T21:06:14","slug":"gobierno-presenta-principales-medidas-del-plan-de-reactivacion-educativa-2023-y-convoca-a-un-consejo-de-expertos","status":"publish","type":"post","link":"https:\/\/radiorevelacionfm.cl\/?p=26668","title":{"rendered":"Gobierno presenta principales medidas del Plan de Reactivaci\u00f3n Educativa 2023 y convoca a un consejo de expertos"},"content":{"rendered":"<div class=\"flex_column av_one_full  flex_column_div av-zero-column-padding first  avia-builder-el-0  el_before_av_one_full  avia-builder-el-first  \" style='border-radius:0px; '><div  class='avia-image-container  av-styling-    avia-builder-el-1  avia-builder-el-no-sibling  avia-align-center '  itemprop=\"image\" itemscope=\"itemscope\" itemtype=\"https:\/\/schema.org\/ImageObject\"  ><div class='avia-image-container-inner'><div class='avia-image-overlay-wrap'><img decoding=\"async\" class='wp-image-26669 avia-img-lazy-loading-not-26669 avia_image' src=\"https:\/\/radiorevelacionfm.cl\/wp-content\/uploads\/2023\/01\/Reactivacion-4-Minstro-1-1.jpg\" alt='' title='Reactivaci\u00f3n 4 Minstro (1) (1)' height=\"600\" width=\"900\"  itemprop=\"thumbnailUrl\" srcset=\"https:\/\/radiorevelacionfm.cl\/wp-content\/uploads\/2023\/01\/Reactivacion-4-Minstro-1-1.jpg 900w, https:\/\/radiorevelacionfm.cl\/wp-content\/uploads\/2023\/01\/Reactivacion-4-Minstro-1-1-300x200.jpg 300w, https:\/\/radiorevelacionfm.cl\/wp-content\/uploads\/2023\/01\/Reactivacion-4-Minstro-1-1-768x512.jpg 768w, https:\/\/radiorevelacionfm.cl\/wp-content\/uploads\/2023\/01\/Reactivacion-4-Minstro-1-1-705x470.jpg 705w, https:\/\/radiorevelacionfm.cl\/wp-content\/uploads\/2023\/01\/Reactivacion-4-Minstro-1-1-600x400.jpg 600w\" sizes=\"(max-width: 900px) 100vw, 900px\" \/><\/div><\/div><\/div><\/div><div class=\"flex_column av_one_full  flex_column_div av-zero-column-padding first  avia-builder-el-2  el_after_av_one_full  el_before_av_one_full  column-top-margin\" style='border-radius:0px; '><section class=\"av_textblock_section \"  itemscope=\"itemscope\" itemtype=\"https:\/\/schema.org\/BlogPosting\" itemprop=\"blogPost\" ><div class='avia_textblock  '   itemprop=\"text\" ><p style=\"text-align: center;\"><span style=\"font-size: 18pt;\"><b>Gobierno presenta principales medidas del Plan de Reactivaci\u00f3n Educativa 2023 y convoca a un consejo de expertos\u00a0<\/b><\/span><\/p>\n<div id=\"gtx-trans\" style=\"position: absolute; left: -50px; top: 4.31534px;\">\n<div class=\"gtx-trans-icon\"><\/div>\n<\/div>\n<\/div><\/section><\/div><div class=\"flex_column av_one_full  flex_column_div av-zero-column-padding first  avia-builder-el-4  el_after_av_one_full  el_before_av_hr  column-top-margin\" style='border-radius:0px; '><section class=\"av_textblock_section \"  itemscope=\"itemscope\" itemtype=\"https:\/\/schema.org\/BlogPosting\" itemprop=\"blogPost\" ><div class='avia_textblock  '   itemprop=\"text\" ><p style=\"text-align: justify;\"><span class=\"v1contentpasted0\">Este lunes, el Presidente de la Rep\u00fablica, Gabriel Boric Font, junto al ministro de Educaci\u00f3n, Marco Antonio \u00c1vila, presentaron las principales medidas del\u00a0<b>Plan de Reactivaci\u00f3n Educativa 2023<\/b>\u00a0en tres \u00e1mbitos clave, que son la asistencia y revinculaci\u00f3n de los estudiantes excluidos del sistema; el fortalecimiento de aprendizajes y condiciones para la ense\u00f1anza; y la convivencia y salud mental. Como cuarta medida, anunciaron la creaci\u00f3n de un Consejo para la Reactivaci\u00f3n Educativa, el que entregar\u00e1 recomendaciones que enriquezcan el plan.<\/span><\/p>\n<p class=\"v1MsoNormal\" style=\"text-align: justify;\"><span class=\"v1contentpasted0\">El Presidente de la Rep\u00fablica, Gabriel Boric, explic\u00f3 que el pa\u00eds tiene el desaf\u00edo de reactivar la educaci\u00f3n y que el Gobierno ha asumido \u201cuna\u00a0responsabilidad principal de coordinaci\u00f3n, empuje y sobre todo de sentido de urgencia, porque es tambi\u00e9n una guerra contra el tiempo. Queremos recuperar a las y los estudiantes en su aprendizaje, revinculando a quienes abandonaron o est\u00e1n abandonando sus escuelas, y haci\u00e9ndonos cargo del deterioro de la convivencia escolar. Por eso este Plan de Reactivaci\u00f3n Educativa va a ser la principal tarea del Mineduc durante nuestro gobierno, y es por ello que le he pedido al ministro Marco Antonio \u00c1vila convocar a este Consejo para la Reactivaci\u00f3n Educativa\u201d.<\/span><\/p>\n<p class=\"v1MsoNormal\" style=\"text-align: justify;\"><span class=\"v1contentpasted0\"><b>Ejes de reactivaci\u00f3n<\/b><\/span><\/p>\n<p class=\"v1MsoNormal\" style=\"text-align: justify;\"><span class=\"v1contentpasted0\">Respecto de la\u00a0<b>\u00a0convivencia y salud mental<\/b>, se anunci\u00f3 la ampliaci\u00f3n del programa que el Mineduc tiene en esta materia, en alianza con las universidades y equipos territoriales de convivencia, entregando apoyo psicosocial a 100 comunas prioritarias, con una cobertura de m\u00e1s 2.100 establecimientos educativos y beneficiando a m\u00e1s de 1.200.000 estudiantes. Adem\u00e1s, el Mineduc seguir\u00e1 ampliando el programa Habilidades para la Vida, llegando a m\u00e1s de 3 mil establecimientos, seguir\u00e1 entregando orientaciones y formaci\u00f3n en desarrollo socioemocional y salud mental a docentes y asistentes de la educaci\u00f3n; y actualizar\u00e1\u00a0 la Pol\u00edtica Nacional de Convivencia, entre otras iniciativas.<\/span><\/p>\n<p class=\"v1MsoNormal\" style=\"text-align: justify;\"><span class=\"v1contentpasted0\">La segunda medida es la\u00a0<b>estrategia para el rezago lector en el \u00e1mbito del fortalecimiento de aprendizajes,\u00a0<\/b>que\u00a0 contempla la entrega de un Kit de Apoyo Pedag\u00f3gico para revertir el rezago lector a todos los establecimientos educativos del pa\u00eds, el que contendr\u00e1 una evaluaci\u00f3n diagn\u00f3stica, recursos y materiales que incluyen orientaciones, gu\u00edas, videos y otras herramientas pedag\u00f3gicas para los niveles de 2\u00b0 a 4\u00b0 b\u00e1sico. Asimismo, se convocar\u00e1 a m\u00e1s de 20.000 tutores para que trabajen de forma focalizada, prioritariamente con estudiantes entre 2\u00b0 a 4\u00b0 b\u00e1sico para incentivar habilidades de lectura, escritura y comunicaci\u00f3n.\u00a0<\/span><\/p>\n<p class=\"v1MsoNormal\" style=\"text-align: justify;\"><span class=\"v1contentpasted0\">La tercera medida es la conformaci\u00f3n de\u00a0<b>equipos territoriales para la asistencia y revinculaci\u00f3n,\u00a0<\/b>con la participaci\u00f3n de 1.300 profesionales y gestores que buscar\u00e1n y traer\u00e1n de vuelta a las salas de clases a las y los estudiantes que se han visto excluidos. Esta acci\u00f3n se suma a los reportes peri\u00f3dicos que seguir\u00e1 entregando el Mineduc con informaci\u00f3n personalizada de estudiantes excluidos del sistema y en riesgo de exclusi\u00f3n.<\/span><\/p>\n<p class=\"v1MsoNormal\" style=\"text-align: justify;\"><span class=\"v1contentpasted0\">Por \u00faltimo, las autoridades anunciaron\u00a0 la conformaci\u00f3n de un\u00a0<b>Consejo para la Reactivaci\u00f3n Educativa<\/b>, espacio transversal\u00a0<\/span><span class=\"v1contentpasted0\">conformado por 23 representantes del sector educativo, pol\u00edtico, de la sociedad civil y de organismos internacionales, que contribuir\u00e1 a abordar el desaf\u00edo pa\u00eds de la reactivaci\u00f3n educativa, entregando recomendaciones al Mineduc en esta materia. La instancia generar\u00e1 un informe que consolidar\u00e1 sus recomendaciones y que ser\u00e1 presentado al pa\u00eds durante el primer semestre de 2023.<\/span><\/p>\n<p class=\"v1MsoNormal\" style=\"text-align: justify;\"><span class=\"v1contentpasted0\">El ministro de Educaci\u00f3n, Marco Antonio \u00c1vila, explic\u00f3 que \u201cesta ceremonia formaliza la constituci\u00f3n del consejo asesor para la Reactivaci\u00f3n Educativa, el cual est\u00e1 integrado por un amplio espectro que representa la transversalidad del pa\u00eds, de los distintos territorios y dependencias, presidentes de la comisi\u00f3n de Educaci\u00f3n del Senado y de la C\u00e1mara de Diputados; tambi\u00e9n nos acompa\u00f1an exministros; las tres asociaciones de alcaldes y alcaldesas; la asociaci\u00f3n de gobernadores y gobernadoras; en representaci\u00f3n de la academia rectores de universidades, y representantes de organizaciones de la sociedad civil nacionales e internacionales, para trabajar juntos en la prioridad del Mineduc para los pr\u00f3ximos a\u00f1os que es la Reactivaci\u00f3n Educativa, lo que permitir\u00e1 incorporar nuevas acciones y recursos para recuperar aprendizajes y adem\u00e1s la socializaci\u00f3n y herramientas de car\u00e1cter socioemocional para que ning\u00fan ni\u00f1o, ni\u00f1a\u00a0 joven quede atr\u00e1s\u201d.\u00a0\u00a0<\/span><\/p>\n<p class=\"v1MsoNormal\" style=\"text-align: justify;\"><span class=\"v1contentpasted0\">Y el secretario ejecutivo del Plan de Reactivaci\u00f3n Educativa, Joaqu\u00edn Walker, a\u00f1adi\u00f3 que \u201choy expresamos el despliegue que simboliza el sello del Plan de Reactivaci\u00f3n Educativa, esta es una causa del gobierno completo, pero que tambi\u00e9n requiere el apoyo transversal con articulaci\u00f3n y coordinaci\u00f3n del Ministerio de Educaci\u00f3n para desplegar la capacidad de m\u00e1s sectores, con el objetivo de abordar la mejora de los aprendizajes, convivencia y bienestar, y tambi\u00e9n la revinculaci\u00f3n y asistencia\u201d.<\/span><\/p>\n<p class=\"v1MsoNormal\" style=\"text-align: justify;\"><span class=\"v1contentpasted0\">Por su parte, la senadora Yasna Provoste se\u00f1al\u00f3 que \u201cla tarea de la Reactivaci\u00f3n Educativa es enorme porque tambi\u00e9n as\u00ed lo requiere el desaf\u00edo que enfrentamos como pa\u00eds, y por eso ninguno de nosotros se ha restado a la invitaci\u00f3n que nos hizo el ministro \u00c1vila a ser parte de este consejo\u201d.\u00a0<\/span><\/p>\n<p class=\"v1MsoNormal\" style=\"text-align: justify;\"><span class=\"v1contentpasted0\">Asimismo, el diputado Juan Santana agreg\u00f3 que \u201cvaloro tremendamente que se haya constituido una instancia amplia y transversal porque este esfuerzo es lo que hoy el pa\u00eds necesita, una pol\u00edtica de Estado que enfrente con firmeza los grandes desaf\u00edos que tiene la educaci\u00f3n p\u00fablica, y para eso, el ministro \u00c1vila cuenta con todo nuestro respaldo desde la C\u00e1mara de Diputados\u201d.<\/span><\/p>\n<p class=\"v1MsoNormal\" style=\"text-align: justify;\"><span class=\"v1contentpasted0\">En tanto, el exministro de Hacienda, Ignacio Briones coment\u00f3 que \u201cesta debe ser una cruzada en la cual tenemos que unirnos, no puede ser un tema de izquierda o derechas, tenemos que trabajar en conjunto y ojal\u00e1 se sumen muchos m\u00e1s\u201d.\u00a0<\/span><\/p>\n<p class=\"v1MsoNormal\" style=\"text-align: justify;\"><span class=\"v1contentpasted0\">La rectora de la Universidad de Chile, Rosa Rev\u00e9s concluy\u00f3 que \u201crevitalizar la educaci\u00f3n es un gran desaf\u00edo y se trata de una tarea pa\u00eds. La Universidad de Chile y otras instituciones y actores sociales contribuiremos a atender esta situaci\u00f3n, pues es crucial recuperar los aprendizajes perdidos, pero tambi\u00e9n ocuparse de las necesidades de la formaci\u00f3n docente y del desarrollo del sistema educacional en su conjunto. Es muy importante apoyar la conducci\u00f3n del Mineduc en esta iniciativa\u201d.<\/span><\/p>\n<p class=\"v1MsoNormal\" style=\"text-align: justify;\"><span class=\"v1contentpasted0\"><b>Consejeros y consejeras<\/b><\/span><\/p>\n<p class=\"v1MsoNormal\" style=\"text-align: justify;\"><span class=\"v1contentpasted0\">El Consejo para la Reactivaci\u00f3n Educativa estar\u00e1 conformado por 23 consejeros y consejeras, pertenecientes a organizaciones de la sociedad civil, organismos internacionales, universidades, autoridades locales, exministros de Estado y parlamentarios:<\/span><\/p>\n<ul type=\"disc\">\n<li style=\"text-align: justify;\"><span class=\"v1contentpasted0\"><b>Yasna Provoste<\/b><\/span><span class=\"v1contentpasted0\">, senadora y presidenta de la Comisi\u00f3n de Educaci\u00f3n del Senado.<\/span><\/li>\n<li style=\"text-align: justify;\"><span class=\"v1contentpasted0\"><b>Juan Santana<\/b><\/span><span class=\"v1contentpasted0\">, diputado y presidente de la Comisi\u00f3n de Educaci\u00f3n de la C\u00e1mara de Diputadas y Diputados.<\/span><\/li>\n<li style=\"text-align: justify;\"><span class=\"v1contentpasted0\"><b>Claudia Uribe<\/b><\/span><span class=\"v1contentpasted0\">, directora de la Oficina Regional de Educaci\u00f3n para Am\u00e9rica Latina y el Caribe de la UNESCO en Chile.<\/span><\/li>\n<li style=\"text-align: justify;\"><span class=\"v1contentpasted0\"><b>Paolo Mefalopulos<\/b><\/span><span class=\"v1contentpasted0\">, representante de la UNICEF en Chile.\u00a0<\/span><\/li>\n<li style=\"text-align: justify;\"><span class=\"v1contentpasted0\"><b>Ignacio Briones<\/b><\/span><span class=\"v1contentpasted0\">, exministro de Hacienda y presidente del directorio del Centro de Estudios Horizontal.\u00a0<\/span><\/li>\n<li style=\"text-align: justify;\"><span class=\"v1contentpasted0\"><b>Adriana Delpiano<\/b><\/span><span class=\"v1contentpasted0\">, exministra de Educaci\u00f3n, de Bienes Nacionales y del Servicio Nacional de la Mujer.<\/span><\/li>\n<li style=\"text-align: justify;\"><span class=\"v1contentpasted0\"><b>Ricardo D\u00edaz<\/b><\/span><span class=\"v1contentpasted0\">, pr\u00f3ximo presidente de la Asociaci\u00f3n Nacional de Gobernadores Regionales.\u00a0<\/span><\/li>\n<li style=\"text-align: justify;\"><span class=\"v1contentpasted0\"><b>Carolina Leitao<\/b><\/span><span class=\"v1contentpasted0\">, alcaldesa y presidenta de la Asociaci\u00f3n Chilena de Municipalidades (ACHM).<\/span><\/li>\n<li style=\"text-align: justify;\"><span class=\"v1contentpasted0\"><b>Gustavo Alessandri<\/b><\/span><span class=\"v1contentpasted0\">, alcalde y presidente de la Asociaci\u00f3n de Municipalidades de Chile, AMUCH.\u00a0<\/span><\/li>\n<li style=\"text-align: justify;\"><span class=\"v1contentpasted0\"><b>Jaime Escudero<\/b><\/span><span class=\"v1contentpasted0\">, alcalde y presidente de la Asociaci\u00f3n de Alcaldes Rurales de Chile.\u00a0<\/span><\/li>\n<li style=\"text-align: justify;\"><span class=\"v1contentpasted0\"><b>Rosa Dev\u00e9s<\/b><\/span><span class=\"v1contentpasted0\">, rectora de la Universidad de Chile<\/span><\/li>\n<li style=\"text-align: justify;\"><span class=\"v1contentpasted0\"><b>Ignacio S\u00e1nchez<\/b><\/span><span class=\"v1contentpasted0\">, rector de la Pontificia Universidad Cat\u00f3lica de Chile.<\/span><\/li>\n<li style=\"text-align: justify;\"><span class=\"v1contentpasted0\"><b>Juan Mansilla<\/b><\/span><span class=\"v1contentpasted0\">, presidente del Consejo de Decanos de las Facultades de Educaci\u00f3n del CRUCH (CONFAUCE).<\/span><\/li>\n<li style=\"text-align: justify;\"><span class=\"v1contentpasted0\"><b>Carlos D\u00edaz<\/b><\/span><span class=\"v1contentpasted0\">, presidente del Colegio de Profesores y Profesoras de Chile.\u00a0<\/span><\/li>\n<li style=\"text-align: justify;\"><span class=\"v1contentpasted0\"><b>Mar\u00eda Victoria Peralta<\/b><\/span><span class=\"v1contentpasted0\">, primera educadora de p\u00e1rvulos reconocida con el Premio Nacional de Ciencias de la Educaci\u00f3n.\u00a0\u00a0<\/span><\/li>\n<li style=\"text-align: justify;\"><span class=\"v1contentpasted0\"><b>Pedro D\u00edaz<\/b><\/span><span class=\"v1contentpasted0\">, presidente de la Federaci\u00f3n de Instituciones de Educaci\u00f3n Particular (FIDE).\u00a0<\/span><\/li>\n<li style=\"text-align: justify;\"><span class=\"v1contentpasted0\"><b>Hern\u00e1n Herrera<\/b><\/span><span class=\"v1contentpasted0\">, presidente de la Corporaci\u00f3n Nacional de Colegios Particulares de Chile (CONACEP).<\/span><\/li>\n<li style=\"text-align: justify;\"><span class=\"v1contentpasted0\"><b>Pedro Larra\u00edn<\/b><\/span><span class=\"v1contentpasted0\">, director ejecutivo de la Fundaci\u00f3n Bel\u00e9n Educa.\u00a0<\/span><\/li>\n<li style=\"text-align: justify;\"><span class=\"v1contentpasted0\"><b>V\u00edctor Reyes<\/b><\/span><span class=\"v1contentpasted0\">, rector del Liceo Bicentenario Polivalente de San Nicol\u00e1s\u00a0<\/span><\/li>\n<li style=\"text-align: justify;\"><span class=\"v1contentpasted0\"><b>V\u00edctor Orellana<\/b><\/span><span class=\"v1contentpasted0\">, director de la Fundaci\u00f3n Nodo XXI e investigador del Centro de Investigaci\u00f3n Avanzada en Educaci\u00f3n de la Universidad de Chile.\u00a0<\/span><\/li>\n<li style=\"text-align: justify;\"><span class=\"v1contentpasted0\"><b>Marcela Marzolo<\/b><\/span><span class=\"v1contentpasted0\">, representante de la alianza de organizaciones de la sociedad civil \u201cAcci\u00f3n Colectiva por la Educaci\u00f3n\u201d.<\/span><\/li>\n<li style=\"text-align: justify;\"><span class=\"v1contentpasted0\"><b>Carolina Andueza<\/b><\/span><span class=\"v1contentpasted0\">, representante de la alianza de organizaciones de la sociedad \u201cPor un Chile que Lee\u201d.<\/span><\/li>\n<li style=\"text-align: justify;\"><span class=\"v1contentpasted0\"><b>Angeline Morgado<\/b><\/span><span class=\"v1contentpasted0\">, presidenta del primer Consejo de la Sociedad Civil del Mineduc conformado \u00fanicamente por estudiantes.<\/span><\/li>\n<\/ul>\n<\/div><\/section><\/div><div  style='height:50px' class='hr hr-invisible   avia-builder-el-6  el_after_av_one_full  el_before_av_social_share '><span class='hr-inner ' ><span class='hr-inner-style'><\/span><\/span><\/div><\/p>\n<div  class='av-social-sharing-box  avia-builder-el-7  el_after_av_hr  el_before_av_hr  '><div class='av-share-box'><h5 class='av-share-link-description av-no-toc '>Compartir esta noticia<\/h5><ul class='av-share-box-list noLightbox'><li class='av-share-link av-social-link-facebook' ><a target=\"_blank\" aria-label=\"Compartir en Facebook\" href='https:\/\/www.facebook.com\/sharer.php?u=https:\/\/radiorevelacionfm.cl\/?p=26668&#038;t=Gobierno%20presenta%20principales%20medidas%20del%20Plan%20de%20Reactivaci%C3%B3n%20Educativa%202023%20y%20convoca%20a%20un%20consejo%20de%20expertos' aria-hidden='false' data-av_icon='\ue8f3' data-av_iconfont='entypo-fontello' title='' data-avia-related-tooltip='Compartir en Facebook' rel=\"noopener\"><span class='avia_hidden_link_text'>Compartir en Facebook<\/span><\/a><\/li><li class='av-share-link av-social-link-twitter' ><a target=\"_blank\" aria-label=\"Compartir en Twitter\" href='https:\/\/twitter.com\/share?text=Gobierno%20presenta%20principales%20medidas%20del%20Plan%20de%20Reactivaci%C3%B3n%20Educativa%202023%20y%20convoca%20a%20un%20consejo%20de%20expertos&#038;url=https:\/\/radiorevelacionfm.cl\/?p=26668' aria-hidden='false' data-av_icon='\ue8f1' data-av_iconfont='entypo-fontello' title='' data-avia-related-tooltip='Compartir en Twitter' rel=\"noopener\"><span class='avia_hidden_link_text'>Compartir en Twitter<\/span><\/a><\/li><li class='av-share-link av-social-link-whatsapp' ><a target=\"_blank\" aria-label=\"Compartir en Whatsapp\" href='https:\/\/api.whatsapp.com\/send?text=https:\/\/radiorevelacionfm.cl\/?p=26668' aria-hidden='false' data-av_icon='\uf232' data-av_iconfont='entypo-fontello' title='' data-avia-related-tooltip='Compartir en Whatsapp' rel=\"noopener\"><span class='avia_hidden_link_text'>Compartir en Whatsapp<\/span><\/a><\/li><li class='av-share-link av-social-link-linkedin' ><a target=\"_blank\" aria-label=\"Compartir en LinkedIn\" href='https:\/\/linkedin.com\/shareArticle?mini=true&#038;title=Gobierno%20presenta%20principales%20medidas%20del%20Plan%20de%20Reactivaci%C3%B3n%20Educativa%202023%20y%20convoca%20a%20un%20consejo%20de%20expertos&#038;url=https:\/\/radiorevelacionfm.cl\/?p=26668' aria-hidden='false' data-av_icon='\ue8fc' data-av_iconfont='entypo-fontello' title='' data-avia-related-tooltip='Compartir en LinkedIn' rel=\"noopener\"><span class='avia_hidden_link_text'>Compartir en LinkedIn<\/span><\/a><\/li><li class='av-share-link av-social-link-mail' ><a  aria-label=\"Compartir por correo\" href='mailto:?subject=Gobierno%20presenta%20principales%20medidas%20del%20Plan%20de%20Reactivaci%C3%B3n%20Educativa%202023%20y%20convoca%20a%20un%20consejo%20de%20expertos&#038;body=https:\/\/radiorevelacionfm.cl\/?p=26668' aria-hidden='false' data-av_icon='\ue805' data-av_iconfont='entypo-fontello' title='' data-avia-related-tooltip='Compartir por correo'><span class='avia_hidden_link_text'>Compartir por correo<\/span><\/a><\/li><\/ul><\/div><\/div>\n<div  style='height:50px' class='hr hr-invisible   avia-builder-el-8  el_after_av_social_share  el_before_av_comments_list '><span class='hr-inner ' ><span class='hr-inner-style'><\/span><\/span><\/div>\n<div  class='av-buildercomment  av-blog-meta-html-info-disabled av-blog-meta-tag-disabled  '><\/div>\n","protected":false},"excerpt":{"rendered":"","protected":false},"author":1,"featured_media":26669,"comment_status":"open","ping_status":"open","sticky":false,"template":"","format":"standard","meta":{"footnotes":""},"categories":[49],"tags":[],"class_list":["post-26668","post","type-post","status-publish","format-standard","has-post-thumbnail","hentry","category-educacion"],"jetpack_featured_media_url":"https:\/\/radiorevelacionfm.cl\/wp-content\/uploads\/2023\/01\/Reactivacion-4-Minstro-1-1.jpg","_links":{"self":[{"href":"https:\/\/radiorevelacionfm.cl\/index.php?rest_route=\/wp\/v2\/posts\/26668","targetHints":{"allow":["GET"]}}],"collection":[{"href":"https:\/\/radiorevelacionfm.cl\/index.php?rest_route=\/wp\/v2\/posts"}],"about":[{"href":"https:\/\/radiorevelacionfm.cl\/index.php?rest_route=\/wp\/v2\/types\/post"}],"author":[{"embeddable":true,"href":"https:\/\/radiorevelacionfm.cl\/index.php?rest_route=\/wp\/v2\/users\/1"}],"replies":[{"embeddable":true,"href":"https:\/\/radiorevelacionfm.cl\/index.php?rest_route=%2Fwp%2Fv2%2Fcomments&post=26668"}],"version-history":[{"count":2,"href":"https:\/\/radiorevelacionfm.cl\/index.php?rest_route=\/wp\/v2\/posts\/26668\/revisions"}],"predecessor-version":[{"id":26675,"href":"https:\/\/radiorevelacionfm.cl\/index.php?rest_route=\/wp\/v2\/posts\/26668\/revisions\/26675"}],"wp:featuredmedia":[{"embeddable":true,"href":"https:\/\/radiorevelacionfm.cl\/index.php?rest_route=\/wp\/v2\/media\/26669"}],"wp:attachment":[{"href":"https:\/\/radiorevelacionfm.cl\/index.php?rest_route=%2Fwp%2Fv2%2Fmedia&parent=26668"}],"wp:term":[{"taxonomy":"category","embeddable":true,"href":"https:\/\/radiorevelacionfm.cl\/index.php?rest_route=%2Fwp%2Fv2%2Fcategories&post=26668"},{"taxonomy":"post_tag","embeddable":true,"href":"https:\/\/radiorevelacionfm.cl\/index.php?rest_route=%2Fwp%2Fv2%2Ftags&post=26668"}],"curies":[{"name":"wp","href":"https:\/\/api.w.org\/{rel}","templated":true}]}}