{"id":26664,"date":"2023-01-16T16:47:56","date_gmt":"2023-01-16T19:47:56","guid":{"rendered":"https:\/\/radiorevelacionfm.cl\/?p=26664"},"modified":"2023-01-16T16:47:56","modified_gmt":"2023-01-16T19:47:56","slug":"pension-garantizada-universal-a-206-mil-pesos-se-reajustara-la-pgu-el-proximo-mes","status":"publish","type":"post","link":"https:\/\/radiorevelacionfm.cl\/?p=26664","title":{"rendered":"Pensi\u00f3n Garantizada Universal: A 206 mil pesos se reajustar\u00e1 la PGU el pr\u00f3ximo mes"},"content":{"rendered":"<div class=\"flex_column av_one_full  flex_column_div av-zero-column-padding first  avia-builder-el-0  el_before_av_one_full  avia-builder-el-first  \" style='border-radius:0px; '><div  class='avia-image-container  av-styling-    avia-builder-el-1  avia-builder-el-no-sibling  avia-align-center '  itemprop=\"image\" itemscope=\"itemscope\" itemtype=\"https:\/\/schema.org\/ImageObject\"  ><div class='avia-image-container-inner'><div class='avia-image-overlay-wrap'><img decoding=\"async\" class='wp-image-26665 avia-img-lazy-loading-not-26665 avia_image' src=\"https:\/\/radiorevelacionfm.cl\/wp-content\/uploads\/2023\/01\/seremi_charlaadultosmayores_loscolonos-1_optimized.jpg\" alt='' title='seremi_charlaadultosmayores_loscolonos-(1)_optimized' height=\"600\" width=\"794\"  itemprop=\"thumbnailUrl\" srcset=\"https:\/\/radiorevelacionfm.cl\/wp-content\/uploads\/2023\/01\/seremi_charlaadultosmayores_loscolonos-1_optimized.jpg 794w, https:\/\/radiorevelacionfm.cl\/wp-content\/uploads\/2023\/01\/seremi_charlaadultosmayores_loscolonos-1_optimized-300x227.jpg 300w, https:\/\/radiorevelacionfm.cl\/wp-content\/uploads\/2023\/01\/seremi_charlaadultosmayores_loscolonos-1_optimized-768x580.jpg 768w, https:\/\/radiorevelacionfm.cl\/wp-content\/uploads\/2023\/01\/seremi_charlaadultosmayores_loscolonos-1_optimized-705x533.jpg 705w, https:\/\/radiorevelacionfm.cl\/wp-content\/uploads\/2023\/01\/seremi_charlaadultosmayores_loscolonos-1_optimized-600x453.jpg 600w\" sizes=\"(max-width: 794px) 100vw, 794px\" \/><\/div><\/div><\/div><\/div><div class=\"flex_column av_one_full  flex_column_div av-zero-column-padding first  avia-builder-el-2  el_after_av_one_full  el_before_av_one_full  column-top-margin\" style='border-radius:0px; '><section class=\"av_textblock_section \"  itemscope=\"itemscope\" itemtype=\"https:\/\/schema.org\/BlogPosting\" itemprop=\"blogPost\" ><div class='avia_textblock  '   itemprop=\"text\" ><p class=\"v1MsoNormal\" style=\"text-align: center;\" align=\"center\"><span style=\"font-size: 18pt;\"><b><span lang=\"ES\">Pensi\u00f3n Garantizada Universal: A 206 mil pesos se reajustar\u00e1 la PGU el pr\u00f3ximo mes<\/span><\/b><\/span><\/p>\n<p class=\"v1MsoNormal\" align=\"center\"><b><span lang=\"ES\">\u00a0<\/span><\/b><\/p>\n<div id=\"gtx-trans\" style=\"position: absolute; left: -50px; top: 4.31534px;\">\n<div class=\"gtx-trans-icon\"><\/div>\n<\/div>\n<\/div><\/section><\/div><div class=\"flex_column av_one_full  flex_column_div av-zero-column-padding first  avia-builder-el-4  el_after_av_one_full  el_before_av_hr  column-top-margin\" style='border-radius:0px; '><section class=\"av_textblock_section \"  itemscope=\"itemscope\" itemtype=\"https:\/\/schema.org\/BlogPosting\" itemprop=\"blogPost\" ><div class='avia_textblock  '   itemprop=\"text\" ><p class=\"v1MsoNormal\" style=\"text-align: justify;\"><span lang=\"ES\">El Instituto de Previsi\u00f3n Social (IPS) informa que ya dispuso de todas las adecuaciones necesarias en sus sistemas para implementar el reajuste de la Pensi\u00f3n Garantizada Universal (PGU), el que se ver\u00e1 reflejado en los pagos de febrero, de acuerdo con lo instruido por la Superintendencia de Pensiones en virtud de la normativa vigente.<\/span><\/p>\n<p class=\"v1MsoNormal\" style=\"text-align: justify;\"><span lang=\"ES\">As\u00ed, a partir del pr\u00f3ximo mes el monto del beneficio sube desde $193.917 a\u00a0<b>$206.173 pesos mensuales<\/b>, para quienes lo reciben en su totalidad.<\/span><\/p>\n<p class=\"v1MsoNormal\" style=\"text-align: justify;\"><span lang=\"ES\">El incremento se calcul\u00f3 a partir de la variaci\u00f3n experimentada por el \u00cdndice de Precios al Consumidor (IPC) durante el per\u00edodo junio-diciembre 2022, que alcanz\u00f3 un 6,32 %, seg\u00fan inform\u00f3 el Instituto Nacional de Estad\u00edsticas (INE).<\/span><\/p>\n<p class=\"v1MsoNormal\" style=\"text-align: justify;\"><span lang=\"ES\">Adem\u00e1s, la Superintendencia de Pensiones instruy\u00f3 tambi\u00e9n que a partir de febrero de 2023 se reajuste el valor de la llamada \u00abPensi\u00f3n Inferior\u00bb y el de la \u00abPensi\u00f3n Superior\u00bb,<b>\u00a0<\/b>que sirven de par\u00e1metros para uno de los requisitos de la PGU. La Pensi\u00f3n Inferior sube desde los actuales $660.366 mensuales a un nuevo monto de $702.101; mientras que el de la Pensi\u00f3n Superior aumentar\u00e1 desde $1.048.200 a $1.114.446. Cabe recordar que solo pueden acceder a la PGU, o a una parte de ella, quienes tengan una Pensi\u00f3n Base calculada inferior a la Pensi\u00f3n Superior establecida en la Ley, entre otros requisitos.<\/span><\/p>\n<p class=\"v1MsoNormal\" style=\"text-align: justify;\"><span lang=\"ES\">En febrero tambi\u00e9n se incrementar\u00e1 el monto de la Pensi\u00f3n B\u00e1sica Solidaria de Invalidez, valor equivalente al de la PGU, y del Subsidio por Discapacidad para menores de 18 a\u00f1os, correspondiente al 50 % del monto de la PGU. En total, desde febrero se ver\u00e1n beneficiadas\u00a0<b>aproximadamente 2 millones de personas<\/b>\u00a0con los reajustes a la PGU y estos beneficios.<\/span><\/p>\n<p class=\"v1MsoNormal\" style=\"text-align: justify;\"><b><u><span lang=\"ES\">M\u00faltiples canales de solicitud y consulta de la PGU<\/span><\/u><\/b><\/p>\n<p class=\"v1MsoNormal\" style=\"text-align: justify;\"><span lang=\"ES\">El Seremi del Trabajo y Previsi\u00f3n Social, Rodrigo D\u00edaz Cordaro, hizo\u00a0un llamado a que \u00abtodas las personas cuando cumplan 65 a\u00f1os no dejen de consultar por los requisitos para la PGU, y hagan su solicitud cuando corresponda; para ello, tenemos diversas alternativas no presenciales, como la postulaci\u00f3n en l\u00ednea en\u00a0<\/span><span lang=\"ES\"><a href=\"http:\/\/www.chileatiende.cl\/\" target=\"_blank\" rel=\"noopener noreferrer\">www.chileatiende.cl<\/a><\/span><span lang=\"ES\">\u00a0con su Clave \u00fanica y otras alternativas presenciales como acercarse a las 5 sucursales de ChileAtiende que el Instituto de Previsi\u00f3n Social, IPS, tiene en\u00a0 nuestra Regi\u00f3n de Ays\u00e9n, e incluso, cada mes realizamos acercamientos a los propios barrios donde viven las personas\u00bb, enfatiz\u00f3.<\/span><\/p>\n<p class=\"v1MsoNormal\" style=\"text-align: justify;\"><span lang=\"ES\">El IPS tambi\u00e9n aprovecha de recordar las diversas alternativas disponibles para solicitar la Pensi\u00f3n Garantizada Universal, para las personas que tengan 65 a\u00f1os o m\u00e1s de edad y est\u00e9n o no pensionadas,<\/span><span lang=\"ES\">\u00a0<\/span><span lang=\"ES\">siempre que cumplan los dem\u00e1s requisitos legales:<\/span><\/p>\n<p class=\"v1MsoNormal\" style=\"text-align: justify;\"><span lang=\"ES\">1.\u00a0\u00a0\u00a0\u00a0\u00a0\u00a0<\/span><span lang=\"ES\">En l\u00ednea, por el sitio\u00a0<\/span><b><span lang=\"ES\"><a href=\"http:\/\/www.chileatiende.cl\/\" target=\"_blank\" rel=\"noopener noreferrer\">www.chileatiende.cl<\/a><\/span><\/b><span lang=\"ES\">, con la Clave\u00danica.<\/span><\/p>\n<p class=\"v1MsoNormal\" style=\"text-align: justify;\"><span lang=\"ES\">2.\u00a0\u00a0\u00a0\u00a0\u00a0\u00a0<\/span><span lang=\"ES\">En las 194 sucursales ChileAtiende del Instituto de Previsi\u00f3n Social, IPS.<\/span><\/p>\n<p class=\"v1MsoNormal\" style=\"text-align: justify;\"><span lang=\"ES\">3.\u00a0\u00a0\u00a0\u00a0\u00a0\u00a0<\/span><span lang=\"ES\">A trav\u00e9s de la sucursal virtual del organismo, desde el sitio web ChileAtiende.<\/span><\/p>\n<p class=\"v1MsoNormal\" style=\"text-align: justify;\"><span lang=\"ES\">4.\u00a0\u00a0\u00a0\u00a0\u00a0\u00a0<\/span><span lang=\"ES\">En las municipalidades en convenio con el IPS.<\/span><\/p>\n<p class=\"v1MsoNormal\" style=\"text-align: justify;\"><span lang=\"ES\">5.\u00a0\u00a0\u00a0\u00a0\u00a0\u00a0<\/span><span lang=\"ES\">En las AFP o compa\u00f1\u00edas de seguros a la que est\u00e9n afiliadas las personas.<\/span><\/p>\n<p class=\"v1MsoNormal\" style=\"text-align: justify;\"><span lang=\"ES\">M\u00e1s informaci\u00f3n y requisitos de la Pensi\u00f3n Garantizada Universal se pueden consultar en\u00a0<\/span><b><span lang=\"ES\"><a href=\"http:\/\/www.chileatiende.cl\/\" target=\"_blank\" rel=\"noopener noreferrer\">www.chileatiende.cl<\/a><\/span><\/b><span lang=\"ES\">.\u00a0<\/span><span lang=\"ES\">Adem\u00e1s, para resolver dudas, est\u00e1n disponibles las redes sociales @ChileAtiende en Facebook, Twitter e Instagram, y el Call Center 101.<\/span><\/p>\n<\/div><\/section><\/div><div  style='height:50px' class='hr hr-invisible   avia-builder-el-6  el_after_av_one_full  el_before_av_social_share '><span class='hr-inner ' ><span class='hr-inner-style'><\/span><\/span><\/div><\/p>\n<div  class='av-social-sharing-box  avia-builder-el-7  el_after_av_hr  el_before_av_hr  '><div class='av-share-box'><h5 class='av-share-link-description av-no-toc '>Compartir esta noticia<\/h5><ul class='av-share-box-list noLightbox'><li class='av-share-link av-social-link-facebook' ><a target=\"_blank\" aria-label=\"Compartir en Facebook\" href='https:\/\/www.facebook.com\/sharer.php?u=https:\/\/radiorevelacionfm.cl\/?p=26664&#038;t=Pensi%C3%B3n%20Garantizada%20Universal%3A%20A%20206%20mil%20pesos%20se%20reajustar%C3%A1%20la%20PGU%20el%20pr%C3%B3ximo%20mes' aria-hidden='false' data-av_icon='\ue8f3' data-av_iconfont='entypo-fontello' title='' data-avia-related-tooltip='Compartir en Facebook' rel=\"noopener\"><span class='avia_hidden_link_text'>Compartir en Facebook<\/span><\/a><\/li><li class='av-share-link av-social-link-twitter' ><a target=\"_blank\" aria-label=\"Compartir en Twitter\" href='https:\/\/twitter.com\/share?text=Pensi%C3%B3n%20Garantizada%20Universal%3A%20A%20206%20mil%20pesos%20se%20reajustar%C3%A1%20la%20PGU%20el%20pr%C3%B3ximo%20mes&#038;url=https:\/\/radiorevelacionfm.cl\/?p=26664' aria-hidden='false' data-av_icon='\ue8f1' data-av_iconfont='entypo-fontello' title='' data-avia-related-tooltip='Compartir en Twitter' rel=\"noopener\"><span class='avia_hidden_link_text'>Compartir en Twitter<\/span><\/a><\/li><li class='av-share-link av-social-link-whatsapp' ><a target=\"_blank\" aria-label=\"Compartir en Whatsapp\" href='https:\/\/api.whatsapp.com\/send?text=https:\/\/radiorevelacionfm.cl\/?p=26664' aria-hidden='false' data-av_icon='\uf232' data-av_iconfont='entypo-fontello' title='' data-avia-related-tooltip='Compartir en Whatsapp' rel=\"noopener\"><span class='avia_hidden_link_text'>Compartir en Whatsapp<\/span><\/a><\/li><li class='av-share-link av-social-link-linkedin' ><a target=\"_blank\" aria-label=\"Compartir en LinkedIn\" href='https:\/\/linkedin.com\/shareArticle?mini=true&#038;title=Pensi%C3%B3n%20Garantizada%20Universal%3A%20A%20206%20mil%20pesos%20se%20reajustar%C3%A1%20la%20PGU%20el%20pr%C3%B3ximo%20mes&#038;url=https:\/\/radiorevelacionfm.cl\/?p=26664' aria-hidden='false' data-av_icon='\ue8fc' data-av_iconfont='entypo-fontello' title='' data-avia-related-tooltip='Compartir en LinkedIn' rel=\"noopener\"><span class='avia_hidden_link_text'>Compartir en LinkedIn<\/span><\/a><\/li><li class='av-share-link av-social-link-mail' ><a  aria-label=\"Compartir por correo\" href='mailto:?subject=Pensi%C3%B3n%20Garantizada%20Universal%3A%20A%20206%20mil%20pesos%20se%20reajustar%C3%A1%20la%20PGU%20el%20pr%C3%B3ximo%20mes&#038;body=https:\/\/radiorevelacionfm.cl\/?p=26664' aria-hidden='false' data-av_icon='\ue805' data-av_iconfont='entypo-fontello' title='' data-avia-related-tooltip='Compartir por correo'><span class='avia_hidden_link_text'>Compartir por correo<\/span><\/a><\/li><\/ul><\/div><\/div>\n<div  style='height:50px' class='hr hr-invisible   avia-builder-el-8  el_after_av_social_share  el_before_av_comments_list '><span class='hr-inner ' ><span class='hr-inner-style'><\/span><\/span><\/div>\n<div  class='av-buildercomment  av-blog-meta-html-info-disabled av-blog-meta-tag-disabled  '><\/div>\n","protected":false},"excerpt":{"rendered":"","protected":false},"author":1,"featured_media":26665,"comment_status":"open","ping_status":"open","sticky":false,"template":"","format":"standard","meta":{"footnotes":""},"categories":[56],"tags":[],"class_list":["post-26664","post","type-post","status-publish","format-standard","has-post-thumbnail","hentry","category-trabajo"],"jetpack_featured_media_url":"https:\/\/radiorevelacionfm.cl\/wp-content\/uploads\/2023\/01\/seremi_charlaadultosmayores_loscolonos-1_optimized.jpg","_links":{"self":[{"href":"https:\/\/radiorevelacionfm.cl\/index.php?rest_route=\/wp\/v2\/posts\/26664","targetHints":{"allow":["GET"]}}],"collection":[{"href":"https:\/\/radiorevelacionfm.cl\/index.php?rest_route=\/wp\/v2\/posts"}],"about":[{"href":"https:\/\/radiorevelacionfm.cl\/index.php?rest_route=\/wp\/v2\/types\/post"}],"author":[{"embeddable":true,"href":"https:\/\/radiorevelacionfm.cl\/index.php?rest_route=\/wp\/v2\/users\/1"}],"replies":[{"embeddable":true,"href":"https:\/\/radiorevelacionfm.cl\/index.php?rest_route=%2Fwp%2Fv2%2Fcomments&post=26664"}],"version-history":[{"count":2,"href":"https:\/\/radiorevelacionfm.cl\/index.php?rest_route=\/wp\/v2\/posts\/26664\/revisions"}],"predecessor-version":[{"id":26671,"href":"https:\/\/radiorevelacionfm.cl\/index.php?rest_route=\/wp\/v2\/posts\/26664\/revisions\/26671"}],"wp:featuredmedia":[{"embeddable":true,"href":"https:\/\/radiorevelacionfm.cl\/index.php?rest_route=\/wp\/v2\/media\/26665"}],"wp:attachment":[{"href":"https:\/\/radiorevelacionfm.cl\/index.php?rest_route=%2Fwp%2Fv2%2Fmedia&parent=26664"}],"wp:term":[{"taxonomy":"category","embeddable":true,"href":"https:\/\/radiorevelacionfm.cl\/index.php?rest_route=%2Fwp%2Fv2%2Fcategories&post=26664"},{"taxonomy":"post_tag","embeddable":true,"href":"https:\/\/radiorevelacionfm.cl\/index.php?rest_route=%2Fwp%2Fv2%2Ftags&post=26664"}],"curies":[{"name":"wp","href":"https:\/\/api.w.org\/{rel}","templated":true}]}}