{"id":26661,"date":"2023-01-19T09:53:39","date_gmt":"2023-01-19T12:53:39","guid":{"rendered":"https:\/\/radiorevelacionfm.cl\/?p=26661"},"modified":"2023-01-19T09:53:39","modified_gmt":"2023-01-19T12:53:39","slug":"observatorio-laboral-de-aysen-realizara-seminario-on-line-entregando-resultados-de-la-enecap-2022","status":"publish","type":"post","link":"https:\/\/radiorevelacionfm.cl\/?p=26661","title":{"rendered":"Observatorio Laboral de Ays\u00e9n, realizar\u00e1 Seminario On Line entregando resultados de la ENECAP 2022"},"content":{"rendered":"<div class=\"flex_column av_one_full  flex_column_div av-zero-column-padding first  avia-builder-el-0  el_before_av_one_full  avia-builder-el-first  \" style='border-radius:0px; '><div  class='avia-image-container  av-styling-    avia-builder-el-1  avia-builder-el-no-sibling  avia-align-center '  itemprop=\"image\" itemscope=\"itemscope\" itemtype=\"https:\/\/schema.org\/ImageObject\"  ><div class='avia-image-container-inner'><div class='avia-image-overlay-wrap'><img decoding=\"async\" class='wp-image-26662 avia-img-lazy-loading-not-26662 avia_image' src=\"https:\/\/radiorevelacionfm.cl\/wp-content\/uploads\/2023\/01\/Diapositiva2-1-1.jpg\" alt='' title='Diapositiva2 (1) (1)' height=\"600\" width=\"600\"  itemprop=\"thumbnailUrl\" srcset=\"https:\/\/radiorevelacionfm.cl\/wp-content\/uploads\/2023\/01\/Diapositiva2-1-1.jpg 600w, https:\/\/radiorevelacionfm.cl\/wp-content\/uploads\/2023\/01\/Diapositiva2-1-1-300x300.jpg 300w, https:\/\/radiorevelacionfm.cl\/wp-content\/uploads\/2023\/01\/Diapositiva2-1-1-80x80.jpg 80w, https:\/\/radiorevelacionfm.cl\/wp-content\/uploads\/2023\/01\/Diapositiva2-1-1-36x36.jpg 36w, https:\/\/radiorevelacionfm.cl\/wp-content\/uploads\/2023\/01\/Diapositiva2-1-1-180x180.jpg 180w, https:\/\/radiorevelacionfm.cl\/wp-content\/uploads\/2023\/01\/Diapositiva2-1-1-100x100.jpg 100w\" sizes=\"(max-width: 600px) 100vw, 600px\" \/><\/div><\/div><\/div><\/div><div class=\"flex_column av_one_full  flex_column_div av-zero-column-padding first  avia-builder-el-2  el_after_av_one_full  el_before_av_one_full  column-top-margin\" style='border-radius:0px; '><section class=\"av_textblock_section \"  itemscope=\"itemscope\" itemtype=\"https:\/\/schema.org\/BlogPosting\" itemprop=\"blogPost\" ><div class='avia_textblock  '   itemprop=\"text\" ><p style=\"text-align: center;\"><strong><span style=\"font-size: 18pt;\">Observatorio Laboral de Ays\u00e9n, realizar\u00e1 Seminario On Line entregando resultados de la ENECAP 2022<\/span><\/strong><\/p>\n<div id=\"gtx-trans\" style=\"position: absolute; left: -50px; top: 4.31534px;\">\n<div class=\"gtx-trans-icon\"><\/div>\n<\/div>\n<\/div><\/section><\/div><div class=\"flex_column av_one_full  flex_column_div av-zero-column-padding first  avia-builder-el-4  el_after_av_one_full  el_before_av_hr  column-top-margin\" style='border-radius:0px; '><section class=\"av_textblock_section \"  itemscope=\"itemscope\" itemtype=\"https:\/\/schema.org\/BlogPosting\" itemprop=\"blogPost\" ><div class='avia_textblock  '   itemprop=\"text\" ><p style=\"text-align: justify;\">Este jueves 19 a las 12:00 hrs, los profesionales encabezados por Marcio Villouta, director del Observatorio Laboral de Ays\u00e9n, dependiente del Servicio Nacional de Capacitaci\u00f3n y Empleo, Sence, programa que se ejecuta en nuestra regi\u00f3n a trav\u00e9s de la Universidad de Ays\u00e9n, realizar\u00e1n este relevante seminario.<\/p>\n<p style=\"text-align: justify;\">La Encuesta de Necesidades de Capacitaci\u00f3n para Micro y Peque\u00f1as Empresas (ENECAP), es una iniciativa de la red de Observatorios Laborales de Sence para entregar evidencia para la ejecuci\u00f3n del programa Despega MIPE, el cual es un programa de capacitaci\u00f3n Sence, que ofrece una gran variedad de cursos sobre tecnolog\u00eda, marketing digital y emprendimiento, entre otras \u00e1reas; Despega MIPE entrega, de forma gratuita, cursos de capacitaci\u00f3n orientados a contribuir al aumento de la productividad de los trabajadores, due\u00f1os, socios y representantes legales de micro y peque\u00f1as empresas.<\/p>\n<p style=\"text-align: justify;\">El objetivo general de esta encuesta es dar informaci\u00f3n pertinente sobre necesidades de capacitaci\u00f3n al programa de Sence Despega MIPE. Y dentro de los objetivos espec\u00edficos se destaca caracterizar la dotaci\u00f3n de empleados de estas, caracterizar su situaci\u00f3n econ\u00f3mica durante el 2022, detectar temas de capacitaci\u00f3n y evaluar el conocimiento de programas y subsidios p\u00fablicos a los que pueden acceder.<\/p>\n<p style=\"text-align: justify;\">En tal sentido, Andro Valdenegro Terraza, director (s) del Sence Regi\u00f3n de Ays\u00e9n, detall\u00f3: \u201cEn relaci\u00f3n a la presentaci\u00f3n de los datos de la encuesta par SENCE como servicio regional es sumamente importante, ya que con estos datos uno puede desde ah\u00ed desarrollar lo que es la pol\u00edtica p\u00fablica de capacitaci\u00f3n, con un marco de pertinencia y objetividad a partir de lo que es el contexto y la realidad regional. Entonces, por cierto, este tipo de instancias de compartir datos a trav\u00e9s del Observatorio Laboral, que es una instituci\u00f3n y apoyo, por cierto, directamente relacionada con el Servicio Nacional de Capacitaci\u00f3n y Empleo, es tremendamente importante. Hoy d\u00eda se valora el desarrollo de este tipo de estrategias para plasmar lo que va a hacer y lo que define finalmente la pol\u00edtica de capacitaci\u00f3n de la regi\u00f3n. \u201d<\/p>\n<p style=\"text-align: justify;\">El Seremi del Trabajo y Previsi\u00f3n Social, Rodrigo D\u00edaz Cordaro, realiz\u00f3 una invitaci\u00f3n a sumarse al seminario \u201cEl trabajo que est\u00e1 realizando el Observatorio Laboral es de suma relevancia para proyectar pol\u00edticas adecuadas con pertinencia local, tal como menciona el director regional de Sence. Por lo tanto, los invitamos a conectarse este jueves 19 de enero a las 12:00 a trav\u00e9s del canal de YouTube de Sence, al seminario donde se entregar\u00e1 informaci\u00f3n muy importante sobre las necesidades detectadas en capacitaci\u00f3n por parte de las empresas regionales, las que incluyen a los territorios y tendr\u00e1 en el panel de comentarios al INE, con quienes el Observatorio tiene un convenio de trabajo colaborativo. Los esperamos.\u201d<\/p>\n<p style=\"text-align: justify;\">Respecto a la poblaci\u00f3n objetivo, se incluyeron empresas categorizadas como micros y peque\u00f1as de acuerdo con sus ventas durante el 2021, es decir que hayan tenido ventas menores o igual a 25 mil UF. El per\u00edodo de levantamiento de informaci\u00f3n se realiz\u00f3 entre los meses mayo \u2013 agosto del 2022, y la muestra consider\u00f3 169 de las 3.042 micro y peque\u00f1as empresas de la Regi\u00f3n, contando con el apoyo de 4 encuestadores para el proceso. Cabe mencionar que las empresas que han capacitado a sus trabajadores lo han hecho en mayor medida con recursos propios de la empresa, relevante agregar que por parte de la poblaci\u00f3n hay un desconocimiento de los programas y servicios ofrecidos por las instituciones p\u00fablicas en materia de capacitaci\u00f3n. En esta l\u00ednea, al hacer una proyecci\u00f3n sobre el inter\u00e9s en capacitar, 2.757 (91%) micro y peque\u00f1as empresas muestran inter\u00e9s en participar, mientras que 285 (9%) prefiere no realizar capacitaci\u00f3n. Respecto al n\u00famero de horas de preferencia para capacitar, un 12% indica un total de 21 a 50 horas, seguido por un total de 5 a 20 horas, un dato relevante es que el 65% de las MIPES no tiene inter\u00e9s en capacitar en horario laboral.<\/p>\n<p style=\"text-align: justify;\">Como Observatorio Laboral de Ays\u00e9n, las y los invitamos a seguir en vivo este seminario a trav\u00e9s de <a href=\"https:\/\/www.youtube.com\/watch?v=1uA_zYJCoVo\">https:\/\/www.youtube.com\/watch?v=1uA_zYJCoVo<\/a><\/p>\n<\/div><\/section><\/div><div  style='height:50px' class='hr hr-invisible   avia-builder-el-6  el_after_av_one_full  el_before_av_social_share '><span class='hr-inner ' ><span class='hr-inner-style'><\/span><\/span><\/div><\/p>\n<div  class='av-social-sharing-box  avia-builder-el-7  el_after_av_hr  el_before_av_hr  '><div class='av-share-box'><h5 class='av-share-link-description av-no-toc '>Compartir esta noticia<\/h5><ul class='av-share-box-list noLightbox'><li class='av-share-link av-social-link-facebook' ><a target=\"_blank\" aria-label=\"Compartir en Facebook\" href='https:\/\/www.facebook.com\/sharer.php?u=https:\/\/radiorevelacionfm.cl\/?p=26661&#038;t=Observatorio%20Laboral%20de%20Ays%C3%A9n%2C%20realizar%C3%A1%20Seminario%20On%20Line%20entregando%20resultados%20de%20la%20ENECAP%202022' aria-hidden='false' data-av_icon='\ue8f3' data-av_iconfont='entypo-fontello' title='' data-avia-related-tooltip='Compartir en Facebook' rel=\"noopener\"><span class='avia_hidden_link_text'>Compartir en Facebook<\/span><\/a><\/li><li class='av-share-link av-social-link-twitter' ><a target=\"_blank\" aria-label=\"Compartir en Twitter\" href='https:\/\/twitter.com\/share?text=Observatorio%20Laboral%20de%20Ays%C3%A9n%2C%20realizar%C3%A1%20Seminario%20On%20Line%20entregando%20resultados%20de%20la%20ENECAP%202022&#038;url=https:\/\/radiorevelacionfm.cl\/?p=26661' aria-hidden='false' data-av_icon='\ue8f1' data-av_iconfont='entypo-fontello' title='' data-avia-related-tooltip='Compartir en Twitter' rel=\"noopener\"><span class='avia_hidden_link_text'>Compartir en Twitter<\/span><\/a><\/li><li class='av-share-link av-social-link-whatsapp' ><a target=\"_blank\" aria-label=\"Compartir en Whatsapp\" href='https:\/\/api.whatsapp.com\/send?text=https:\/\/radiorevelacionfm.cl\/?p=26661' aria-hidden='false' data-av_icon='\uf232' data-av_iconfont='entypo-fontello' title='' data-avia-related-tooltip='Compartir en Whatsapp' rel=\"noopener\"><span class='avia_hidden_link_text'>Compartir en Whatsapp<\/span><\/a><\/li><li class='av-share-link av-social-link-linkedin' ><a target=\"_blank\" aria-label=\"Compartir en LinkedIn\" href='https:\/\/linkedin.com\/shareArticle?mini=true&#038;title=Observatorio%20Laboral%20de%20Ays%C3%A9n%2C%20realizar%C3%A1%20Seminario%20On%20Line%20entregando%20resultados%20de%20la%20ENECAP%202022&#038;url=https:\/\/radiorevelacionfm.cl\/?p=26661' aria-hidden='false' data-av_icon='\ue8fc' data-av_iconfont='entypo-fontello' title='' data-avia-related-tooltip='Compartir en LinkedIn' rel=\"noopener\"><span class='avia_hidden_link_text'>Compartir en LinkedIn<\/span><\/a><\/li><li class='av-share-link av-social-link-mail' ><a  aria-label=\"Compartir por correo\" href='mailto:?subject=Observatorio%20Laboral%20de%20Ays%C3%A9n%2C%20realizar%C3%A1%20Seminario%20On%20Line%20entregando%20resultados%20de%20la%20ENECAP%202022&#038;body=https:\/\/radiorevelacionfm.cl\/?p=26661' aria-hidden='false' data-av_icon='\ue805' data-av_iconfont='entypo-fontello' title='' data-avia-related-tooltip='Compartir por correo'><span class='avia_hidden_link_text'>Compartir por correo<\/span><\/a><\/li><\/ul><\/div><\/div>\n<div  style='height:50px' class='hr hr-invisible   avia-builder-el-8  el_after_av_social_share  el_before_av_comments_list '><span class='hr-inner ' ><span class='hr-inner-style'><\/span><\/span><\/div>\n<div  class='av-buildercomment  av-blog-meta-html-info-disabled av-blog-meta-tag-disabled  '><\/div>\n","protected":false},"excerpt":{"rendered":"","protected":false},"author":1,"featured_media":26662,"comment_status":"open","ping_status":"open","sticky":false,"template":"","format":"standard","meta":{"footnotes":""},"categories":[56],"tags":[],"class_list":["post-26661","post","type-post","status-publish","format-standard","has-post-thumbnail","hentry","category-trabajo"],"jetpack_featured_media_url":"https:\/\/radiorevelacionfm.cl\/wp-content\/uploads\/2023\/01\/Diapositiva2-1-1.jpg","_links":{"self":[{"href":"https:\/\/radiorevelacionfm.cl\/index.php?rest_route=\/wp\/v2\/posts\/26661","targetHints":{"allow":["GET"]}}],"collection":[{"href":"https:\/\/radiorevelacionfm.cl\/index.php?rest_route=\/wp\/v2\/posts"}],"about":[{"href":"https:\/\/radiorevelacionfm.cl\/index.php?rest_route=\/wp\/v2\/types\/post"}],"author":[{"embeddable":true,"href":"https:\/\/radiorevelacionfm.cl\/index.php?rest_route=\/wp\/v2\/users\/1"}],"replies":[{"embeddable":true,"href":"https:\/\/radiorevelacionfm.cl\/index.php?rest_route=%2Fwp%2Fv2%2Fcomments&post=26661"}],"version-history":[{"count":2,"href":"https:\/\/radiorevelacionfm.cl\/index.php?rest_route=\/wp\/v2\/posts\/26661\/revisions"}],"predecessor-version":[{"id":26800,"href":"https:\/\/radiorevelacionfm.cl\/index.php?rest_route=\/wp\/v2\/posts\/26661\/revisions\/26800"}],"wp:featuredmedia":[{"embeddable":true,"href":"https:\/\/radiorevelacionfm.cl\/index.php?rest_route=\/wp\/v2\/media\/26662"}],"wp:attachment":[{"href":"https:\/\/radiorevelacionfm.cl\/index.php?rest_route=%2Fwp%2Fv2%2Fmedia&parent=26661"}],"wp:term":[{"taxonomy":"category","embeddable":true,"href":"https:\/\/radiorevelacionfm.cl\/index.php?rest_route=%2Fwp%2Fv2%2Fcategories&post=26661"},{"taxonomy":"post_tag","embeddable":true,"href":"https:\/\/radiorevelacionfm.cl\/index.php?rest_route=%2Fwp%2Fv2%2Ftags&post=26661"}],"curies":[{"name":"wp","href":"https:\/\/api.w.org\/{rel}","templated":true}]}}