{"id":26649,"date":"2023-01-16T15:11:20","date_gmt":"2023-01-16T18:11:20","guid":{"rendered":"https:\/\/radiorevelacionfm.cl\/?p=26649"},"modified":"2023-01-16T15:25:01","modified_gmt":"2023-01-16T18:25:01","slug":"programa-quiero-mi-barrio-aporta-seguridad-para-las-familias-de-villa-manihuales-con-36-luminarias-peatonales","status":"publish","type":"post","link":"https:\/\/radiorevelacionfm.cl\/?p=26649","title":{"rendered":"Programa Quiero Mi Barrio aporta seguridad para las familias de Villa Ma\u00f1ihuales con 36 luminarias peatonales"},"content":{"rendered":"<div class=\"flex_column av_one_full  flex_column_div av-zero-column-padding first  avia-builder-el-0  el_before_av_one_full  avia-builder-el-first  \" style='border-radius:0px; '><div  class='avia-image-container  av-styling-    avia-builder-el-1  avia-builder-el-no-sibling  avia-align-center '  itemprop=\"image\" itemscope=\"itemscope\" itemtype=\"https:\/\/schema.org\/ImageObject\"  ><div class='avia-image-container-inner'><div class='avia-image-overlay-wrap'><img decoding=\"async\" class='wp-image-26658 avia-img-lazy-loading-not-26658 avia_image' src=\"https:\/\/radiorevelacionfm.cl\/wp-content\/uploads\/2023\/01\/Foto-luminarias-peatonales-Quiero-mi-barrio-manihuales-1-1.jpg\" alt='' title='Foto luminarias peatonales Quiero mi barrio ma\u00f1ihuales (1) (1)' height=\"600\" width=\"900\"  itemprop=\"thumbnailUrl\" srcset=\"https:\/\/radiorevelacionfm.cl\/wp-content\/uploads\/2023\/01\/Foto-luminarias-peatonales-Quiero-mi-barrio-manihuales-1-1.jpg 900w, https:\/\/radiorevelacionfm.cl\/wp-content\/uploads\/2023\/01\/Foto-luminarias-peatonales-Quiero-mi-barrio-manihuales-1-1-300x200.jpg 300w, https:\/\/radiorevelacionfm.cl\/wp-content\/uploads\/2023\/01\/Foto-luminarias-peatonales-Quiero-mi-barrio-manihuales-1-1-768x512.jpg 768w, https:\/\/radiorevelacionfm.cl\/wp-content\/uploads\/2023\/01\/Foto-luminarias-peatonales-Quiero-mi-barrio-manihuales-1-1-705x470.jpg 705w, https:\/\/radiorevelacionfm.cl\/wp-content\/uploads\/2023\/01\/Foto-luminarias-peatonales-Quiero-mi-barrio-manihuales-1-1-600x400.jpg 600w\" sizes=\"(max-width: 900px) 100vw, 900px\" \/><\/div><\/div><\/div><\/div><div class=\"flex_column av_one_full  flex_column_div av-zero-column-padding first  avia-builder-el-2  el_after_av_one_full  el_before_av_one_full  column-top-margin\" style='border-radius:0px; '><section class=\"av_textblock_section \"  itemscope=\"itemscope\" itemtype=\"https:\/\/schema.org\/BlogPosting\" itemprop=\"blogPost\" ><div class='avia_textblock  '   itemprop=\"text\" ><p style=\"text-align: center;\"><span style=\"font-size: 18pt;\"><strong>Programa Quiero Mi Barrio aporta seguridad para las familias de Villa Ma\u00f1ihuales con 36 luminarias peatonales<\/strong><\/span><\/p>\n<div id=\"gtx-trans\" style=\"position: absolute; left: -50px; top: 4.31534px;\">\n<div class=\"gtx-trans-icon\"><\/div>\n<\/div>\n<\/div><\/section><\/div><\/p>\n<div class=\"flex_column av_one_full  flex_column_div av-zero-column-padding first  avia-builder-el-4  el_after_av_one_full  el_before_av_hr  column-top-margin\" style='border-radius:0px; '><section class=\"av_textblock_section \"  itemscope=\"itemscope\" itemtype=\"https:\/\/schema.org\/BlogPosting\" itemprop=\"blogPost\" ><div class='avia_textblock  '   itemprop=\"text\" ><p style=\"text-align: justify;\">Con la instalaci\u00f3n de 36 luminarias peatonales solares en diversas calles del barrio \u201cLos Ma\u00f1\u00edos\u201d de Villa Ma\u00f1ihuales, el Ministerio de Vivienda y Urbanismo (Minvu) y el Municipio de Ays\u00e9n siguen incrementando las medidas de seguridad para los vecinos y vecinas que se deben trasladar de noche al interior de la localidad.<\/p>\n<p style=\"text-align: justify;\">El llamativo proyecto forma parte de las obras contempladas en el plan de trabajo del Programa Quiero Mi Barrio, del Minvu, el cual se lleva adelante en la Villa desde el a\u00f1o pasado, en un trabajo conjunto con la municipalidad y la comunidad del sector representada por su Consejo Vecinal de Desarrollo y su Junta de Vecinos.<\/p>\n<p style=\"text-align: justify;\">Hace algunos d\u00edas la obra fue visitada por la Seremi de Vivienda, Paulina Ruz, junto a los equipos sectoriales y municipales del Programa, dando as\u00ed cumplimiento a la inspecci\u00f3n del 100% de la denominada \u201cobra de confianza\u201d, que fue elegida por los mismos vecinos como una muestra concreta de los adelantos que se pueden lograr en favor de las familias del barrio y de la localidad en general.<\/p>\n<p style=\"text-align: justify;\">Al finalizar el recorrido la Seremi de Vivienda, Paulina Ruz, record\u00f3 que en este proceso la primera obra ejecutada es muy importante, ya que refleja el trabajo comunitario y de participaci\u00f3n ciudadana, donde no es el Minvu el que impone las obras que necesita la comunidad, sino que son los propios vecinos y vecinas quienes toman esa decisi\u00f3n. \u201cAdem\u00e1s, el hecho de que sean luminarias, por supuesto que se evidenci\u00f3 en terreno c\u00f3mo ayudaba a la seguridad p\u00fablica de la localidad, ya que aquellos lugares que estaban sin luminarias generaban una sensaci\u00f3n de temor y riesgo al lado de los que ya pose\u00edan este adelanto. De hecho, vamos a seguir monitoreando aquellos lugares que son m\u00e1s transitados y que actualmente no tienen iluminaci\u00f3n, vamos a seguir trabajando con las vecinas y vecinos de Villa Ma\u00f1ihuales en las distintas obras del programa Quiero Mi Barrio, pero tambi\u00e9n en materia habitacional y en la mejora de espacio p\u00fablicos\u201d, afirm\u00f3 la autoridad.<\/p>\n<p style=\"text-align: justify;\">Agreg\u00f3 la Seremi de Vivienda que es muy satisfactorio ver con los mismos vecinos los avances que permite alcanzar el programa, el cual est\u00e1 diversificando su accionar en los \u00faltimos a\u00f1os, para llegar a otras zonas de la regi\u00f3n que no sean Coyhaique y Puerto Ays\u00e9n.\u00a0 \u201cEsta es una evaluaci\u00f3n positiva, ya que no solo tenemos barrios centrados en la ciudad de Coyhaique, sino que tambi\u00e9n hemos podido descentralizar este beneficio para la comunidad en Puerto Ays\u00e9n, en Ma\u00f1ihuales, ahora en Cochrane y en menor escala tambi\u00e9n tenemos el Programa de Peque\u00f1as Localidades que es como un Quiero Mi Barrio m\u00e1s peque\u00f1o, con el cual estamos trabajando en Villa O\u2019Higgins, Lago Verde y ahora tambi\u00e9n en Melinka. O sea, con esto comprobamos c\u00f3mo a trav\u00e9s de los recursos del Ministerio de Vivienda y Urbanismo, entregados a los municipios, podemos mejorar los entornos de las personas, pero tambi\u00e9n propiciar m\u00e1s vida comunitaria\u201d, precis\u00f3 Paulina Ruz.<\/p>\n<p style=\"text-align: justify;\">La obra denominada \u201cLuminarias peatonales solares\u201d del Barrio de Inter\u00e9s Regional Los Ma\u00f1\u00edos de Villa Ma\u00f1ihuales, fue ejecutada por el contratista Teodoro Guti\u00e9rrez Alvarez, en un periodo de aproximado de 90 d\u00edas y con una inversi\u00f3n de 37 millones de pesos, aportando adem\u00e1s al empleo, al desarrollo local y la seguridad ciudadana. Con esta obra que est\u00e1 en su etapa de cierre, se da tambi\u00e9n la partida a otras iniciativas que ser\u00e1n financiadas y ejecutadas a trav\u00e9s del programa Quiero Mi Barrio, las que, de igual forma, ser\u00e1n decididas y fiscalizadas en su ejecuci\u00f3n por los mismos vecinos y sus organizaciones sociales.<\/p>\n<\/div><\/section><\/div>\n<div  style='height:50px' class='hr hr-invisible   avia-builder-el-6  el_after_av_one_full  el_before_av_social_share '><span class='hr-inner ' ><span class='hr-inner-style'><\/span><\/span><\/div>\n<div  class='av-social-sharing-box  avia-builder-el-7  el_after_av_hr  el_before_av_hr  '><div class='av-share-box'><h5 class='av-share-link-description av-no-toc '>Compartir esta noticia<\/h5><ul class='av-share-box-list noLightbox'><li class='av-share-link av-social-link-facebook' ><a target=\"_blank\" aria-label=\"Compartir en Facebook\" href='https:\/\/www.facebook.com\/sharer.php?u=https:\/\/radiorevelacionfm.cl\/?p=26649&#038;t=Programa%20Quiero%20Mi%20Barrio%20aporta%20seguridad%20para%20las%20familias%20de%20Villa%20Ma%C3%B1ihuales%20con%2036%20luminarias%20peatonales' aria-hidden='false' data-av_icon='\ue8f3' data-av_iconfont='entypo-fontello' title='' data-avia-related-tooltip='Compartir en Facebook' rel=\"noopener\"><span class='avia_hidden_link_text'>Compartir en Facebook<\/span><\/a><\/li><li class='av-share-link av-social-link-twitter' ><a target=\"_blank\" aria-label=\"Compartir en Twitter\" href='https:\/\/twitter.com\/share?text=Programa%20Quiero%20Mi%20Barrio%20aporta%20seguridad%20para%20las%20familias%20de%20Villa%20Ma%C3%B1ihuales%20con%2036%20luminarias%20peatonales&#038;url=https:\/\/radiorevelacionfm.cl\/?p=26649' aria-hidden='false' data-av_icon='\ue8f1' data-av_iconfont='entypo-fontello' title='' data-avia-related-tooltip='Compartir en Twitter' rel=\"noopener\"><span class='avia_hidden_link_text'>Compartir en Twitter<\/span><\/a><\/li><li class='av-share-link av-social-link-whatsapp' ><a target=\"_blank\" aria-label=\"Compartir en Whatsapp\" href='https:\/\/api.whatsapp.com\/send?text=https:\/\/radiorevelacionfm.cl\/?p=26649' aria-hidden='false' data-av_icon='\uf232' data-av_iconfont='entypo-fontello' title='' data-avia-related-tooltip='Compartir en Whatsapp' rel=\"noopener\"><span class='avia_hidden_link_text'>Compartir en Whatsapp<\/span><\/a><\/li><li class='av-share-link av-social-link-linkedin' ><a target=\"_blank\" aria-label=\"Compartir en LinkedIn\" href='https:\/\/linkedin.com\/shareArticle?mini=true&#038;title=Programa%20Quiero%20Mi%20Barrio%20aporta%20seguridad%20para%20las%20familias%20de%20Villa%20Ma%C3%B1ihuales%20con%2036%20luminarias%20peatonales&#038;url=https:\/\/radiorevelacionfm.cl\/?p=26649' aria-hidden='false' data-av_icon='\ue8fc' data-av_iconfont='entypo-fontello' title='' data-avia-related-tooltip='Compartir en LinkedIn' rel=\"noopener\"><span class='avia_hidden_link_text'>Compartir en LinkedIn<\/span><\/a><\/li><li class='av-share-link av-social-link-mail' ><a  aria-label=\"Compartir por correo\" href='mailto:?subject=Programa%20Quiero%20Mi%20Barrio%20aporta%20seguridad%20para%20las%20familias%20de%20Villa%20Ma%C3%B1ihuales%20con%2036%20luminarias%20peatonales&#038;body=https:\/\/radiorevelacionfm.cl\/?p=26649' aria-hidden='false' data-av_icon='\ue805' data-av_iconfont='entypo-fontello' title='' data-avia-related-tooltip='Compartir por correo'><span class='avia_hidden_link_text'>Compartir por correo<\/span><\/a><\/li><\/ul><\/div><\/div>\n<div  style='height:50px' class='hr hr-invisible   avia-builder-el-8  el_after_av_social_share  el_before_av_comments_list '><span class='hr-inner ' ><span class='hr-inner-style'><\/span><\/span><\/div>\n<div  class='av-buildercomment  av-blog-meta-html-info-disabled av-blog-meta-tag-disabled  '><\/div>\n","protected":false},"excerpt":{"rendered":"","protected":false},"author":1,"featured_media":26658,"comment_status":"open","ping_status":"open","sticky":false,"template":"","format":"standard","meta":{"footnotes":""},"categories":[57],"tags":[],"class_list":["post-26649","post","type-post","status-publish","format-standard","has-post-thumbnail","hentry","category-vivienda"],"jetpack_featured_media_url":"https:\/\/radiorevelacionfm.cl\/wp-content\/uploads\/2023\/01\/Foto-luminarias-peatonales-Quiero-mi-barrio-manihuales-1-1.jpg","_links":{"self":[{"href":"https:\/\/radiorevelacionfm.cl\/index.php?rest_route=\/wp\/v2\/posts\/26649","targetHints":{"allow":["GET"]}}],"collection":[{"href":"https:\/\/radiorevelacionfm.cl\/index.php?rest_route=\/wp\/v2\/posts"}],"about":[{"href":"https:\/\/radiorevelacionfm.cl\/index.php?rest_route=\/wp\/v2\/types\/post"}],"author":[{"embeddable":true,"href":"https:\/\/radiorevelacionfm.cl\/index.php?rest_route=\/wp\/v2\/users\/1"}],"replies":[{"embeddable":true,"href":"https:\/\/radiorevelacionfm.cl\/index.php?rest_route=%2Fwp%2Fv2%2Fcomments&post=26649"}],"version-history":[{"count":3,"href":"https:\/\/radiorevelacionfm.cl\/index.php?rest_route=\/wp\/v2\/posts\/26649\/revisions"}],"predecessor-version":[{"id":26657,"href":"https:\/\/radiorevelacionfm.cl\/index.php?rest_route=\/wp\/v2\/posts\/26649\/revisions\/26657"}],"wp:featuredmedia":[{"embeddable":true,"href":"https:\/\/radiorevelacionfm.cl\/index.php?rest_route=\/wp\/v2\/media\/26658"}],"wp:attachment":[{"href":"https:\/\/radiorevelacionfm.cl\/index.php?rest_route=%2Fwp%2Fv2%2Fmedia&parent=26649"}],"wp:term":[{"taxonomy":"category","embeddable":true,"href":"https:\/\/radiorevelacionfm.cl\/index.php?rest_route=%2Fwp%2Fv2%2Fcategories&post=26649"},{"taxonomy":"post_tag","embeddable":true,"href":"https:\/\/radiorevelacionfm.cl\/index.php?rest_route=%2Fwp%2Fv2%2Ftags&post=26649"}],"curies":[{"name":"wp","href":"https:\/\/api.w.org\/{rel}","templated":true}]}}