{"id":26645,"date":"2023-01-16T14:49:32","date_gmt":"2023-01-16T17:49:32","guid":{"rendered":"https:\/\/radiorevelacionfm.cl\/?p=26645"},"modified":"2023-01-16T14:49:32","modified_gmt":"2023-01-16T17:49:32","slug":"historica-mesa-de-trabajo-de-diversidades-sexo-genericas-en-coyhaique","status":"publish","type":"post","link":"https:\/\/radiorevelacionfm.cl\/?p=26645","title":{"rendered":"Hist\u00f3rica mesa de trabajo de diversidades sexo gen\u00e9ricas en Coyhaique"},"content":{"rendered":"<div class=\"flex_column av_one_full  flex_column_div av-zero-column-padding first  avia-builder-el-0  el_before_av_one_full  avia-builder-el-first  \" style='border-radius:0px; '><div  class='avia-image-container  av-styling-    avia-builder-el-1  avia-builder-el-no-sibling  avia-align-center '  itemprop=\"image\" itemscope=\"itemscope\" itemtype=\"https:\/\/schema.org\/ImageObject\"  ><div class='avia-image-container-inner'><div class='avia-image-overlay-wrap'><img decoding=\"async\" class='wp-image-26646 avia-img-lazy-loading-not-26646 avia_image' src=\"https:\/\/radiorevelacionfm.cl\/wp-content\/uploads\/2023\/01\/mesa-diversidades-13-1-1.jpg\" alt='' title='mesa diversidades 13 (1) (1)' height=\"600\" width=\"899\"  itemprop=\"thumbnailUrl\" srcset=\"https:\/\/radiorevelacionfm.cl\/wp-content\/uploads\/2023\/01\/mesa-diversidades-13-1-1.jpg 899w, https:\/\/radiorevelacionfm.cl\/wp-content\/uploads\/2023\/01\/mesa-diversidades-13-1-1-300x200.jpg 300w, https:\/\/radiorevelacionfm.cl\/wp-content\/uploads\/2023\/01\/mesa-diversidades-13-1-1-768x513.jpg 768w, https:\/\/radiorevelacionfm.cl\/wp-content\/uploads\/2023\/01\/mesa-diversidades-13-1-1-705x471.jpg 705w, https:\/\/radiorevelacionfm.cl\/wp-content\/uploads\/2023\/01\/mesa-diversidades-13-1-1-600x400.jpg 600w\" sizes=\"(max-width: 899px) 100vw, 899px\" \/><\/div><\/div><\/div><\/div><div class=\"flex_column av_one_full  flex_column_div av-zero-column-padding first  avia-builder-el-2  el_after_av_one_full  el_before_av_one_full  column-top-margin\" style='border-radius:0px; '><section class=\"av_textblock_section \"  itemscope=\"itemscope\" itemtype=\"https:\/\/schema.org\/BlogPosting\" itemprop=\"blogPost\" ><div class='avia_textblock  '   itemprop=\"text\" ><p style=\"text-align: center;\"><span style=\"font-size: 18pt;\"><strong>Hist\u00f3rica mesa de trabajo de diversidades sexo gen\u00e9ricas en Coyhaique<\/strong><\/span><\/p>\n<div id=\"gtx-trans\" style=\"position: absolute; left: -50px; top: 4.31534px;\">\n<div class=\"gtx-trans-icon\"><\/div>\n<\/div>\n<\/div><\/section><\/div><div class=\"flex_column av_one_full  flex_column_div av-zero-column-padding first  avia-builder-el-4  el_after_av_one_full  el_before_av_hr  column-top-margin\" style='border-radius:0px; '><section class=\"av_textblock_section \"  itemscope=\"itemscope\" itemtype=\"https:\/\/schema.org\/BlogPosting\" itemprop=\"blogPost\" ><div class='avia_textblock  '   itemprop=\"text\" ><p style=\"text-align: justify;\">Organizaciones de la sociedad civil y organismos del Estado que trabajan directamente vinculados con las diversidades sexo gen\u00e9ricas, se dieron cita en la Biblioteca Regional de Ays\u00e9n para avanzar en la primera mesa regional en torno a la tem\u00e1tica, organizada por la Seremi de la Mujer y Equidad de G\u00e9nero.<\/p>\n<p style=\"text-align: justify;\">Se trata de una instancia hist\u00f3rica que permite abordar desde diversas materias la discriminaci\u00f3n y sus consecuencias, la inclusi\u00f3n y sus beneficios en la sociedad, adem\u00e1s de compartir testimonios de personas que han debido enfrentarse a serios problemas, simplemente por ser quienes son.<\/p>\n<p style=\"text-align: justify;\">Para la Seremi de la Mujer y Equidad de G\u00e9nero de la Regi\u00f3n de Ays\u00e9n, Andrea M\u00e9ndez Valenzuela, se trata de \u201cuna mesa de trabajo que se estuvo preparando en 2022 en coordinaci\u00f3n con organizaciones sociales asociadas a diversidades sexogen\u00e9ricas de nuestra regi\u00f3n. Hemos ido sistematizando y dando cuenta de que era necesaria esta mesa intersectorial, liderada por la autoridad de Gobierno, capaz de darle causa y respuesta diligente a las necesidades que afectan particularmente a esta poblaci\u00f3n\u201d.<\/p>\n<p style=\"text-align: justify;\">\u201cEs un momento hist\u00f3rico\u201d, dice Israel Cort\u00e9s Ch\u00e1vez, presidente de la ONG Diversa Patagonia, y a\u00f1ade que \u201ces una instancia de trabajo que por primera vez se est\u00e1 dando ac\u00e1 en la regi\u00f3n. Estamos muy emocionados de poder permitirlo y por este hito inaugural que se realiz\u00f3 junto a personas que han sido visibles en la regi\u00f3n por mucho tiempo y que jam\u00e1s se les hab\u00eda dado ning\u00fan tipo de reconocimiento\u201d.<\/p>\n<p style=\"text-align: justify;\">Cort\u00e9s se refiere al \u201cReconocimiento a la Visibilidad 2023\u201d que Diversa Patagonia y Corporaci\u00f3n Transformando entregaron, junto a la Seremi de la Mujer y Equidad de G\u00e9nero, a la concejala y activista de Puyuhuapi, Almendra Silva Millalonco y al activista trans Andr\u00e9s Rivera Duarte.<\/p>\n<p style=\"text-align: justify;\">Paulina Monsalve Suter, presidenta de la Corporaci\u00f3n TransFormando, manifest\u00f3 su alegr\u00eda por esta mesa que aborda las necesidades de la poblaci\u00f3n de las diversidades sexo gen\u00e9ricas: \u201cHay necesidades de salud, hay necesidades de trabajo, necesidades de justicia, hay necesidades en todo \u00e1mbito y eso es lo que nosotros queremos instalar y trabajar. No solamente conversarlo, sino que trabajarlo para que desde las pol\u00edticas p\u00fablicas surjan soluciones al respecto\u201d.<\/p>\n<p style=\"text-align: justify;\">Durante el desarrollo de la mesa, el joven trans aysenino, \u00c1lex G\u00f3mez Ram\u00edrez, entreg\u00f3 un valiente testimonio, tras haber sido v\u00edctima de violencia de g\u00e9nero en su colegio por parte de adultos responsables de su formaci\u00f3n: \u201cSi quieres que sea muy sincero contigo, realmente esto lo hago por mi familia y por las personas transg\u00e9nero y de otras diversidades. Y porque quiero hacer un cambio. Mi valent\u00eda me cost\u00f3, estuve meses. La pas\u00e9 mal, muy mal, por mi mam\u00e1 que como mujer tambi\u00e9n se sinti\u00f3 violentada. Lo que yo quiero es un cambio y que de verdad se haga justicia. En Ays\u00e9n estamos muy atrasados como regi\u00f3n y necesitamos que m\u00e1s gente informe y que m\u00e1s gente quiera ser informada. Y que les gusta el tema para llevar a sus hijos a que los padres puedan entenderlos tambi\u00e9n\u201d.<\/p>\n<p style=\"text-align: justify;\">La seremi Andrea M\u00e9ndez present\u00f3, finalmente, un resumen de requerimientos, la metodolog\u00eda y la agenda 2023 de la mesa de diversidades sexogen\u00e9ricas de la Regi\u00f3n de Ays\u00e9n.<\/p>\n<\/div><\/section><\/div><div  style='height:50px' class='hr hr-invisible   avia-builder-el-6  el_after_av_one_full  el_before_av_social_share '><span class='hr-inner ' ><span class='hr-inner-style'><\/span><\/span><\/div><\/p>\n<div  class='av-social-sharing-box  avia-builder-el-7  el_after_av_hr  el_before_av_hr  '><div class='av-share-box'><h5 class='av-share-link-description av-no-toc '>Compartir esta noticia<\/h5><ul class='av-share-box-list noLightbox'><li class='av-share-link av-social-link-facebook' ><a target=\"_blank\" aria-label=\"Compartir en Facebook\" href='https:\/\/www.facebook.com\/sharer.php?u=https:\/\/radiorevelacionfm.cl\/?p=26645&#038;t=Hist%C3%B3rica%20mesa%20de%20trabajo%20de%20diversidades%20sexo%20gen%C3%A9ricas%20en%20Coyhaique' aria-hidden='false' data-av_icon='\ue8f3' data-av_iconfont='entypo-fontello' title='' data-avia-related-tooltip='Compartir en Facebook' rel=\"noopener\"><span class='avia_hidden_link_text'>Compartir en Facebook<\/span><\/a><\/li><li class='av-share-link av-social-link-twitter' ><a target=\"_blank\" aria-label=\"Compartir en Twitter\" href='https:\/\/twitter.com\/share?text=Hist%C3%B3rica%20mesa%20de%20trabajo%20de%20diversidades%20sexo%20gen%C3%A9ricas%20en%20Coyhaique&#038;url=https:\/\/radiorevelacionfm.cl\/?p=26645' aria-hidden='false' data-av_icon='\ue8f1' data-av_iconfont='entypo-fontello' title='' data-avia-related-tooltip='Compartir en Twitter' rel=\"noopener\"><span class='avia_hidden_link_text'>Compartir en Twitter<\/span><\/a><\/li><li class='av-share-link av-social-link-whatsapp' ><a target=\"_blank\" aria-label=\"Compartir en Whatsapp\" href='https:\/\/api.whatsapp.com\/send?text=https:\/\/radiorevelacionfm.cl\/?p=26645' aria-hidden='false' data-av_icon='\uf232' data-av_iconfont='entypo-fontello' title='' data-avia-related-tooltip='Compartir en Whatsapp' rel=\"noopener\"><span class='avia_hidden_link_text'>Compartir en Whatsapp<\/span><\/a><\/li><li class='av-share-link av-social-link-linkedin' ><a target=\"_blank\" aria-label=\"Compartir en LinkedIn\" href='https:\/\/linkedin.com\/shareArticle?mini=true&#038;title=Hist%C3%B3rica%20mesa%20de%20trabajo%20de%20diversidades%20sexo%20gen%C3%A9ricas%20en%20Coyhaique&#038;url=https:\/\/radiorevelacionfm.cl\/?p=26645' aria-hidden='false' data-av_icon='\ue8fc' data-av_iconfont='entypo-fontello' title='' data-avia-related-tooltip='Compartir en LinkedIn' rel=\"noopener\"><span class='avia_hidden_link_text'>Compartir en LinkedIn<\/span><\/a><\/li><li class='av-share-link av-social-link-mail' ><a  aria-label=\"Compartir por correo\" href='mailto:?subject=Hist%C3%B3rica%20mesa%20de%20trabajo%20de%20diversidades%20sexo%20gen%C3%A9ricas%20en%20Coyhaique&#038;body=https:\/\/radiorevelacionfm.cl\/?p=26645' aria-hidden='false' data-av_icon='\ue805' data-av_iconfont='entypo-fontello' title='' data-avia-related-tooltip='Compartir por correo'><span class='avia_hidden_link_text'>Compartir por correo<\/span><\/a><\/li><\/ul><\/div><\/div>\n<div  style='height:50px' class='hr hr-invisible   avia-builder-el-8  el_after_av_social_share  el_before_av_comments_list '><span class='hr-inner ' ><span class='hr-inner-style'><\/span><\/span><\/div>\n<div  class='av-buildercomment  av-blog-meta-html-info-disabled av-blog-meta-tag-disabled  '><\/div>\n","protected":false},"excerpt":{"rendered":"","protected":false},"author":1,"featured_media":26646,"comment_status":"open","ping_status":"open","sticky":false,"template":"","format":"standard","meta":{"footnotes":""},"categories":[38],"tags":[],"class_list":["post-26645","post","type-post","status-publish","format-standard","has-post-thumbnail","hentry","category-regional"],"jetpack_featured_media_url":"https:\/\/radiorevelacionfm.cl\/wp-content\/uploads\/2023\/01\/mesa-diversidades-13-1-1.jpg","_links":{"self":[{"href":"https:\/\/radiorevelacionfm.cl\/index.php?rest_route=\/wp\/v2\/posts\/26645","targetHints":{"allow":["GET"]}}],"collection":[{"href":"https:\/\/radiorevelacionfm.cl\/index.php?rest_route=\/wp\/v2\/posts"}],"about":[{"href":"https:\/\/radiorevelacionfm.cl\/index.php?rest_route=\/wp\/v2\/types\/post"}],"author":[{"embeddable":true,"href":"https:\/\/radiorevelacionfm.cl\/index.php?rest_route=\/wp\/v2\/users\/1"}],"replies":[{"embeddable":true,"href":"https:\/\/radiorevelacionfm.cl\/index.php?rest_route=%2Fwp%2Fv2%2Fcomments&post=26645"}],"version-history":[{"count":2,"href":"https:\/\/radiorevelacionfm.cl\/index.php?rest_route=\/wp\/v2\/posts\/26645\/revisions"}],"predecessor-version":[{"id":26648,"href":"https:\/\/radiorevelacionfm.cl\/index.php?rest_route=\/wp\/v2\/posts\/26645\/revisions\/26648"}],"wp:featuredmedia":[{"embeddable":true,"href":"https:\/\/radiorevelacionfm.cl\/index.php?rest_route=\/wp\/v2\/media\/26646"}],"wp:attachment":[{"href":"https:\/\/radiorevelacionfm.cl\/index.php?rest_route=%2Fwp%2Fv2%2Fmedia&parent=26645"}],"wp:term":[{"taxonomy":"category","embeddable":true,"href":"https:\/\/radiorevelacionfm.cl\/index.php?rest_route=%2Fwp%2Fv2%2Fcategories&post=26645"},{"taxonomy":"post_tag","embeddable":true,"href":"https:\/\/radiorevelacionfm.cl\/index.php?rest_route=%2Fwp%2Fv2%2Ftags&post=26645"}],"curies":[{"name":"wp","href":"https:\/\/api.w.org\/{rel}","templated":true}]}}