{"id":26642,"date":"2023-01-16T15:21:40","date_gmt":"2023-01-16T18:21:40","guid":{"rendered":"https:\/\/radiorevelacionfm.cl\/?p=26642"},"modified":"2023-01-16T15:21:40","modified_gmt":"2023-01-16T18:21:40","slug":"injuv-y-universidad-de-magallanes-firman-importante-convenio-de-cooperacion-en-coyhaique","status":"publish","type":"post","link":"https:\/\/radiorevelacionfm.cl\/?p=26642","title":{"rendered":"INJUV y Universidad de Magallanes firman importante convenio de cooperaci\u00f3n en Coyhaique"},"content":{"rendered":"<div class=\"flex_column av_one_full  flex_column_div av-zero-column-padding first  avia-builder-el-0  el_before_av_one_full  avia-builder-el-first  \" style='border-radius:0px; '><div  class='avia-image-container  av-styling-    avia-builder-el-1  avia-builder-el-no-sibling  avia-align-center '  itemprop=\"image\" itemscope=\"itemscope\" itemtype=\"https:\/\/schema.org\/ImageObject\"  ><div class='avia-image-container-inner'><div class='avia-image-overlay-wrap'><img decoding=\"async\" class='wp-image-26643 avia-img-lazy-loading-not-26643 avia_image' src=\"https:\/\/radiorevelacionfm.cl\/wp-content\/uploads\/2023\/01\/1-2023-01-16T143941.004-1-1.jpg\" alt='' title='1 - 2023-01-16T143941.004 (1) (1)' height=\"600\" width=\"816\"  itemprop=\"thumbnailUrl\" srcset=\"https:\/\/radiorevelacionfm.cl\/wp-content\/uploads\/2023\/01\/1-2023-01-16T143941.004-1-1.jpg 816w, https:\/\/radiorevelacionfm.cl\/wp-content\/uploads\/2023\/01\/1-2023-01-16T143941.004-1-1-300x221.jpg 300w, https:\/\/radiorevelacionfm.cl\/wp-content\/uploads\/2023\/01\/1-2023-01-16T143941.004-1-1-768x565.jpg 768w, https:\/\/radiorevelacionfm.cl\/wp-content\/uploads\/2023\/01\/1-2023-01-16T143941.004-1-1-705x518.jpg 705w, https:\/\/radiorevelacionfm.cl\/wp-content\/uploads\/2023\/01\/1-2023-01-16T143941.004-1-1-600x441.jpg 600w\" sizes=\"(max-width: 816px) 100vw, 816px\" \/><\/div><\/div><\/div><\/div><div class=\"flex_column av_one_full  flex_column_div av-zero-column-padding first  avia-builder-el-2  el_after_av_one_full  el_before_av_one_full  column-top-margin\" style='border-radius:0px; '><section class=\"av_textblock_section \"  itemscope=\"itemscope\" itemtype=\"https:\/\/schema.org\/BlogPosting\" itemprop=\"blogPost\" ><div class='avia_textblock  '   itemprop=\"text\" ><p style=\"text-align: center;\"><strong><span style=\"font-size: 18pt;\">INJUV y Universidad de Magallanes firman importante convenio de cooperaci\u00f3n en Coyhaique<\/span><\/strong><\/p>\n<div id=\"gtx-trans\" style=\"position: absolute; left: -50px; top: 4.31534px;\">\n<div class=\"gtx-trans-icon\"><\/div>\n<\/div>\n<\/div><\/section><\/div><div class=\"flex_column av_one_full  flex_column_div av-zero-column-padding first  avia-builder-el-4  el_after_av_one_full  el_before_av_hr  column-top-margin\" style='border-radius:0px; '><section class=\"av_textblock_section \"  itemscope=\"itemscope\" itemtype=\"https:\/\/schema.org\/BlogPosting\" itemprop=\"blogPost\" ><div class='avia_textblock  '   itemprop=\"text\" ><p style=\"text-align: justify;\">Con el objetivo de promover el trabajo colaborativo entre ambas instituciones y establecer mecanismos de vinculaci\u00f3n y cooperaci\u00f3n mutua en actividades enfocadas al potenciamiento de la participaci\u00f3n de la comunidad juvenil, el Instituto Nacional de la Juventud (INJUV) y la Universidad de Magallanes, Sede Coyhaique, firman importante convenio de cooperaci\u00f3n dirigido a los j\u00f3venes de la regi\u00f3n.<\/p>\n<p style=\"text-align: justify;\">El convenio firmado por ambas entidades busca tambi\u00e9n el empoderamiento juvenil a trav\u00e9s de su participaci\u00f3n en la contribuci\u00f3n de planes, programas y proyectos destinados a la investigaci\u00f3n y desarrollo local, el perfeccionamiento acad\u00e9mico, actividades de formaci\u00f3n y capacitaci\u00f3n profesional, que promuevan y contribuyan al desarrollo y aprendizaje organizacional en el \u00e1mbito del trabajo de INJUV y la Universidad.<\/p>\n<p style=\"text-align: justify;\">Respecto a la iniciativa, la directora regional (s) de INJUV, G\u00e9nesis Arias Fuentes, sostuvo que \u201cestamos muy contentos por este significativo convenio firmado, nuestro objetivo como INJUV es entregar m\u00e1s y mejores espacios de participaci\u00f3n a nuestra juventud y eso se concreta ahora con la firma de este convenio. Invitamos a las y los j\u00f3venes de la Universidad de Magallanes, Sede Coyhaique, a conocer nuestra oferta program\u00e1tica y visitar la direcci\u00f3n regional ya que tenemos un muy buen espacio colaborativo creado especialmente para nuestros j\u00f3venes\u201d.<\/p>\n<p style=\"text-align: justify;\">En tanto Alejandra Narv\u00e1ez Aro, directora de la Universidad de Magallanes, Sede Coyhaique, indic\u00f3 que \u201cera algo muy esperado, nosotros estamos trabajando con INJUV\u00a0 desde hace mucho tiempo y nos articulamos en pandemia, producto de aquello no pudimos realizar de forma\u00a0 presencial la firma del convenio, pero ya est\u00e1bamos trabajando articuladamente. Es primordial el trabajo en la regi\u00f3n y que sea mancomunado con las instituciones educacionales superiores y tambi\u00e9n con INJUV, porque si la juventud no tiene voz y voto dentro de una regi\u00f3n, entonces que estamos haciendo, es darle el valor que tiene la juventud y tambi\u00e9n la educaci\u00f3n superior en este tipo de trabajo colaborativo\u201d.<\/p>\n<\/div><\/section><\/div><div  style='height:50px' class='hr hr-invisible   avia-builder-el-6  el_after_av_one_full  el_before_av_social_share '><span class='hr-inner ' ><span class='hr-inner-style'><\/span><\/span><\/div><\/p>\n<div  class='av-social-sharing-box  avia-builder-el-7  el_after_av_hr  el_before_av_hr  '><div class='av-share-box'><h5 class='av-share-link-description av-no-toc '>Compartir esta noticia<\/h5><ul class='av-share-box-list noLightbox'><li class='av-share-link av-social-link-facebook' ><a target=\"_blank\" aria-label=\"Compartir en Facebook\" href='https:\/\/www.facebook.com\/sharer.php?u=https:\/\/radiorevelacionfm.cl\/?p=26642&#038;t=INJUV%20y%20Universidad%20de%20Magallanes%20firman%20importante%20convenio%20de%20cooperaci%C3%B3n%20en%20Coyhaique' aria-hidden='false' data-av_icon='\ue8f3' data-av_iconfont='entypo-fontello' title='' data-avia-related-tooltip='Compartir en Facebook' rel=\"noopener\"><span class='avia_hidden_link_text'>Compartir en Facebook<\/span><\/a><\/li><li class='av-share-link av-social-link-twitter' ><a target=\"_blank\" aria-label=\"Compartir en Twitter\" href='https:\/\/twitter.com\/share?text=INJUV%20y%20Universidad%20de%20Magallanes%20firman%20importante%20convenio%20de%20cooperaci%C3%B3n%20en%20Coyhaique&#038;url=https:\/\/radiorevelacionfm.cl\/?p=26642' aria-hidden='false' data-av_icon='\ue8f1' data-av_iconfont='entypo-fontello' title='' data-avia-related-tooltip='Compartir en Twitter' rel=\"noopener\"><span class='avia_hidden_link_text'>Compartir en Twitter<\/span><\/a><\/li><li class='av-share-link av-social-link-whatsapp' ><a target=\"_blank\" aria-label=\"Compartir en Whatsapp\" href='https:\/\/api.whatsapp.com\/send?text=https:\/\/radiorevelacionfm.cl\/?p=26642' aria-hidden='false' data-av_icon='\uf232' data-av_iconfont='entypo-fontello' title='' data-avia-related-tooltip='Compartir en Whatsapp' rel=\"noopener\"><span class='avia_hidden_link_text'>Compartir en Whatsapp<\/span><\/a><\/li><li class='av-share-link av-social-link-linkedin' ><a target=\"_blank\" aria-label=\"Compartir en LinkedIn\" href='https:\/\/linkedin.com\/shareArticle?mini=true&#038;title=INJUV%20y%20Universidad%20de%20Magallanes%20firman%20importante%20convenio%20de%20cooperaci%C3%B3n%20en%20Coyhaique&#038;url=https:\/\/radiorevelacionfm.cl\/?p=26642' aria-hidden='false' data-av_icon='\ue8fc' data-av_iconfont='entypo-fontello' title='' data-avia-related-tooltip='Compartir en LinkedIn' rel=\"noopener\"><span class='avia_hidden_link_text'>Compartir en LinkedIn<\/span><\/a><\/li><li class='av-share-link av-social-link-mail' ><a  aria-label=\"Compartir por correo\" href='mailto:?subject=INJUV%20y%20Universidad%20de%20Magallanes%20firman%20importante%20convenio%20de%20cooperaci%C3%B3n%20en%20Coyhaique&#038;body=https:\/\/radiorevelacionfm.cl\/?p=26642' aria-hidden='false' data-av_icon='\ue805' data-av_iconfont='entypo-fontello' title='' data-avia-related-tooltip='Compartir por correo'><span class='avia_hidden_link_text'>Compartir por correo<\/span><\/a><\/li><\/ul><\/div><\/div>\n<div  style='height:50px' class='hr hr-invisible   avia-builder-el-8  el_after_av_social_share  el_before_av_comments_list '><span class='hr-inner ' ><span class='hr-inner-style'><\/span><\/span><\/div>\n<div  class='av-buildercomment  av-blog-meta-html-info-disabled av-blog-meta-tag-disabled  '><\/div>\n","protected":false},"excerpt":{"rendered":"","protected":false},"author":1,"featured_media":26643,"comment_status":"open","ping_status":"open","sticky":false,"template":"","format":"standard","meta":{"footnotes":""},"categories":[38],"tags":[],"class_list":["post-26642","post","type-post","status-publish","format-standard","has-post-thumbnail","hentry","category-regional"],"jetpack_featured_media_url":"https:\/\/radiorevelacionfm.cl\/wp-content\/uploads\/2023\/01\/1-2023-01-16T143941.004-1-1.jpg","_links":{"self":[{"href":"https:\/\/radiorevelacionfm.cl\/index.php?rest_route=\/wp\/v2\/posts\/26642","targetHints":{"allow":["GET"]}}],"collection":[{"href":"https:\/\/radiorevelacionfm.cl\/index.php?rest_route=\/wp\/v2\/posts"}],"about":[{"href":"https:\/\/radiorevelacionfm.cl\/index.php?rest_route=\/wp\/v2\/types\/post"}],"author":[{"embeddable":true,"href":"https:\/\/radiorevelacionfm.cl\/index.php?rest_route=\/wp\/v2\/users\/1"}],"replies":[{"embeddable":true,"href":"https:\/\/radiorevelacionfm.cl\/index.php?rest_route=%2Fwp%2Fv2%2Fcomments&post=26642"}],"version-history":[{"count":2,"href":"https:\/\/radiorevelacionfm.cl\/index.php?rest_route=\/wp\/v2\/posts\/26642\/revisions"}],"predecessor-version":[{"id":26660,"href":"https:\/\/radiorevelacionfm.cl\/index.php?rest_route=\/wp\/v2\/posts\/26642\/revisions\/26660"}],"wp:featuredmedia":[{"embeddable":true,"href":"https:\/\/radiorevelacionfm.cl\/index.php?rest_route=\/wp\/v2\/media\/26643"}],"wp:attachment":[{"href":"https:\/\/radiorevelacionfm.cl\/index.php?rest_route=%2Fwp%2Fv2%2Fmedia&parent=26642"}],"wp:term":[{"taxonomy":"category","embeddable":true,"href":"https:\/\/radiorevelacionfm.cl\/index.php?rest_route=%2Fwp%2Fv2%2Fcategories&post=26642"},{"taxonomy":"post_tag","embeddable":true,"href":"https:\/\/radiorevelacionfm.cl\/index.php?rest_route=%2Fwp%2Fv2%2Ftags&post=26642"}],"curies":[{"name":"wp","href":"https:\/\/api.w.org\/{rel}","templated":true}]}}