{"id":2664,"date":"2021-02-16T17:02:12","date_gmt":"2021-02-16T20:02:12","guid":{"rendered":"https:\/\/radiorevelacionfm.cl\/?p=2664"},"modified":"2021-02-16T17:02:12","modified_gmt":"2021-02-16T20:02:12","slug":"fosis-entregara-apoyo-a-12-organizaciones-sociales-para-mitigar-efectos-de-la-pandemia","status":"publish","type":"post","link":"https:\/\/radiorevelacionfm.cl\/?p=2664","title":{"rendered":"FOSIS entregar\u00e1 apoyo a 12 organizaciones sociales para mitigar efectos de la pandemia"},"content":{"rendered":"<div class=\"flex_column av_one_full  flex_column_div av-zero-column-padding first  avia-builder-el-0  el_before_av_one_full  avia-builder-el-first  \" style='border-radius:0px; '><div  class='avia-image-container  av-styling-    avia-builder-el-1  avia-builder-el-no-sibling  avia-align-center '  itemprop=\"image\" itemscope=\"itemscope\" itemtype=\"https:\/\/schema.org\/ImageObject\"  ><div class='avia-image-container-inner'><div class='avia-image-overlay-wrap'><img decoding=\"async\" class='wp-image-0 avia-img-lazy-loading-not-0 avia_image' src=\"https:\/\/radiorevelacionfm.cl\/wp-content\/uploads\/2021\/02\/OEA-1.jpeg\" alt='' title=''   itemprop=\"thumbnailUrl\"  \/><\/div><\/div><\/div><\/div><div class=\"flex_column av_one_full  flex_column_div av-zero-column-padding first  avia-builder-el-2  el_after_av_one_full  el_before_av_one_full  column-top-margin\" style='border-radius:0px; '><section class=\"av_textblock_section \"  itemscope=\"itemscope\" itemtype=\"https:\/\/schema.org\/BlogPosting\" itemprop=\"blogPost\" ><div class='avia_textblock  '   itemprop=\"text\" ><p style=\"text-align: center;\"><strong><span style=\"font-size: 18pt;\">FOSIS entregar\u00e1 apoyo a 12 organizaciones sociales para mitigar efectos de la pandemia<\/span><\/strong><\/p>\n<div id=\"gtx-trans\" style=\"position: absolute; left: -50px; top: 4.31534px;\">\n<div class=\"gtx-trans-icon\"><\/div>\n<\/div>\n<\/div><\/section><\/div><div class=\"flex_column av_one_full  flex_column_div av-zero-column-padding first  avia-builder-el-4  el_after_av_one_full  el_before_av_hr  column-top-margin\" style='border-radius:0px; '><section class=\"av_textblock_section \"  itemscope=\"itemscope\" itemtype=\"https:\/\/schema.org\/BlogPosting\" itemprop=\"blogPost\" ><div class='avia_textblock  '   itemprop=\"text\" ><p style=\"text-align: justify;\">\u201cOrganizaciones en Acci\u00f3n\u201d es una iniciativa financiada por el Fondo de Solidaridad e Inversi\u00f3n Social, FOSIS, que apoyar con recursos a organizaciones sociales sin fines de lucro, a trav\u00e9s de la ejecuci\u00f3n del Hogar de Cristo y Corp Ays\u00e9n, entidades que se adjudicaron el programa en el territorio.<\/p>\n<p style=\"text-align: justify;\">Ya finalizada la primera etapa, donde se reuni\u00f3 FOSIS con los ejecutores para entregar lineamientos del proyecto, se dio a conocer el listado de organizaciones sociales seleccionadas y las iniciativas presentadas por cada una de ellas. Actualmente se trabaja en el mejoramiento de las iniciativas, para posteriormente invertir los recursos en las ayudar requeridas por las organizaciones.<\/p>\n<p style=\"text-align: justify;\">Las organizaciones de las comunas de Coyhaique y Ays\u00e9n, que participan de este programa gracias a la ejecuci\u00f3n del Hogar de Cristo y Corp Ays\u00e9n, acceder\u00e1n a la compra de insumos b\u00e1sicos de primera necesidad, como alimentos y mercader\u00eda, gas, art\u00edculos de aseo, higiene, protecci\u00f3n y ayudas t\u00e9cnicas auditivas, visuales y de movilidad.<\/p>\n<p style=\"text-align: justify;\">En la comuna de Coyhaique el Hogar de Cristo trabajar\u00e1 con las agrupaciones: Uni\u00f3n Comunal de Juntas de Vecinos Pampa del Corral, Agrupaci\u00f3n de Discapacitados Caminando por Ays\u00e9n, Club de Adultos Mayores Yo quiero un nuevo amanecer, Junta de Vecinos Villa Ortega, Comit\u00e9 de pavimentaci\u00f3n participativa Pateando Piedras y Junta de Vecinos Balmaceda.<\/p>\n<p style=\"text-align: justify;\">La Corporaci\u00f3n de Desarrollo del Litoral de Ays\u00e9n, Corp Ays\u00e9n, realizar\u00e1 la intervenci\u00f3n en la comuna de Ays\u00e9n, donde se prestar\u00e1 apoyo al Club de Adulto Mayor Cerros Nevados, Agrupaci\u00f3n Social de Patolog\u00edas diferentes de la comuna de Ays\u00e9n, Junta de Vecinos Camino Viejo, Club de Adultos Mayores Los Laureles, Agrupaci\u00f3n Conferencia de San Vicente de Paul y Agrupaci\u00f3n de No Videntes, Social y Cultural, Visi\u00f3n de Futuro.<\/p>\n<p style=\"text-align: justify;\">\u201cDesde FOSIS queremos reconocer el trabajo desarrollando bajo el programa Organizaciones en Acci\u00f3n, iniciativa que nace producto de esta pandemia para poder trabajar con las juntas de vecinos y l\u00edderes locales en tem\u00e1tica importantes de vulnerabilidad, como el apoyo a personas con discapacidad y adultos mayores, llegando con ayudas concretas a cada uno de los vecinos. Trabajamos en Coyhaique con la Fundaci\u00f3n Hogar de Cristo, con quienes hemos articulado este convenio de colaboraci\u00f3n, y en la comuna de Ays\u00e9n nos est\u00e1 apoyando Corp Ays\u00e9n, trabajando directamente con los vecinos y ayudando a articular redes de trabajo intersectorial para poder abordar las necesidades que hoy viven los vecinos\u201d, recalc\u00f3 la Directora Regional del FOSIS en Ays\u00e9n, Dominique Br\u00e4utigam.<\/p>\n<p style=\"text-align: justify;\">Nora Ojeda, representante del Club de Adultos Mayores Los Laureles de Puerto Ays\u00e9n, valor\u00f3 positivamente la ayuda que entrega este programa. \u201cEs un tremendo proyecto que estamos trabajando con el FOSIS, porque son 2 millones de pesos, ac\u00e1 los abuelos son muchos, pero lo importante es que el aporte les va a llegar de manera directa. Gracias a este proyecto vamos a poder abastecernos de art\u00edculos de aseo personal, alcohol gel y todo lo que viene de protecci\u00f3n para la pandemia que estamos viviendo. Encuentro Excelente este proyecto, es muy bueno\u201d.<\/p>\n<p style=\"text-align: justify;\">La ejecuci\u00f3n de Organizaciones en Acci\u00f3n finaliza en marzo y cabe mencionar que esta iniciativa se enmarca en el Acuerdo de Protecci\u00f3n Social y Recuperaci\u00f3n de Empleos, que entrega apoyo a organizaciones de la sociedad civil cumplen un rol fundamental en ayudar a sectores vulnerables afectados por la pandemia.<\/p>\n<\/div><\/section><\/div><div  style='height:50px' class='hr hr-invisible   avia-builder-el-6  el_after_av_one_full  el_before_av_social_share '><span class='hr-inner ' ><span class='hr-inner-style'><\/span><\/span><\/div><\/p>\n<div  class='av-social-sharing-box  avia-builder-el-7  el_after_av_hr  el_before_av_hr  '><div class='av-share-box'><h5 class='av-share-link-description av-no-toc '>Compartir esta noticia<\/h5><ul class='av-share-box-list noLightbox'><li class='av-share-link av-social-link-facebook' ><a target=\"_blank\" aria-label=\"Compartir en Facebook\" href='https:\/\/www.facebook.com\/sharer.php?u=https:\/\/radiorevelacionfm.cl\/?p=2664&#038;t=FOSIS%20entregar%C3%A1%20apoyo%20a%2012%20organizaciones%20sociales%20para%20mitigar%20efectos%20de%20la%20pandemia' aria-hidden='false' data-av_icon='\ue8f3' data-av_iconfont='entypo-fontello' title='' data-avia-related-tooltip='Compartir en Facebook' rel=\"noopener\"><span class='avia_hidden_link_text'>Compartir en Facebook<\/span><\/a><\/li><li class='av-share-link av-social-link-twitter' ><a target=\"_blank\" aria-label=\"Compartir en Twitter\" href='https:\/\/twitter.com\/share?text=FOSIS%20entregar%C3%A1%20apoyo%20a%2012%20organizaciones%20sociales%20para%20mitigar%20efectos%20de%20la%20pandemia&#038;url=https:\/\/radiorevelacionfm.cl\/?p=2664' aria-hidden='false' data-av_icon='\ue8f1' data-av_iconfont='entypo-fontello' title='' data-avia-related-tooltip='Compartir en Twitter' rel=\"noopener\"><span class='avia_hidden_link_text'>Compartir en Twitter<\/span><\/a><\/li><li class='av-share-link av-social-link-whatsapp' ><a target=\"_blank\" aria-label=\"Compartir en Whatsapp\" href='https:\/\/api.whatsapp.com\/send?text=https:\/\/radiorevelacionfm.cl\/?p=2664' aria-hidden='false' data-av_icon='\uf232' data-av_iconfont='entypo-fontello' title='' data-avia-related-tooltip='Compartir en Whatsapp' rel=\"noopener\"><span class='avia_hidden_link_text'>Compartir en Whatsapp<\/span><\/a><\/li><li class='av-share-link av-social-link-linkedin' ><a target=\"_blank\" aria-label=\"Compartir en LinkedIn\" href='https:\/\/linkedin.com\/shareArticle?mini=true&#038;title=FOSIS%20entregar%C3%A1%20apoyo%20a%2012%20organizaciones%20sociales%20para%20mitigar%20efectos%20de%20la%20pandemia&#038;url=https:\/\/radiorevelacionfm.cl\/?p=2664' aria-hidden='false' data-av_icon='\ue8fc' data-av_iconfont='entypo-fontello' title='' data-avia-related-tooltip='Compartir en LinkedIn' rel=\"noopener\"><span class='avia_hidden_link_text'>Compartir en LinkedIn<\/span><\/a><\/li><li class='av-share-link av-social-link-mail' ><a  aria-label=\"Compartir por correo\" href='mailto:?subject=FOSIS%20entregar%C3%A1%20apoyo%20a%2012%20organizaciones%20sociales%20para%20mitigar%20efectos%20de%20la%20pandemia&#038;body=https:\/\/radiorevelacionfm.cl\/?p=2664' aria-hidden='false' data-av_icon='\ue805' data-av_iconfont='entypo-fontello' title='' data-avia-related-tooltip='Compartir por correo'><span class='avia_hidden_link_text'>Compartir por correo<\/span><\/a><\/li><\/ul><\/div><\/div>\n<div  style='height:50px' class='hr hr-invisible   avia-builder-el-8  el_after_av_social_share  el_before_av_comments_list '><span class='hr-inner ' ><span class='hr-inner-style'><\/span><\/span><\/div>\n<div  class='av-buildercomment  av-blog-meta-html-info-disabled av-blog-meta-tag-disabled  '><\/div>\n","protected":false},"excerpt":{"rendered":"","protected":false},"author":1,"featured_media":0,"comment_status":"open","ping_status":"open","sticky":false,"template":"","format":"standard","meta":{"footnotes":""},"categories":[38],"tags":[],"class_list":["post-2664","post","type-post","status-publish","format-standard","hentry","category-regional"],"jetpack_featured_media_url":"","_links":{"self":[{"href":"https:\/\/radiorevelacionfm.cl\/index.php?rest_route=\/wp\/v2\/posts\/2664","targetHints":{"allow":["GET"]}}],"collection":[{"href":"https:\/\/radiorevelacionfm.cl\/index.php?rest_route=\/wp\/v2\/posts"}],"about":[{"href":"https:\/\/radiorevelacionfm.cl\/index.php?rest_route=\/wp\/v2\/types\/post"}],"author":[{"embeddable":true,"href":"https:\/\/radiorevelacionfm.cl\/index.php?rest_route=\/wp\/v2\/users\/1"}],"replies":[{"embeddable":true,"href":"https:\/\/radiorevelacionfm.cl\/index.php?rest_route=%2Fwp%2Fv2%2Fcomments&post=2664"}],"version-history":[{"count":1,"href":"https:\/\/radiorevelacionfm.cl\/index.php?rest_route=\/wp\/v2\/posts\/2664\/revisions"}],"predecessor-version":[{"id":2666,"href":"https:\/\/radiorevelacionfm.cl\/index.php?rest_route=\/wp\/v2\/posts\/2664\/revisions\/2666"}],"wp:attachment":[{"href":"https:\/\/radiorevelacionfm.cl\/index.php?rest_route=%2Fwp%2Fv2%2Fmedia&parent=2664"}],"wp:term":[{"taxonomy":"category","embeddable":true,"href":"https:\/\/radiorevelacionfm.cl\/index.php?rest_route=%2Fwp%2Fv2%2Fcategories&post=2664"},{"taxonomy":"post_tag","embeddable":true,"href":"https:\/\/radiorevelacionfm.cl\/index.php?rest_route=%2Fwp%2Fv2%2Ftags&post=2664"}],"curies":[{"name":"wp","href":"https:\/\/api.w.org\/{rel}","templated":true}]}}