{"id":26636,"date":"2023-01-16T12:33:27","date_gmt":"2023-01-16T15:33:27","guid":{"rendered":"https:\/\/radiorevelacionfm.cl\/?p=26636"},"modified":"2023-01-16T12:50:05","modified_gmt":"2023-01-16T15:50:05","slug":"rally-de-aniversario-de-aysen-finaliza-con-premiacion-en-plaza-de-armas","status":"publish","type":"post","link":"https:\/\/radiorevelacionfm.cl\/?p=26636","title":{"rendered":"Rally Aniversario de Ays\u00e9n finaliza con premiaci\u00f3n en Plaza de Armas"},"content":{"rendered":"<div class=\"flex_column av_one_full  flex_column_div av-zero-column-padding first  avia-builder-el-0  el_before_av_one_full  avia-builder-el-first  \" style='border-radius:0px; '><div  class='avia-image-container  av-styling-    avia-builder-el-1  avia-builder-el-no-sibling  avia-align-center '  itemprop=\"image\" itemscope=\"itemscope\" itemtype=\"https:\/\/schema.org\/ImageObject\"  ><div class='avia-image-container-inner'><div class='avia-image-overlay-wrap'><img decoding=\"async\" class='wp-image-26637 avia-img-lazy-loading-not-26637 avia_image' src=\"https:\/\/radiorevelacionfm.cl\/wp-content\/uploads\/2023\/01\/img_0116_optimized.jpg\" alt='' title='img_0116_optimized' height=\"600\" width=\"929\"  itemprop=\"thumbnailUrl\" srcset=\"https:\/\/radiorevelacionfm.cl\/wp-content\/uploads\/2023\/01\/img_0116_optimized.jpg 929w, https:\/\/radiorevelacionfm.cl\/wp-content\/uploads\/2023\/01\/img_0116_optimized-300x194.jpg 300w, https:\/\/radiorevelacionfm.cl\/wp-content\/uploads\/2023\/01\/img_0116_optimized-768x496.jpg 768w, https:\/\/radiorevelacionfm.cl\/wp-content\/uploads\/2023\/01\/img_0116_optimized-705x455.jpg 705w, https:\/\/radiorevelacionfm.cl\/wp-content\/uploads\/2023\/01\/img_0116_optimized-600x388.jpg 600w\" sizes=\"(max-width: 929px) 100vw, 929px\" \/><\/div><\/div><\/div><\/div>\n<div class=\"flex_column av_one_full  flex_column_div av-zero-column-padding first  avia-builder-el-2  el_after_av_one_full  el_before_av_one_full  column-top-margin\" style='border-radius:0px; '><section class=\"av_textblock_section \"  itemscope=\"itemscope\" itemtype=\"https:\/\/schema.org\/BlogPosting\" itemprop=\"blogPost\" ><div class='avia_textblock  '   itemprop=\"text\" ><p style=\"text-align: center;\"><span style=\"font-size: 18pt;\"><strong>Rally Aniversario de Ays\u00e9n finaliza con premiaci\u00f3n en Plaza de Armas<\/strong><\/span><\/p>\n<div id=\"gtx-trans\" style=\"position: absolute; left: -50px; top: 4.31534px;\">\n<div class=\"gtx-trans-icon\"><\/div>\n<\/div>\n<\/div><\/section><\/div><div class=\"flex_column av_one_full  flex_column_div av-zero-column-padding first  avia-builder-el-4  el_after_av_one_full  el_before_av_hr  column-top-margin\" style='border-radius:0px; '><section class=\"av_textblock_section \"  itemscope=\"itemscope\" itemtype=\"https:\/\/schema.org\/BlogPosting\" itemprop=\"blogPost\" ><div class='avia_textblock  '   itemprop=\"text\" ><p style=\"text-align: justify;\">Este domingo finaliz\u00f3 el Rally de Aniversario de Ays\u00e9n, el cual recibi\u00f3 a 35 competidores de diferentes lugares del pa\u00eds. La ceremonia de premiaci\u00f3n se realiz\u00f3 en la Plaza de Armas de Puerto Ays\u00e9n, entregando reconocimientos a los ganadores de las cuatro categor\u00edas, adem\u00e1s de entregar galardones por el desempe\u00f1o obtenido por los corredores durante 2022.<\/p>\n<p style=\"text-align: justify;\">La competencia, organizada por el Club Automovil\u00edstico Patagonia a Fondo, inici\u00f3 la ma\u00f1ana del domingo 15, con la Primera y Segunda Etapa, que consideraba el trayecto de ida y vuelta entre Puerto Ays\u00e9n y Bah\u00eda Acantilada. Posteriormente, la competencia continu\u00f3 con la Tercera y Cuarta Etapa, que comprend\u00eda el tramo entre Puerto Ays\u00e9n y Lago Riesco.<\/p>\n<p style=\"text-align: justify;\">Una gran cantidad de fan\u00e1ticos del mundo tuerca se ubic\u00f3 en los caminos para poder ver a los competidores correr. Familias enteras disfrutaron del espect\u00e1culo deportivo que se tom\u00f3 las rutas ayseninas.<\/p>\n<p style=\"text-align: justify;\">A eso de las 18:00 se realiz\u00f3 la ceremonia de premiaci\u00f3n en la Plaza de Armas de Puerto Ays\u00e9n, donde se entreg\u00f3 el premio para el mejor tiempo general a Francisco Barrientos y Alex Vargas, con 23 minutos y 24 segundos. Adem\u00e1s, se entregaron los reconocimientos para los tres primeros lugares de las cuatro categor\u00edas:<\/p>\n<p style=\"text-align: justify;\">Categor\u00eda N1<\/p>\n<p style=\"text-align: justify;\">1\u00b0 lugar: Luis Haro y Bernardo Ram\u00edrez<\/p>\n<p style=\"text-align: justify;\">2\u00b0 lugar: Carlos Lillo y Henry Vera<\/p>\n<p style=\"text-align: justify;\">3\u00b0 lugar: Juan B\u00e1squez y Jaquelin Mardones<\/p>\n<p style=\"text-align: justify;\">Categor\u00eda N2<\/p>\n<p style=\"text-align: justify;\">1\u00b0 lugar: Gonzalo Figueroa y Daniel Mansilla<\/p>\n<p style=\"text-align: justify;\">2\u00b0 lugar: Mart\u00edn Gonz\u00e1lez y Robinson Gonz\u00e1lez<\/p>\n<p style=\"text-align: justify;\">3\u00b0 lugar: Jonson Mardones y Kevin Silva<\/p>\n<p style=\"text-align: justify;\">Categor\u00eda N3<\/p>\n<p style=\"text-align: justify;\">1\u00b0 lugar: Andr\u00e9s Troncoso y \u00d3scar Sep\u00falveda<\/p>\n<p style=\"text-align: justify;\">2\u00b0 lugar: Felipe Sanhueza y Jos\u00e9 Tom\u00e1s Arriagada<\/p>\n<p style=\"text-align: justify;\">3\u00b0 lugar: Jonathan Guti\u00e9rrez y Fernando Andrade<\/p>\n<p style=\"text-align: justify;\">Categor\u00eda N4<\/p>\n<p style=\"text-align: justify;\">1\u00b0 lugar: Francisco Barrientos y Alex Vargas<\/p>\n<p style=\"text-align: justify;\">2\u00b0 lugar: Jos\u00e9 Luis Bahamondes y Julio Oyarzo<\/p>\n<p style=\"text-align: justify;\">3\u00b0 lugar: Felipe Z\u00e1rate y Cristofer Maldonado<\/p>\n<p style=\"text-align: justify;\">Posterior a ello, se entregaron los reconocimientos por categor\u00eda sobre los resultados de las carreras de 2022. Felicitamos a todos quienes participaron en la competencia, e invitamos a la comunidad a seguir asistiendo a las actividades por el Aniversario de Ays\u00e9n. Para m\u00e1s informaci\u00f3n sobre el cronograma de los panoramas que hay para este verano, s\u00edguenos en nuestras redes sociales.<\/p>\n<\/div><\/section><\/div><\/p>\n<div  style='height:50px' class='hr hr-invisible   avia-builder-el-6  el_after_av_one_full  el_before_av_social_share '><span class='hr-inner ' ><span class='hr-inner-style'><\/span><\/span><\/div>\n<div  class='av-social-sharing-box  avia-builder-el-7  el_after_av_hr  el_before_av_hr  '><div class='av-share-box'><h5 class='av-share-link-description av-no-toc '>Compartir esta noticia<\/h5><ul class='av-share-box-list noLightbox'><li class='av-share-link av-social-link-facebook' ><a target=\"_blank\" aria-label=\"Compartir en Facebook\" href='https:\/\/www.facebook.com\/sharer.php?u=https:\/\/radiorevelacionfm.cl\/?p=26636&#038;t=Rally%20Aniversario%20de%20Ays%C3%A9n%20finaliza%20con%20premiaci%C3%B3n%20en%20Plaza%20de%20Armas' aria-hidden='false' data-av_icon='\ue8f3' data-av_iconfont='entypo-fontello' title='' data-avia-related-tooltip='Compartir en Facebook' rel=\"noopener\"><span class='avia_hidden_link_text'>Compartir en Facebook<\/span><\/a><\/li><li class='av-share-link av-social-link-twitter' ><a target=\"_blank\" aria-label=\"Compartir en Twitter\" href='https:\/\/twitter.com\/share?text=Rally%20Aniversario%20de%20Ays%C3%A9n%20finaliza%20con%20premiaci%C3%B3n%20en%20Plaza%20de%20Armas&#038;url=https:\/\/radiorevelacionfm.cl\/?p=26636' aria-hidden='false' data-av_icon='\ue8f1' data-av_iconfont='entypo-fontello' title='' data-avia-related-tooltip='Compartir en Twitter' rel=\"noopener\"><span class='avia_hidden_link_text'>Compartir en Twitter<\/span><\/a><\/li><li class='av-share-link av-social-link-whatsapp' ><a target=\"_blank\" aria-label=\"Compartir en Whatsapp\" href='https:\/\/api.whatsapp.com\/send?text=https:\/\/radiorevelacionfm.cl\/?p=26636' aria-hidden='false' data-av_icon='\uf232' data-av_iconfont='entypo-fontello' title='' data-avia-related-tooltip='Compartir en Whatsapp' rel=\"noopener\"><span class='avia_hidden_link_text'>Compartir en Whatsapp<\/span><\/a><\/li><li class='av-share-link av-social-link-linkedin' ><a target=\"_blank\" aria-label=\"Compartir en LinkedIn\" href='https:\/\/linkedin.com\/shareArticle?mini=true&#038;title=Rally%20Aniversario%20de%20Ays%C3%A9n%20finaliza%20con%20premiaci%C3%B3n%20en%20Plaza%20de%20Armas&#038;url=https:\/\/radiorevelacionfm.cl\/?p=26636' aria-hidden='false' data-av_icon='\ue8fc' data-av_iconfont='entypo-fontello' title='' data-avia-related-tooltip='Compartir en LinkedIn' rel=\"noopener\"><span class='avia_hidden_link_text'>Compartir en LinkedIn<\/span><\/a><\/li><li class='av-share-link av-social-link-mail' ><a  aria-label=\"Compartir por correo\" href='mailto:?subject=Rally%20Aniversario%20de%20Ays%C3%A9n%20finaliza%20con%20premiaci%C3%B3n%20en%20Plaza%20de%20Armas&#038;body=https:\/\/radiorevelacionfm.cl\/?p=26636' aria-hidden='false' data-av_icon='\ue805' data-av_iconfont='entypo-fontello' title='' data-avia-related-tooltip='Compartir por correo'><span class='avia_hidden_link_text'>Compartir por correo<\/span><\/a><\/li><\/ul><\/div><\/div>\n<div  style='height:50px' class='hr hr-invisible   avia-builder-el-8  el_after_av_social_share  el_before_av_comments_list '><span class='hr-inner ' ><span class='hr-inner-style'><\/span><\/span><\/div>\n<div  class='av-buildercomment  av-blog-meta-html-info-disabled av-blog-meta-tag-disabled  '><\/div>\n","protected":false},"excerpt":{"rendered":"","protected":false},"author":1,"featured_media":26637,"comment_status":"open","ping_status":"open","sticky":false,"template":"","format":"standard","meta":{"footnotes":""},"categories":[38],"tags":[],"class_list":["post-26636","post","type-post","status-publish","format-standard","has-post-thumbnail","hentry","category-regional"],"jetpack_featured_media_url":"https:\/\/radiorevelacionfm.cl\/wp-content\/uploads\/2023\/01\/img_0116_optimized.jpg","_links":{"self":[{"href":"https:\/\/radiorevelacionfm.cl\/index.php?rest_route=\/wp\/v2\/posts\/26636","targetHints":{"allow":["GET"]}}],"collection":[{"href":"https:\/\/radiorevelacionfm.cl\/index.php?rest_route=\/wp\/v2\/posts"}],"about":[{"href":"https:\/\/radiorevelacionfm.cl\/index.php?rest_route=\/wp\/v2\/types\/post"}],"author":[{"embeddable":true,"href":"https:\/\/radiorevelacionfm.cl\/index.php?rest_route=\/wp\/v2\/users\/1"}],"replies":[{"embeddable":true,"href":"https:\/\/radiorevelacionfm.cl\/index.php?rest_route=%2Fwp%2Fv2%2Fcomments&post=26636"}],"version-history":[{"count":3,"href":"https:\/\/radiorevelacionfm.cl\/index.php?rest_route=\/wp\/v2\/posts\/26636\/revisions"}],"predecessor-version":[{"id":26640,"href":"https:\/\/radiorevelacionfm.cl\/index.php?rest_route=\/wp\/v2\/posts\/26636\/revisions\/26640"}],"wp:featuredmedia":[{"embeddable":true,"href":"https:\/\/radiorevelacionfm.cl\/index.php?rest_route=\/wp\/v2\/media\/26637"}],"wp:attachment":[{"href":"https:\/\/radiorevelacionfm.cl\/index.php?rest_route=%2Fwp%2Fv2%2Fmedia&parent=26636"}],"wp:term":[{"taxonomy":"category","embeddable":true,"href":"https:\/\/radiorevelacionfm.cl\/index.php?rest_route=%2Fwp%2Fv2%2Fcategories&post=26636"},{"taxonomy":"post_tag","embeddable":true,"href":"https:\/\/radiorevelacionfm.cl\/index.php?rest_route=%2Fwp%2Fv2%2Ftags&post=26636"}],"curies":[{"name":"wp","href":"https:\/\/api.w.org\/{rel}","templated":true}]}}