{"id":26628,"date":"2023-01-15T18:11:05","date_gmt":"2023-01-15T21:11:05","guid":{"rendered":"https:\/\/radiorevelacionfm.cl\/?p=26628"},"modified":"2023-01-15T18:11:05","modified_gmt":"2023-01-15T21:11:05","slug":"seremi-de-agricultura-realza-valor-de-la-diversificacion-productiva-en-chile-chico","status":"publish","type":"post","link":"https:\/\/radiorevelacionfm.cl\/?p=26628","title":{"rendered":"Seremi de Agricultura realza valor de la diversificaci\u00f3n productiva en Chile Chico"},"content":{"rendered":"<div class=\"flex_column av_one_full  flex_column_div av-zero-column-padding first  avia-builder-el-0  el_before_av_one_full  avia-builder-el-first  \" style='border-radius:0px; '><div  class='avia-image-container  av-styling-    avia-builder-el-1  avia-builder-el-no-sibling  avia-align-center '  itemprop=\"image\" itemscope=\"itemscope\" itemtype=\"https:\/\/schema.org\/ImageObject\"  ><div class='avia-image-container-inner'><div class='avia-image-overlay-wrap'><img decoding=\"async\" class='wp-image-26629 avia-img-lazy-loading-not-26629 avia_image' src=\"https:\/\/radiorevelacionfm.cl\/wp-content\/uploads\/2023\/01\/WhatsApp-Image-2023-01-15-at-15.07.02-1-1-1.jpeg\" alt='' title='WhatsApp Image 2023-01-15 at 15.07.02 (1) (1) (1)' height=\"600\" width=\"834\"  itemprop=\"thumbnailUrl\" srcset=\"https:\/\/radiorevelacionfm.cl\/wp-content\/uploads\/2023\/01\/WhatsApp-Image-2023-01-15-at-15.07.02-1-1-1.jpeg 834w, https:\/\/radiorevelacionfm.cl\/wp-content\/uploads\/2023\/01\/WhatsApp-Image-2023-01-15-at-15.07.02-1-1-1-300x216.jpeg 300w, https:\/\/radiorevelacionfm.cl\/wp-content\/uploads\/2023\/01\/WhatsApp-Image-2023-01-15-at-15.07.02-1-1-1-768x553.jpeg 768w, https:\/\/radiorevelacionfm.cl\/wp-content\/uploads\/2023\/01\/WhatsApp-Image-2023-01-15-at-15.07.02-1-1-1-705x507.jpeg 705w, https:\/\/radiorevelacionfm.cl\/wp-content\/uploads\/2023\/01\/WhatsApp-Image-2023-01-15-at-15.07.02-1-1-1-600x432.jpeg 600w\" sizes=\"(max-width: 834px) 100vw, 834px\" \/><\/div><\/div><\/div><\/div><div class=\"flex_column av_one_full  flex_column_div av-zero-column-padding first  avia-builder-el-2  el_after_av_one_full  el_before_av_one_full  column-top-margin\" style='border-radius:0px; '><section class=\"av_textblock_section \"  itemscope=\"itemscope\" itemtype=\"https:\/\/schema.org\/BlogPosting\" itemprop=\"blogPost\" ><div class='avia_textblock  '   itemprop=\"text\" ><p style=\"text-align: center;\"><span style=\"font-size: 18pt;\"><b class=\"v1ContentPasted0\">Seremi de Agricultura realza valor de la diversificaci\u00f3n productiva en Chile Chico\u00a0<\/b><\/span><\/p>\n<div id=\"gtx-trans\" style=\"position: absolute; left: -50px; top: 4.31534px;\">\n<div class=\"gtx-trans-icon\"><\/div>\n<\/div>\n<\/div><\/section><\/div><div class=\"flex_column av_one_full  flex_column_div av-zero-column-padding first  avia-builder-el-4  el_after_av_one_full  el_before_av_hr  column-top-margin\" style='border-radius:0px; '><section class=\"av_textblock_section \"  itemscope=\"itemscope\" itemtype=\"https:\/\/schema.org\/BlogPosting\" itemprop=\"blogPost\" ><div class='avia_textblock  '   itemprop=\"text\" ><div class=\"v1elementToProof\">\n<p class=\"v1MsoNormal v1FluidPluginCopy v1ContentPasted0\" style=\"text-align: justify;\">Emprendimientos familiares liderados por j\u00f3venes, iniciativas innovadoras para la diversificaci\u00f3n productiva y refuerzo el llamado a la prevenci\u00f3n de los incendios forestales, destac\u00f3 el secretario regional ministerial de Agricultura, Alan Espinoza Ortiz, en el marco de una agenda de actividades en Chile Chico.<\/p>\n<p class=\"v1MsoNormal v1FluidPluginCopy v1ContentPasted0\" style=\"text-align: justify;\">\u00abEso es lo que queremos nosotros desde el Ministerio de Agricultura, trabajar colaborativamente con todos los servicios, ver c\u00f3mo somos capaces de apoyar a productores, productores j\u00f3venes, productores que est\u00e1n innovando que, adem\u00e1s, son sustentables, que est\u00e1n trabajando en mejorar la forma productiva en nuestra regi\u00f3n y tener alimentos sanos para seguir avanzando por una mejor soberan\u00eda y seguridad alimentaria\u00bb, subray\u00f3 Alan Espinoza.<\/p>\n<p class=\"v1MsoNormal v1FluidPluginCopy v1ContentPasted0\" style=\"text-align: justify;\">Entre las experiencias visitadas, est\u00e1n el emprendimiento familiar Cerro Colorado, representado por Felipe Trivi\u00f1o Carrasco, que utiliza fruta de estaci\u00f3n para elaboraci\u00f3n de cerveza, vinagre y mermeladas.<\/p>\n<p class=\"v1MsoNormal v1FluidPluginCopy v1ContentPasted0\" style=\"text-align: justify;\">\u00abEmpezamos a trabajar juntos hace aproximadamente dos o tres a\u00f1os con el tema de la cerveza Cerro Colorado. Junto con eso, tambi\u00e9n comenzamos con sidra y, aprovechando lo que iba quedando, comenzamos a embotellar vinagre de manzana. Aparte de eso, tambi\u00e9n est\u00e1 la producci\u00f3n de mermeladas y de conservas, que se produce entre todos con fruta de Chile Chico\u00bb, sostuvo el productor.<\/p>\n<p class=\"v1MsoNormal v1FluidPluginCopy v1ContentPasted0\" style=\"text-align: justify;\">Por otro lado, Nicole Reyes y Jos\u00e9 Astudillo trabajan en el Huerto Jeinimeni ampliando la oferta de productos hortofrut\u00edcolas locales, mediante un sistema productivo bio-intensivo que busca crecer en asociatividad.<\/p>\n<p class=\"v1MsoNormal v1FluidPluginCopy v1ContentPasted0\" style=\"text-align: justify;\">\u00abYo creo que uno de los desaf\u00edos m\u00e1s grandes de los agricultores en la regi\u00f3n es la comercializaci\u00f3n. Si bien es cierto ac\u00e1 se produce harto, aun as\u00ed, estamos al debe. Entonces, lo que vemos a futuro, es quiz\u00e1s unirnos con otros agricultores, generar alianzas y salir de la localidad, para ir creciendo entre todos y aportar a la soberan\u00eda alimentaria\u00bb, se\u00f1al\u00f3 Nicole Reyes.<\/p>\n<p class=\"v1MsoNormal v1FluidPluginCopy\" style=\"text-align: justify;\"><b class=\"v1ContentPasted0\">Vitivinicultura de inter\u00e9s eno-tur\u00edstico en la Patagonia en Chile Chico\u00a0<\/b><\/p>\n<p class=\"v1MsoNormal v1FluidPluginCopy v1ContentPasted0\" style=\"text-align: justify;\">En las instalaciones de INIA en Chile Chico, se constat\u00f3 la modernizaci\u00f3n del huerto de cerezos implementado en 1995 y los avances en el desarrollo de una oferta de enoturismo (turismo enol\u00f3gico), con la producci\u00f3n del vino m\u00e1s austral del mundo.<\/p>\n<p class=\"v1MsoNormal v1FluidPluginCopy v1ContentPasted0\" style=\"text-align: justify;\">Esta \u00faltima iniciativa es financiada por la Subsecretar\u00eda de Agricultura junto con la Fundaci\u00f3n para la Innovaci\u00f3n Agraria (FIA), propiciando la diversificaci\u00f3n productiva mediante una nueva alternativa frut\u00edcola en la zona de microclima de la Provincia General Carrera.<\/p>\n<p class=\"v1MsoNormal v1FluidPluginCopy v1ContentPasted0\" style=\"text-align: justify;\">\u00abEstablecimos dos huertos o dos vi\u00f1edos, uno en Chile Chico y uno en Puerto Ib\u00e1\u00f1ez. Se manejaron en forma diferenciada por la denominaci\u00f3n de origen y hoy en d\u00eda ya tenemos un producto terminado que queremos presentarlo prontamente en el mercado regional y nacional\u00bb, sostuvo Diego Arribillaga, investigador de INIA Tamel Aike.<\/p>\n<p class=\"v1MsoNormal v1FluidPluginCopy v1ContentPasted0\" style=\"text-align: justify;\">Este modelo, s\u00edmil al cerecero, permitir\u00eda que ambas localidades tengan una bodega para las labores de vendimia y posterior embotellamiento, a fin de mantener la denominaci\u00f3n de origen junto con las caracter\u00edsticas propias que confiere cada zona (Terroir) a los vinos.<\/p>\n<p class=\"v1MsoNormal v1FluidPluginCopy v1ContentPasted0\" style=\"text-align: justify;\">\u00abLo que queremos nosotros del Ministerio de Agricultura es aplicar transferencia y conocimiento a nuestros distintos productores a trav\u00e9s de modelos de ensayo, modelos de ensayo con tecnolog\u00eda y con metodolog\u00eda nueva. En eso el INIA tiene un rol absolutamente relevante para nuestra agricultura y para nuestros campos\u00bb, enfatiz\u00f3 tras esta visita el Seremi de Agricultura.<\/p>\n<p class=\"v1MsoNormal v1FluidPluginCopy\" style=\"text-align: justify;\"><b class=\"v1ContentPasted0\">Llamado a la prevenci\u00f3n de Incendios Forestales\u00a0\u00a0<\/b><\/p>\n<p class=\"v1MsoNormal v1FluidPluginCopy v1ContentPasted0\" style=\"text-align: justify;\">En el marco de la agenda en terreno se ha reforzado el mensaje a la prevenci\u00f3n de Incendios Forestales, difundiendo informaci\u00f3n a la comunidad y a visitantes en el Paso Fronterizo Jeinimeni en conjunto con La Brigada \u00d1ire 7 de CONAF, Forest\u00edn, SAG y Carabineros.<\/p>\n<p class=\"v1MsoNormal v1FluidPluginCopy v1ContentPasted0\" style=\"text-align: justify;\">\u00abRecordarles que tenemos lugares habilitados, y en especial resguardar el iniciar fogatas y el tema de las colillas de cigarros que se hab\u00edan apagado, por lo que invitamos a la comunidad a tener prevenci\u00f3n\u00bb, se\u00f1al\u00f3 Milton Ch\u00e1vez, jefe de Brigada de CONAF en Chile Chico.<\/p>\n<p><span class=\"v1FluidPluginCopy v1ContentPasted0\">La campa\u00f1a se desarrolla con el lema\u00a0<\/span><span class=\"v1FluidPluginCopy v1ContentPasted0\">\u00abEvitar un incendio forestal es m\u00e1s f\u00e1cil que combatirlo\u00bb y se realiza en toda la regi\u00f3n para evitar este tipo de emergencias.<\/span><\/p>\n<\/div>\n<\/div><\/section><\/div><div  style='height:50px' class='hr hr-invisible   avia-builder-el-6  el_after_av_one_full  el_before_av_social_share '><span class='hr-inner ' ><span class='hr-inner-style'><\/span><\/span><\/div><\/p>\n<div  class='av-social-sharing-box  avia-builder-el-7  el_after_av_hr  el_before_av_hr  '><div class='av-share-box'><h5 class='av-share-link-description av-no-toc '>Compartir esta noticia<\/h5><ul class='av-share-box-list noLightbox'><li class='av-share-link av-social-link-facebook' ><a target=\"_blank\" aria-label=\"Compartir en Facebook\" href='https:\/\/www.facebook.com\/sharer.php?u=https:\/\/radiorevelacionfm.cl\/?p=26628&#038;t=Seremi%20de%20Agricultura%20realza%20valor%20de%20la%20diversificaci%C3%B3n%20productiva%20en%20Chile%20Chico' aria-hidden='false' data-av_icon='\ue8f3' data-av_iconfont='entypo-fontello' title='' data-avia-related-tooltip='Compartir en Facebook' rel=\"noopener\"><span class='avia_hidden_link_text'>Compartir en Facebook<\/span><\/a><\/li><li class='av-share-link av-social-link-twitter' ><a target=\"_blank\" aria-label=\"Compartir en Twitter\" href='https:\/\/twitter.com\/share?text=Seremi%20de%20Agricultura%20realza%20valor%20de%20la%20diversificaci%C3%B3n%20productiva%20en%20Chile%20Chico&#038;url=https:\/\/radiorevelacionfm.cl\/?p=26628' aria-hidden='false' data-av_icon='\ue8f1' data-av_iconfont='entypo-fontello' title='' data-avia-related-tooltip='Compartir en Twitter' rel=\"noopener\"><span class='avia_hidden_link_text'>Compartir en Twitter<\/span><\/a><\/li><li class='av-share-link av-social-link-whatsapp' ><a target=\"_blank\" aria-label=\"Compartir en Whatsapp\" href='https:\/\/api.whatsapp.com\/send?text=https:\/\/radiorevelacionfm.cl\/?p=26628' aria-hidden='false' data-av_icon='\uf232' data-av_iconfont='entypo-fontello' title='' data-avia-related-tooltip='Compartir en Whatsapp' rel=\"noopener\"><span class='avia_hidden_link_text'>Compartir en Whatsapp<\/span><\/a><\/li><li class='av-share-link av-social-link-linkedin' ><a target=\"_blank\" aria-label=\"Compartir en LinkedIn\" href='https:\/\/linkedin.com\/shareArticle?mini=true&#038;title=Seremi%20de%20Agricultura%20realza%20valor%20de%20la%20diversificaci%C3%B3n%20productiva%20en%20Chile%20Chico&#038;url=https:\/\/radiorevelacionfm.cl\/?p=26628' aria-hidden='false' data-av_icon='\ue8fc' data-av_iconfont='entypo-fontello' title='' data-avia-related-tooltip='Compartir en LinkedIn' rel=\"noopener\"><span class='avia_hidden_link_text'>Compartir en LinkedIn<\/span><\/a><\/li><li class='av-share-link av-social-link-mail' ><a  aria-label=\"Compartir por correo\" href='mailto:?subject=Seremi%20de%20Agricultura%20realza%20valor%20de%20la%20diversificaci%C3%B3n%20productiva%20en%20Chile%20Chico&#038;body=https:\/\/radiorevelacionfm.cl\/?p=26628' aria-hidden='false' data-av_icon='\ue805' data-av_iconfont='entypo-fontello' title='' data-avia-related-tooltip='Compartir por correo'><span class='avia_hidden_link_text'>Compartir por correo<\/span><\/a><\/li><\/ul><\/div><\/div>\n<div  style='height:50px' class='hr hr-invisible   avia-builder-el-8  el_after_av_social_share  el_before_av_comments_list '><span class='hr-inner ' ><span class='hr-inner-style'><\/span><\/span><\/div>\n<div  class='av-buildercomment  av-blog-meta-html-info-disabled av-blog-meta-tag-disabled  '><\/div>\n","protected":false},"excerpt":{"rendered":"","protected":false},"author":1,"featured_media":26629,"comment_status":"open","ping_status":"open","sticky":false,"template":"","format":"standard","meta":{"footnotes":""},"categories":[58],"tags":[],"class_list":["post-26628","post","type-post","status-publish","format-standard","has-post-thumbnail","hentry","category-agricultura"],"jetpack_featured_media_url":"https:\/\/radiorevelacionfm.cl\/wp-content\/uploads\/2023\/01\/WhatsApp-Image-2023-01-15-at-15.07.02-1-1-1.jpeg","_links":{"self":[{"href":"https:\/\/radiorevelacionfm.cl\/index.php?rest_route=\/wp\/v2\/posts\/26628","targetHints":{"allow":["GET"]}}],"collection":[{"href":"https:\/\/radiorevelacionfm.cl\/index.php?rest_route=\/wp\/v2\/posts"}],"about":[{"href":"https:\/\/radiorevelacionfm.cl\/index.php?rest_route=\/wp\/v2\/types\/post"}],"author":[{"embeddable":true,"href":"https:\/\/radiorevelacionfm.cl\/index.php?rest_route=\/wp\/v2\/users\/1"}],"replies":[{"embeddable":true,"href":"https:\/\/radiorevelacionfm.cl\/index.php?rest_route=%2Fwp%2Fv2%2Fcomments&post=26628"}],"version-history":[{"count":2,"href":"https:\/\/radiorevelacionfm.cl\/index.php?rest_route=\/wp\/v2\/posts\/26628\/revisions"}],"predecessor-version":[{"id":26632,"href":"https:\/\/radiorevelacionfm.cl\/index.php?rest_route=\/wp\/v2\/posts\/26628\/revisions\/26632"}],"wp:featuredmedia":[{"embeddable":true,"href":"https:\/\/radiorevelacionfm.cl\/index.php?rest_route=\/wp\/v2\/media\/26629"}],"wp:attachment":[{"href":"https:\/\/radiorevelacionfm.cl\/index.php?rest_route=%2Fwp%2Fv2%2Fmedia&parent=26628"}],"wp:term":[{"taxonomy":"category","embeddable":true,"href":"https:\/\/radiorevelacionfm.cl\/index.php?rest_route=%2Fwp%2Fv2%2Fcategories&post=26628"},{"taxonomy":"post_tag","embeddable":true,"href":"https:\/\/radiorevelacionfm.cl\/index.php?rest_route=%2Fwp%2Fv2%2Ftags&post=26628"}],"curies":[{"name":"wp","href":"https:\/\/api.w.org\/{rel}","templated":true}]}}