{"id":26626,"date":"2023-01-16T10:59:46","date_gmt":"2023-01-16T13:59:46","guid":{"rendered":"https:\/\/radiorevelacionfm.cl\/?p=26626"},"modified":"2023-01-16T11:16:00","modified_gmt":"2023-01-16T14:16:00","slug":"ongs-ambientales-de-aysen-llaman-a-abrirse-al-dialogo-multisectorial-y-apoyar-creacion-de-corporacion-de-desarrollo","status":"publish","type":"post","link":"https:\/\/radiorevelacionfm.cl\/?p=26626","title":{"rendered":"ONGs ambientales de Ays\u00e9n llaman a abrirse al di\u00e1logo multisectorial y apoyar creaci\u00f3n de corporaci\u00f3n de desarrollo"},"content":{"rendered":"<div class=\"flex_column av_one_full  flex_column_div av-zero-column-padding first  avia-builder-el-0  el_before_av_one_full  avia-builder-el-first  \" style='border-radius:0px; '><div  class='avia-image-container  av-styling-    avia-builder-el-1  avia-builder-el-no-sibling  avia-align-center '  itemprop=\"image\" itemscope=\"itemscope\" itemtype=\"https:\/\/schema.org\/ImageObject\"  ><div class='avia-image-container-inner'><div class='avia-image-overlay-wrap'><img decoding=\"async\" class='wp-image-26634 avia-img-lazy-loading-not-26634 avia_image' src=\"https:\/\/radiorevelacionfm.cl\/wp-content\/uploads\/2023\/01\/MA-1-1.jpg\" alt='' title='MA (1) (1)' height=\"600\" width=\"876\"  itemprop=\"thumbnailUrl\" srcset=\"https:\/\/radiorevelacionfm.cl\/wp-content\/uploads\/2023\/01\/MA-1-1.jpg 876w, https:\/\/radiorevelacionfm.cl\/wp-content\/uploads\/2023\/01\/MA-1-1-300x205.jpg 300w, https:\/\/radiorevelacionfm.cl\/wp-content\/uploads\/2023\/01\/MA-1-1-768x526.jpg 768w, https:\/\/radiorevelacionfm.cl\/wp-content\/uploads\/2023\/01\/MA-1-1-705x483.jpg 705w, https:\/\/radiorevelacionfm.cl\/wp-content\/uploads\/2023\/01\/MA-1-1-600x411.jpg 600w\" sizes=\"(max-width: 876px) 100vw, 876px\" \/><\/div><\/div><\/div><\/div><div class=\"flex_column av_one_full  flex_column_div av-zero-column-padding first  avia-builder-el-2  el_after_av_one_full  el_before_av_one_full  column-top-margin\" style='border-radius:0px; '><section class=\"av_textblock_section \"  itemscope=\"itemscope\" itemtype=\"https:\/\/schema.org\/BlogPosting\" itemprop=\"blogPost\" ><div class='avia_textblock  '   itemprop=\"text\" ><p style=\"text-align: center;\"><span style=\"font-size: 18pt;\"><b><span lang=\"ES\">ONGs ambientales de Ays<\/span><\/b><b><span lang=\"X-NONE\">\u00e9n\u00a0<\/span><\/b><b><span lang=\"ES\">llaman a abrirse al di<\/span><\/b><b><span lang=\"X-NONE\">\u00e1logo multisectorial y apoyar creaci\u00f3n de corporaci\u00f3n de desarrollo<\/span><\/b><\/span><\/p>\n<div id=\"gtx-trans\" style=\"position: absolute; left: -50px; top: 4.31534px;\">\n<div class=\"gtx-trans-icon\"><\/div>\n<\/div>\n<\/div><\/section><\/div><\/p>\n<div class=\"flex_column av_one_full  flex_column_div av-zero-column-padding first  avia-builder-el-4  el_after_av_one_full  el_before_av_hr  column-top-margin\" style='border-radius:0px; '><section class=\"av_textblock_section \"  itemscope=\"itemscope\" itemtype=\"https:\/\/schema.org\/BlogPosting\" itemprop=\"blogPost\" ><div class='avia_textblock  '   itemprop=\"text\" ><p class=\"v1MsoNormal\" style=\"text-align: justify;\"><span lang=\"X-NONE\">Un llamado a contar con un espacio en que confluyan las distintas miradas de desarrollo de Ays\u00e9n hicieron este fin de semana varias organizaciones socioambientales de la regi\u00f3n.\u00a0 Esto, producto de la discusi\u00f3n sobre la constituci\u00f3n de una corporaci\u00f3n de desarrollo en la que participe el Gobierno Regional de Ays\u00e9n, la cual debe ser aprobada por 2\/3 de los consejeros y consejeras regionales.<\/span><\/p>\n<p class=\"v1MsoNormal\" style=\"text-align: justify;\"><span lang=\"ES\">Desde la Corporaci<\/span><span lang=\"X-NONE\">\u00f3n Privada para el Desarrollo de Ays\u00e9n (CODESA), con m\u00e1s de 30 a\u00f1os de trabajo por el desarrollo sustentable, se\u00f1alaron que es el momento en que el sector productivo se allane a dialogar con las organizaciones sociales, culturales y ambientales.\u00a0 \u00abExiste un acuerdo marco que es la Estrategia de Desarrollo Regional, que debe guiar la acci\u00f3n.\u00a0 Pero en esto los caminos son m\u00faltiples, donde desde las organizaciones socioambientales nos interesa dialogar con otros sectores, el productivo, sindical, social, cultural, territorial, que es la forma en que las pol\u00edticas p\u00fablicas e inversiones adquieren m\u00e1s posibilidades de efectividad\u00bb, se\u00f1al\u00f3 el presidente de Codesa Erwin Sandoval Gallardo.<\/span><\/p>\n<p class=\"v1MsoNormal\" style=\"text-align: justify;\"><span lang=\"X-NONE\">Agreg\u00f3 el dirigente que uno de los problemas concretos que esta separaci\u00f3n que algunos pretenden mantener \u00abes que muchas inversiones son judicializadas por problemas ambientales, como la central Los Maquis de Edelays\u00e9n, diversos proyectos salmoneros, mineros, lo cual agrega incertidumbre, retrasos, impacta ambientalmente territorios y comunidades, y es una p\u00e9rdida de recursos.\u00a0 Como organizaciones hemos debido salir al paso de esas err\u00f3neas decisiones en materia ambiental, revirti\u00e9ndolas en los tribunales ambientales y en la Corte Suprema. Y eso no lo quiere nadie\u00bb.\u00a0<\/span><\/p>\n<p class=\"v1MsoNormal\" style=\"text-align: justify;\"><span lang=\"X-NONE\">En este sentido, indic\u00f3, \u00absi hubiera un espacio de di\u00e1logo colectivo, plural, con distintas miradas, con visi\u00f3n de inter\u00e9s p\u00fablico, se podr\u00eda trabajar precautoriamente en iniciativas de inter\u00e9s p\u00fablico productivo, social, cultural, ambiental, que es lo que se requiere\u00bb.<\/span><\/p>\n<p class=\"v1MsoNormal\" style=\"text-align: justify;\"><span lang=\"X-NONE\">Al respecto, el presidente de la Agrupaci\u00f3n Ays\u00e9n Reserva de Vida, Peter Hartmann Samhaber, indic\u00f3 que \u00abno es positivo atrincherarse en las propias visiones, as\u00ed no se construye regi\u00f3n.\u00a0 Hay distintos espacios en que han confluido miradas.\u00a0 La Comisi\u00f3n Regional de Desarrollo Energ\u00e9tico que elabor\u00f3 la primera pol\u00edtica energ\u00e9tica regional es un buen ejemplo de ello, y si en esta nueva corporaci\u00f3n participan el Gobierno Regional y los municipios desde lo p\u00fablico, junto son privados y la ciudadan\u00eda, ser\u00eda un gran paso adelante\u00bb.\u00a0<\/span><\/p>\n<p class=\"v1MsoNormal\" style=\"text-align: justify;\"><span lang=\"X-NONE\">En su visi\u00f3n, \u00abAys\u00e9n tiene la tremenda oportunidad de generar un desarrollo productivo sustentado en su excepcional biodiversidad y caracter\u00edsticas culturales, y no en contra de estas particularidades.\u00a0 El llamado es a avanzar en este sentido, con una real mirada de sustentabilidad, que es lo que se requiere. De otra forma se mantendr\u00e1 el estancamiento por no estar disponibles a conversar entre todos\u00bb.<\/span><\/p>\n<p class=\"v1MsoNormal\" style=\"text-align: justify;\"><span lang=\"X-NONE\">Por \u00faltimo, la \u00a0representante regional de la ONG Ecosistemas, Mitzi Urtubia Salinas, se\u00f1al\u00f3 que \u00abla excepcionalidad de la Patagonia es reconocida a nivel mundial. Sus glaciares, pr\u00edstinas cuencas, bosques intocados, deben ser parte del activo de los instrumentos de desarrollo.\u00a0 Donde una corporaci\u00f3n de desarrollo p\u00fablico-privada, con participaci\u00f3n del Gobierno Regional, tendr\u00eda mucho qu\u00e9 decir en materia de estudios, pol\u00edticas p\u00fablicas, monitoreo.\u00a0 Es \u00e9sta una buena oportunidad que no hay que desechar\u00bb.<\/span><\/p>\n<\/div><\/section><\/div>\n<div  style='height:50px' class='hr hr-invisible   avia-builder-el-6  el_after_av_one_full  el_before_av_social_share '><span class='hr-inner ' ><span class='hr-inner-style'><\/span><\/span><\/div>\n<div  class='av-social-sharing-box  avia-builder-el-7  el_after_av_hr  el_before_av_hr  '><div class='av-share-box'><h5 class='av-share-link-description av-no-toc '>Compartir esta noticia<\/h5><ul class='av-share-box-list noLightbox'><li class='av-share-link av-social-link-facebook' ><a target=\"_blank\" aria-label=\"Compartir en Facebook\" href='https:\/\/www.facebook.com\/sharer.php?u=https:\/\/radiorevelacionfm.cl\/?p=26626&#038;t=ONGs%20ambientales%20de%20Ays%C3%A9n%20llaman%20a%20abrirse%20al%20di%C3%A1logo%20multisectorial%20y%20apoyar%20creaci%C3%B3n%20de%20corporaci%C3%B3n%20de%20desarrollo' aria-hidden='false' data-av_icon='\ue8f3' data-av_iconfont='entypo-fontello' title='' data-avia-related-tooltip='Compartir en Facebook' rel=\"noopener\"><span class='avia_hidden_link_text'>Compartir en Facebook<\/span><\/a><\/li><li class='av-share-link av-social-link-twitter' ><a target=\"_blank\" aria-label=\"Compartir en Twitter\" href='https:\/\/twitter.com\/share?text=ONGs%20ambientales%20de%20Ays%C3%A9n%20llaman%20a%20abrirse%20al%20di%C3%A1logo%20multisectorial%20y%20apoyar%20creaci%C3%B3n%20de%20corporaci%C3%B3n%20de%20desarrollo&#038;url=https:\/\/radiorevelacionfm.cl\/?p=26626' aria-hidden='false' data-av_icon='\ue8f1' data-av_iconfont='entypo-fontello' title='' data-avia-related-tooltip='Compartir en Twitter' rel=\"noopener\"><span class='avia_hidden_link_text'>Compartir en Twitter<\/span><\/a><\/li><li class='av-share-link av-social-link-whatsapp' ><a target=\"_blank\" aria-label=\"Compartir en Whatsapp\" href='https:\/\/api.whatsapp.com\/send?text=https:\/\/radiorevelacionfm.cl\/?p=26626' aria-hidden='false' data-av_icon='\uf232' data-av_iconfont='entypo-fontello' title='' data-avia-related-tooltip='Compartir en Whatsapp' rel=\"noopener\"><span class='avia_hidden_link_text'>Compartir en Whatsapp<\/span><\/a><\/li><li class='av-share-link av-social-link-linkedin' ><a target=\"_blank\" aria-label=\"Compartir en LinkedIn\" href='https:\/\/linkedin.com\/shareArticle?mini=true&#038;title=ONGs%20ambientales%20de%20Ays%C3%A9n%20llaman%20a%20abrirse%20al%20di%C3%A1logo%20multisectorial%20y%20apoyar%20creaci%C3%B3n%20de%20corporaci%C3%B3n%20de%20desarrollo&#038;url=https:\/\/radiorevelacionfm.cl\/?p=26626' aria-hidden='false' data-av_icon='\ue8fc' data-av_iconfont='entypo-fontello' title='' data-avia-related-tooltip='Compartir en LinkedIn' rel=\"noopener\"><span class='avia_hidden_link_text'>Compartir en LinkedIn<\/span><\/a><\/li><li class='av-share-link av-social-link-mail' ><a  aria-label=\"Compartir por correo\" href='mailto:?subject=ONGs%20ambientales%20de%20Ays%C3%A9n%20llaman%20a%20abrirse%20al%20di%C3%A1logo%20multisectorial%20y%20apoyar%20creaci%C3%B3n%20de%20corporaci%C3%B3n%20de%20desarrollo&#038;body=https:\/\/radiorevelacionfm.cl\/?p=26626' aria-hidden='false' data-av_icon='\ue805' data-av_iconfont='entypo-fontello' title='' data-avia-related-tooltip='Compartir por correo'><span class='avia_hidden_link_text'>Compartir por correo<\/span><\/a><\/li><\/ul><\/div><\/div>\n<div  style='height:50px' class='hr hr-invisible   avia-builder-el-8  el_after_av_social_share  el_before_av_comments_list '><span class='hr-inner ' ><span class='hr-inner-style'><\/span><\/span><\/div>\n<div  class='av-buildercomment  av-blog-meta-html-info-disabled av-blog-meta-tag-disabled  '><\/div>\n","protected":false},"excerpt":{"rendered":"","protected":false},"author":1,"featured_media":26634,"comment_status":"open","ping_status":"open","sticky":false,"template":"","format":"standard","meta":{"footnotes":""},"categories":[39],"tags":[],"class_list":["post-26626","post","type-post","status-publish","format-standard","has-post-thumbnail","hentry","category-medio-ambiente"],"jetpack_featured_media_url":"https:\/\/radiorevelacionfm.cl\/wp-content\/uploads\/2023\/01\/MA-1-1.jpg","_links":{"self":[{"href":"https:\/\/radiorevelacionfm.cl\/index.php?rest_route=\/wp\/v2\/posts\/26626","targetHints":{"allow":["GET"]}}],"collection":[{"href":"https:\/\/radiorevelacionfm.cl\/index.php?rest_route=\/wp\/v2\/posts"}],"about":[{"href":"https:\/\/radiorevelacionfm.cl\/index.php?rest_route=\/wp\/v2\/types\/post"}],"author":[{"embeddable":true,"href":"https:\/\/radiorevelacionfm.cl\/index.php?rest_route=\/wp\/v2\/users\/1"}],"replies":[{"embeddable":true,"href":"https:\/\/radiorevelacionfm.cl\/index.php?rest_route=%2Fwp%2Fv2%2Fcomments&post=26626"}],"version-history":[{"count":3,"href":"https:\/\/radiorevelacionfm.cl\/index.php?rest_route=\/wp\/v2\/posts\/26626\/revisions"}],"predecessor-version":[{"id":26633,"href":"https:\/\/radiorevelacionfm.cl\/index.php?rest_route=\/wp\/v2\/posts\/26626\/revisions\/26633"}],"wp:featuredmedia":[{"embeddable":true,"href":"https:\/\/radiorevelacionfm.cl\/index.php?rest_route=\/wp\/v2\/media\/26634"}],"wp:attachment":[{"href":"https:\/\/radiorevelacionfm.cl\/index.php?rest_route=%2Fwp%2Fv2%2Fmedia&parent=26626"}],"wp:term":[{"taxonomy":"category","embeddable":true,"href":"https:\/\/radiorevelacionfm.cl\/index.php?rest_route=%2Fwp%2Fv2%2Fcategories&post=26626"},{"taxonomy":"post_tag","embeddable":true,"href":"https:\/\/radiorevelacionfm.cl\/index.php?rest_route=%2Fwp%2Fv2%2Ftags&post=26626"}],"curies":[{"name":"wp","href":"https:\/\/api.w.org\/{rel}","templated":true}]}}