{"id":26615,"date":"2023-01-15T15:52:38","date_gmt":"2023-01-15T18:52:38","guid":{"rendered":"https:\/\/radiorevelacionfm.cl\/?p=26615"},"modified":"2023-01-15T15:52:38","modified_gmt":"2023-01-15T18:52:38","slug":"comunidades-de-melimoyu-y-gala-expusieron-requerimientos-a-consejeros-alcalde-y-concejales","status":"publish","type":"post","link":"https:\/\/radiorevelacionfm.cl\/?p=26615","title":{"rendered":"Comunidades de Melimoyu y Gala expusieron requerimientos a Consejeros, Alcalde y Concejales"},"content":{"rendered":"<div class=\"flex_column av_one_full  flex_column_div av-zero-column-padding first  avia-builder-el-0  el_before_av_one_full  avia-builder-el-first  \" style='border-radius:0px; '><div  class='avia-image-container  av-styling-    avia-builder-el-1  avia-builder-el-no-sibling  avia-align-center '  itemprop=\"image\" itemscope=\"itemscope\" itemtype=\"https:\/\/schema.org\/ImageObject\"  ><div class='avia-image-container-inner'><div class='avia-image-overlay-wrap'><img decoding=\"async\" class='wp-image-26616 avia-img-lazy-loading-not-26616 avia_image' src=\"https:\/\/radiorevelacionfm.cl\/wp-content\/uploads\/2023\/01\/litoral-cisnes-8-1_optimized-1.jpg\" alt='' title='litoral-cisnes-8-(1)_optimized (1)' height=\"600\" width=\"900\"  itemprop=\"thumbnailUrl\" srcset=\"https:\/\/radiorevelacionfm.cl\/wp-content\/uploads\/2023\/01\/litoral-cisnes-8-1_optimized-1.jpg 900w, https:\/\/radiorevelacionfm.cl\/wp-content\/uploads\/2023\/01\/litoral-cisnes-8-1_optimized-1-300x200.jpg 300w, https:\/\/radiorevelacionfm.cl\/wp-content\/uploads\/2023\/01\/litoral-cisnes-8-1_optimized-1-768x512.jpg 768w, https:\/\/radiorevelacionfm.cl\/wp-content\/uploads\/2023\/01\/litoral-cisnes-8-1_optimized-1-705x470.jpg 705w, https:\/\/radiorevelacionfm.cl\/wp-content\/uploads\/2023\/01\/litoral-cisnes-8-1_optimized-1-600x400.jpg 600w\" sizes=\"(max-width: 900px) 100vw, 900px\" \/><\/div><\/div><\/div><\/div><div class=\"flex_column av_one_full  flex_column_div av-zero-column-padding first  avia-builder-el-2  el_after_av_one_full  el_before_av_one_full  column-top-margin\" style='border-radius:0px; '><section class=\"av_textblock_section \"  itemscope=\"itemscope\" itemtype=\"https:\/\/schema.org\/BlogPosting\" itemprop=\"blogPost\" ><div class='avia_textblock  '   itemprop=\"text\" ><p style=\"text-align: center;\"><strong><span style=\"font-size: 18pt;\">Comunidades de Melimoyu y Gala expusieron requerimientos a Consejeros, Alcalde y Concejales <\/span><\/strong><\/p>\n<div id=\"gtx-trans\" style=\"position: absolute; left: -50px; top: 4.31534px;\">\n<div class=\"gtx-trans-icon\"><\/div>\n<\/div>\n<\/div><\/section><\/div><div class=\"flex_column av_one_full  flex_column_div av-zero-column-padding first  avia-builder-el-4  el_after_av_one_full  el_before_av_hr  column-top-margin\" style='border-radius:0px; '><section class=\"av_textblock_section \"  itemscope=\"itemscope\" itemtype=\"https:\/\/schema.org\/BlogPosting\" itemprop=\"blogPost\" ><div class='avia_textblock  '   itemprop=\"text\" ><p style=\"text-align: justify;\">Autoridades comunales y regionales llegaron hasta las localidades de Melimoyu y Puerto Gala, con el fin de conocer los principales requerimientos del sector y fijar lineamientos de trabajo. Instancia en la que temas como el agua potable, conectividad, pasarelas, entre otros, se impusieron en el dialogo.<\/p>\n<p style=\"text-align: justify;\">La delegaci\u00f3n estuvo encabezada por el Alcalde Francisco Roncagliolo, los Consejeros y Consejeras Regionales Jorge Abello, V\u00edctor Escobar, Ra\u00fal Rudolphi, Paulina Hern\u00e1ndez, Paola Rodr\u00edguez y Loreta Villegas. Tambi\u00e9n participaron en estas reuniones los Concejales Cristian Jaramillo, Francisco Abarca, Larry Letcher y Carlos Vald\u00e9s.<\/p>\n<p style=\"text-align: justify;\">\u201cEstoy muy contento de la visita que han realizado Consejeros Regionales de las distintas provincias, donde para nosotros es importante que pudieran reconocer y ver lo que se vive ac\u00e1 en el litoral de la comuna de Cisnes. Un sector que cuesta mucho llegar, es dif\u00edcil de repente llevar adelante inversiones, por la cantidad de personas que tenemos en estos lugares. En ese aspecto, era trascendental poder vivenciar, la situaci\u00f3n de aislamiento que hoy tenemos y de lo dif\u00edcil que es concretar muchas de las inversiones que queremos llevar adelante. Por lo mismo, como comuna de Cisnes, pensando en que el Gobierno Regional, el Consejo Regional de Ays\u00e9n, es un socio estrat\u00e9gico en lo que significa el desarrollo de esta comuna, agradecemos mucho que siete Consejeros de los catorce, pudieran estar presentes hoy, recorrer y evidenciar el d\u00eda a d\u00eda de nuestras comunidades\u201d, se\u00f1al\u00f3 el Alcalde Roncagliolo.<\/p>\n<p style=\"text-align: justify;\">Una de las Consejeras Regionales que gestion\u00f3 la llegada de sus colegas al litoral de Cisnes fue, Paola Rodr\u00edguez, quien puso en valor el desarrollo del Plan Marco de Desarrollo Territorial en las distintas zonas de esta comuna.<\/p>\n<p style=\"text-align: justify;\">\u201cAqu\u00ed en la comuna de Cisnes existen dos trabajos fundamentales que tienen v\u00ednculo directo con el Gobierno Regional, un PMDT que ya se est\u00e1 ejecutando y ya fue aprobado en el 2021, despu\u00e9s tenemos uno que se est\u00e1 realizando en el sector norte de la comuna de Cisnes. Por lo tanto, para el Consejo Regional y sus Consejeros es primordial saber cu\u00e1les son las necesidades reales de la gente y es por eso que este viaje al litoral, nos entreg\u00f3 un tremendo mensaje. Tenemos problemas de conectividad, con las pasarelas, con el agua, electrificaci\u00f3n, vivienda, as\u00ed es que, con toda esa carga de conversaciones, de energ\u00edas, de sentimientos de los vecinos, nos vamos hoy d\u00eda al Consejo Regional para entablar comunicaci\u00f3n con nuestra Gobernadora y hacerle ver las necesidades que existen en la comuna de Cisnes, espec\u00edficamente en la litoral\u201d.<\/p>\n<p style=\"text-align: justify;\">En tanto, la presidenta de la comisi\u00f3n de Regionalizaci\u00f3n, Integraci\u00f3n Territorial y Medio Ambiente, Consejera Paulina Hern\u00e1ndez, destac\u00f3 el trabajo coordinado con la Municipalidad de Cisnes, la disposici\u00f3n del Alcalde y la buena recepci\u00f3n de la comunidad.<\/p>\n<p style=\"text-align: justify;\">\u201cEs relevante que el Alcalde haya considerado que nuestra presencia era importante, en este recorrido que se hizo por el litoral, se agradece la transparencia y la honestidad que tuvieron para poder transmitirnos a cada uno de los Consejeros y Consejeras las necesidades y requerimientos, agradecemos tambi\u00e9n la recepci\u00f3n de la comunidad. Nos llevamos un cuadernillo lleno de demandas, de solicitudes que llevan muchos a\u00f1os y que no han tenido respuesta. Vamos a tratar de trabajar en ello, proponer al ejecutivo muchas iniciativas desde el \u00e1mbito ambiental, que tienen que ver con los residuos s\u00f3lidos domiciliarios, con los residuos industriales, tambi\u00e9n, los sistemas de electrificaci\u00f3n que tienen que llegar a los territorios, los sistemas de agua potable rural, vamos a trabajar en ello. Vamos a incentivar que la comunidad tambi\u00e9n se organice y a trav\u00e9s de esa organizaci\u00f3n se puedan levantar las iniciativas. Hay hartos desaf\u00edos por delante, sobre todo ac\u00e1 en la comuna de Cisnes\u201d.<\/p>\n<p style=\"text-align: justify;\">Compartir entre autoridades y con las comunidades fue una instancia \u201cmuy valiosa\u201d, recalc\u00f3 la Consejera Regional, Loreta Villegas.<\/p>\n<p style=\"text-align: justify;\">\u201cAgradecer al Alcalde por la invitaci\u00f3n, tambi\u00e9n por habernos dado la oportunidad de compartir con los Concejales, ya que, ha sido una experiencia muy valiosa y que tambi\u00e9n permite trabajar en conjunto. Unido a eso, quiero felicitar al Alcalde, porque la verdad es que en su periodo ha logrado instalar dos instrumentos de planificaci\u00f3n bastante potentes, que son, los Planes Marcos de Desarrollo Territorial, tiene uno que est\u00e1 pr\u00f3ximo a iniciar ejecuci\u00f3n, que es, el litoral Cisnes y tiene otro que est\u00e1 en proceso que es Palena \u2013 Queulat. Eso habla muy bien de su gesti\u00f3n, existen instrumentos de planificaci\u00f3n, por lo tanto, los beneficios y los aportes van a llegar a la comunidad. Ahora, es funci\u00f3n tambi\u00e9n de nosotros como Consejeros Regionales hacer un seguimiento a estas iniciativas, ya sean programas o proyectos de inversi\u00f3n, para que ojal\u00e1, se puedan acelerar estos procesos\u201d.<\/p>\n<p style=\"text-align: justify;\">Para el Concejal de la comuna de Cisnes, Cristian Jaramillo, fue muy importante contar la presencia de integrantes del CORE en el litoral. \u201cMuy contento de haber contado con la presencia de siete Consejeros, porque con ello permite visualizar con sentido de realidad, la situaci\u00f3n de nuestro litoral y con eso poder luego a trav\u00e9s de ellos, generar las inversiones necesarias para poder solucionar los temas que aun est\u00e1n pendientes para nuestra gente\u201d.<\/p>\n<p style=\"text-align: justify;\">La presidenta de la junta de vecinos de Melimoyu, P\u00eda Roja, valid\u00f3 que autoridades regionales y comunales lleguen al territorio, afirmando que es la mejor forma de conocer las necesidades de la comunidad. \u201cY en realidad para nosotros es s\u00faper importante que nos visiten, para que sepan cual es la realidad local y cu\u00e1les son nuestras problem\u00e1ticas, porque de afuera es dif\u00edcil saber cuales son los problemas que tenemos como comunidad de Melimoyu. Estamos muy agradecidos, se plantearon varias problem\u00e1ticas que tenemos, ojal\u00e1 podamos concretar las cosas, sobretodo el tema del agua y de la conectividad, porque para que nuestra localidad crezca necesitamos aquello\u201d.<\/p>\n<p style=\"text-align: justify;\">En tanto, Bruno Pino, presidente del comit\u00e9 de luz y agua potable de Melimoyu, dijo que, \u201cprimero dar las gracias por la visita de los Consejeros Regionales, los Concejales, el Alcalde y as\u00ed nosotros poder plantear las dudas e inquietudes con respecto al pueblo. Quedamos muy agradecidos porque tuvimos respuestas, ojal\u00e1 se concreten, porque es importante resolver los problemas de la localidad\u201d.<\/p>\n<p style=\"text-align: justify;\">Agradecido de la presencia de las autoridades se mostr\u00f3 tambi\u00e9n el director de la junta de vecinos de Puerto Gala, Patricio Maldonado, \u201cagradecer la oportunidad de que ellos vengan, nunca hab\u00edan venido tantos Consejeros Regionales a nuestra localidad para ver en terreno los problemas importantes que justamente vinieron a tocar y que nosotros los ten\u00edamos tildados como es, la construcci\u00f3n de la rampa, mejoramiento de pasarelas y electrificaci\u00f3n, que son tres puntos clave que van directamente unidos con el desarrollo de nuestra localidad en lo econ\u00f3mico, social y de vida. Es importante que siempre est\u00e9n en terreno, viendo las realidades y dejar como tarea tambi\u00e9n que, de repente las cosas grandes nacen en los lugares peque\u00f1os\u201d.<\/p>\n<p style=\"text-align: justify;\">En esta oportunidad qued\u00f3 pendiente la visita a la localidad de Puerto Gaviota, ya que, las condiciones clim\u00e1ticas lo impidieron, fijando el compromiso de llegar al lugar en los pr\u00f3ximos meses, visitar el sector y reunirse con la comunidad.<\/p>\n<\/div><\/section><\/div><div  style='height:50px' class='hr hr-invisible   avia-builder-el-6  el_after_av_one_full  el_before_av_social_share '><span class='hr-inner ' ><span class='hr-inner-style'><\/span><\/span><\/div><\/p>\n<div  class='av-social-sharing-box  avia-builder-el-7  el_after_av_hr  el_before_av_hr  '><div class='av-share-box'><h5 class='av-share-link-description av-no-toc '>Compartir esta noticia<\/h5><ul class='av-share-box-list noLightbox'><li class='av-share-link av-social-link-facebook' ><a target=\"_blank\" aria-label=\"Compartir en Facebook\" href='https:\/\/www.facebook.com\/sharer.php?u=https:\/\/radiorevelacionfm.cl\/?p=26615&#038;t=Comunidades%20de%20Melimoyu%20y%20Gala%20expusieron%20requerimientos%20a%20Consejeros%2C%20Alcalde%20y%20Concejales' aria-hidden='false' data-av_icon='\ue8f3' data-av_iconfont='entypo-fontello' title='' data-avia-related-tooltip='Compartir en Facebook' rel=\"noopener\"><span class='avia_hidden_link_text'>Compartir en Facebook<\/span><\/a><\/li><li class='av-share-link av-social-link-twitter' ><a target=\"_blank\" aria-label=\"Compartir en Twitter\" href='https:\/\/twitter.com\/share?text=Comunidades%20de%20Melimoyu%20y%20Gala%20expusieron%20requerimientos%20a%20Consejeros%2C%20Alcalde%20y%20Concejales&#038;url=https:\/\/radiorevelacionfm.cl\/?p=26615' aria-hidden='false' data-av_icon='\ue8f1' data-av_iconfont='entypo-fontello' title='' data-avia-related-tooltip='Compartir en Twitter' rel=\"noopener\"><span class='avia_hidden_link_text'>Compartir en Twitter<\/span><\/a><\/li><li class='av-share-link av-social-link-whatsapp' ><a target=\"_blank\" aria-label=\"Compartir en Whatsapp\" href='https:\/\/api.whatsapp.com\/send?text=https:\/\/radiorevelacionfm.cl\/?p=26615' aria-hidden='false' data-av_icon='\uf232' data-av_iconfont='entypo-fontello' title='' data-avia-related-tooltip='Compartir en Whatsapp' rel=\"noopener\"><span class='avia_hidden_link_text'>Compartir en Whatsapp<\/span><\/a><\/li><li class='av-share-link av-social-link-linkedin' ><a target=\"_blank\" aria-label=\"Compartir en LinkedIn\" href='https:\/\/linkedin.com\/shareArticle?mini=true&#038;title=Comunidades%20de%20Melimoyu%20y%20Gala%20expusieron%20requerimientos%20a%20Consejeros%2C%20Alcalde%20y%20Concejales&#038;url=https:\/\/radiorevelacionfm.cl\/?p=26615' aria-hidden='false' data-av_icon='\ue8fc' data-av_iconfont='entypo-fontello' title='' data-avia-related-tooltip='Compartir en LinkedIn' rel=\"noopener\"><span class='avia_hidden_link_text'>Compartir en LinkedIn<\/span><\/a><\/li><li class='av-share-link av-social-link-mail' ><a  aria-label=\"Compartir por correo\" href='mailto:?subject=Comunidades%20de%20Melimoyu%20y%20Gala%20expusieron%20requerimientos%20a%20Consejeros%2C%20Alcalde%20y%20Concejales&#038;body=https:\/\/radiorevelacionfm.cl\/?p=26615' aria-hidden='false' data-av_icon='\ue805' data-av_iconfont='entypo-fontello' title='' data-avia-related-tooltip='Compartir por correo'><span class='avia_hidden_link_text'>Compartir por correo<\/span><\/a><\/li><\/ul><\/div><\/div>\n<div  style='height:50px' class='hr hr-invisible   avia-builder-el-8  el_after_av_social_share  el_before_av_comments_list '><span class='hr-inner ' ><span class='hr-inner-style'><\/span><\/span><\/div>\n<div  class='av-buildercomment  av-blog-meta-html-info-disabled av-blog-meta-tag-disabled  '><\/div>\n","protected":false},"excerpt":{"rendered":"","protected":false},"author":1,"featured_media":26616,"comment_status":"open","ping_status":"open","sticky":false,"template":"","format":"standard","meta":{"footnotes":""},"categories":[38],"tags":[],"class_list":["post-26615","post","type-post","status-publish","format-standard","has-post-thumbnail","hentry","category-regional"],"jetpack_featured_media_url":"https:\/\/radiorevelacionfm.cl\/wp-content\/uploads\/2023\/01\/litoral-cisnes-8-1_optimized-1.jpg","_links":{"self":[{"href":"https:\/\/radiorevelacionfm.cl\/index.php?rest_route=\/wp\/v2\/posts\/26615","targetHints":{"allow":["GET"]}}],"collection":[{"href":"https:\/\/radiorevelacionfm.cl\/index.php?rest_route=\/wp\/v2\/posts"}],"about":[{"href":"https:\/\/radiorevelacionfm.cl\/index.php?rest_route=\/wp\/v2\/types\/post"}],"author":[{"embeddable":true,"href":"https:\/\/radiorevelacionfm.cl\/index.php?rest_route=\/wp\/v2\/users\/1"}],"replies":[{"embeddable":true,"href":"https:\/\/radiorevelacionfm.cl\/index.php?rest_route=%2Fwp%2Fv2%2Fcomments&post=26615"}],"version-history":[{"count":2,"href":"https:\/\/radiorevelacionfm.cl\/index.php?rest_route=\/wp\/v2\/posts\/26615\/revisions"}],"predecessor-version":[{"id":26618,"href":"https:\/\/radiorevelacionfm.cl\/index.php?rest_route=\/wp\/v2\/posts\/26615\/revisions\/26618"}],"wp:featuredmedia":[{"embeddable":true,"href":"https:\/\/radiorevelacionfm.cl\/index.php?rest_route=\/wp\/v2\/media\/26616"}],"wp:attachment":[{"href":"https:\/\/radiorevelacionfm.cl\/index.php?rest_route=%2Fwp%2Fv2%2Fmedia&parent=26615"}],"wp:term":[{"taxonomy":"category","embeddable":true,"href":"https:\/\/radiorevelacionfm.cl\/index.php?rest_route=%2Fwp%2Fv2%2Fcategories&post=26615"},{"taxonomy":"post_tag","embeddable":true,"href":"https:\/\/radiorevelacionfm.cl\/index.php?rest_route=%2Fwp%2Fv2%2Ftags&post=26615"}],"curies":[{"name":"wp","href":"https:\/\/api.w.org\/{rel}","templated":true}]}}