{"id":26605,"date":"2023-01-14T14:51:56","date_gmt":"2023-01-14T17:51:56","guid":{"rendered":"https:\/\/radiorevelacionfm.cl\/?p=26605"},"modified":"2023-01-14T14:51:56","modified_gmt":"2023-01-14T17:51:56","slug":"con-gran-participacion-de-mujeres-se-habilitaron-20-conductoras-y-conductores-en-licencia-profesional-a2","status":"publish","type":"post","link":"https:\/\/radiorevelacionfm.cl\/?p=26605","title":{"rendered":"Con gran participaci\u00f3n de mujeres se habilitaron 20 conductoras y conductores en Licencia profesional A2"},"content":{"rendered":"<div class=\"flex_column av_one_full  flex_column_div av-zero-column-padding first  avia-builder-el-0  el_before_av_one_full  avia-builder-el-first  \" style='border-radius:0px; '><div  class='avia-image-container  av-styling-    avia-builder-el-1  avia-builder-el-no-sibling  avia-align-center '  itemprop=\"image\" itemscope=\"itemscope\" itemtype=\"https:\/\/schema.org\/ImageObject\"  ><div class='avia-image-container-inner'><div class='avia-image-overlay-wrap'><img decoding=\"async\" class='wp-image-26608 avia-img-lazy-loading-not-26608 avia_image' src=\"https:\/\/radiorevelacionfm.cl\/wp-content\/uploads\/2023\/01\/Certificacion_COY_LicenciaA2-2-1-1.jpg\" alt='' title='Certificacion_COY_LicenciaA2 (2) (1) (1)' height=\"600\" width=\"777\"  itemprop=\"thumbnailUrl\" srcset=\"https:\/\/radiorevelacionfm.cl\/wp-content\/uploads\/2023\/01\/Certificacion_COY_LicenciaA2-2-1-1.jpg 777w, https:\/\/radiorevelacionfm.cl\/wp-content\/uploads\/2023\/01\/Certificacion_COY_LicenciaA2-2-1-1-300x232.jpg 300w, https:\/\/radiorevelacionfm.cl\/wp-content\/uploads\/2023\/01\/Certificacion_COY_LicenciaA2-2-1-1-768x593.jpg 768w, https:\/\/radiorevelacionfm.cl\/wp-content\/uploads\/2023\/01\/Certificacion_COY_LicenciaA2-2-1-1-705x544.jpg 705w, https:\/\/radiorevelacionfm.cl\/wp-content\/uploads\/2023\/01\/Certificacion_COY_LicenciaA2-2-1-1-600x463.jpg 600w\" sizes=\"(max-width: 777px) 100vw, 777px\" \/><\/div><\/div><\/div><\/div><div class=\"flex_column av_one_full  flex_column_div av-zero-column-padding first  avia-builder-el-2  el_after_av_one_full  el_before_av_one_full  column-top-margin\" style='border-radius:0px; '><section class=\"av_textblock_section \"  itemscope=\"itemscope\" itemtype=\"https:\/\/schema.org\/BlogPosting\" itemprop=\"blogPost\" ><div class='avia_textblock  '   itemprop=\"text\" ><p style=\"text-align: center;\"><span style=\"font-size: 18pt;\"><b><span lang=\"ES-TRAD\">Con gran participaci\u00f3n de mujeres se habilitaron 20 conductoras y conductores en Licencia profesional A2<\/span><\/b><\/span><\/p>\n<div id=\"gtx-trans\" style=\"position: absolute; left: -50px; top: 4.31534px;\">\n<div class=\"gtx-trans-icon\"><\/div>\n<\/div>\n<\/div><\/section><\/div><\/p>\n<div class=\"flex_column av_one_full  flex_column_div av-zero-column-padding first  avia-builder-el-4  el_after_av_one_full  el_before_av_hr  column-top-margin\" style='border-radius:0px; '><section class=\"av_textblock_section \"  itemscope=\"itemscope\" itemtype=\"https:\/\/schema.org\/BlogPosting\" itemprop=\"blogPost\" ><div class='avia_textblock  '   itemprop=\"text\" ><div class=\"v1gmail_default\">\n<p class=\"v1MsoNormal\" style=\"text-align: justify;\"><span lang=\"ES\">En una emotiva ceremonia se certificaron 20 alumnos\/as a trav\u00e9s del Servicio Nacional de Capacitaci\u00f3n y Empleo, Sence, con financiamiento del Fondo Nacional de Desarrollo Regional, FNDR, del Gobierno Regional, en una capacitaci\u00f3n conducente a licencia habilitante clase A2, con 150 horas cronol\u00f3gicas te\u00f3ricas y pr\u00e1cticas.<\/span><\/p>\n<p class=\"v1MsoNormal\" style=\"text-align: justify;\"><span lang=\"ES\">El prop\u00f3sito de esta capacitaci\u00f3n fue preparar a nuevos conductores del transporte p\u00fablico menor, lo cual fue coordinado junto a dirigentes del Consejo Superior de Transportes de la Patagonia y Federaci\u00f3n de Transporte P\u00fablico Menor, Seremi de Trabajo y Previsi\u00f3n Social junto a la Seremi de Transportes y Telecomunicaciones.<\/span><\/p>\n<p class=\"v1MsoNormal\" style=\"text-align: justify;\"><span lang=\"ES\">La Gobernadora regional de Ays\u00e9n, Andrea Mac\u00edas, coment\u00f3 sobre esta iniciativa, \u00abEfectivamente esta es una capacitaci\u00f3n realizada en el marco del convenio que existe con el Servicio Nacional de Capacitaci\u00f3n y Empleo, que llev\u00f3 adelante la Escuela de Conductores F\u00c9NIX Chile, donde se ha logrado capacitar a m\u00e1s de 40 personas en distintos lugares de la regi\u00f3n, hoy d\u00eda certificando a 20 de ellas en Coyhaique para la obtenci\u00f3n de la licencia profesional A2, esto sin duda es una oportunidad de empleabilidad, una oportunidad para poder mejorar tambi\u00e9n las condiciones, el acceso a espacios laborales y tambi\u00e9n a los emprendimientos propios\u00bb, afirm\u00f3.<\/span><\/p>\n<p class=\"v1MsoNormal\" style=\"text-align: justify;\"><span lang=\"ES\">Las autoridades regionales destacaron el enfoque de g\u00e9nero del curso, en el cual fueron 8 las mujeres que se certificaron, en un oficio tradicionalmente masculino, mencionando el Delegado regional presidencial(s), Samuel Navarro, \u00abPara el Gobierno del Presidente Gabriel Boric es sumamente relevante este tipo de capacitaciones, particularmente porque no solamente va dirigido al g\u00e9nero masculino, sino tambi\u00e9n al g\u00e9nero femenino. Agradecer profundamente al Gobierno Regional, el financiamiento a trav\u00e9s de FNDR de este curso, al SENCE que lo organiza, tambi\u00e9n a la Seremi de Transportes, que busc\u00f3 que tuviera este componente de paridad, que vemos que aporta tambi\u00e9n a la reactivaci\u00f3n econ\u00f3mica. Capacitar, que las personas tengan su ficha, tengan su certificaci\u00f3n, que nos pueda generar un despegue, un repunte econ\u00f3mico, porque de esta forma entregamos no solamente un conocimiento, sino que entregamos un oficio, una capacitaci\u00f3n, una habilidad\u00bb.<\/span><\/p>\n<p class=\"v1MsoNormal\" style=\"text-align: justify;\"><span lang=\"ES\">En este sentido, el Seremi de Trabajo y Previsi\u00f3n Social, Rodrigo D\u00edaz, recalc\u00f3 la necesidad de choferes profesionales de transporte en nuestra Regi\u00f3n de Ays\u00e9n, \u00abEstas capacitaciones que realiza el SENCE, generan un tremendo impacto en la comunidad. Este curso ten\u00eda mucha demanda, era muy sentido, muy demandado por la comunidad. En nuestra capital regional y en las provincias, faltan conductores profesionales, y esto viene a llenar este cupo, que hac\u00eda gran falta\u00bb.<\/span><\/p>\n<p class=\"v1MsoNormal\" style=\"text-align: justify;\"><span lang=\"ES\">En la ceremonia participaron tambi\u00e9n la Seremi de Transportes y telecomunicaciones, Claudia Cantero y el Director regional(s) de Sence, Andro Valdenegro, adem\u00e1s del OTEC que ejecut\u00f3 la capacitaci\u00f3n.<\/span><\/p>\n<p class=\"v1MsoNormal\" style=\"text-align: justify;\"><strong><u><span lang=\"ES\">Testimonios de los alumnos\/as<\/span><\/u><\/strong><\/p>\n<p class=\"v1MsoNormal\" style=\"text-align: justify;\"><span lang=\"ES\">Este curso habilit\u00f3 a los alumnos\/as para que pudieran realizar su examen conducente a la licencia profesional A2. Cabe mencionar que dicha licencia A2 habilita el manejo de taxis, ambulancias, transporte de pasajeros entre 10 a 17 asientos o hasta 32 asientos cuando el conductor tenga 2 a\u00f1os de experiencia con esta licencia y que el veh\u00edculo no supere los 9 metros de largo.<\/span><\/p>\n<p class=\"v1MsoNormal\" style=\"text-align: justify;\"><span lang=\"ES\">\u00abAhora tenemos un taxi, que lo maneja mi marido, pero \u00e9l tiene otro empleo, entonces el taxi permanece botado. Como se dio esta oportunidad de sacar la licencia, porque la posibilidad es buena y no se da siempre, entonces que le den esta oportunidad sobre todo a las mujeres, es un incentivo para uno, m\u00e1s que nada es eso, por un tema de trabajo, por querer hacer otra cosa, que salga de lo com\u00fan\u00bb.\u00a0Ximena Tarum\u00e1n Campos.<\/span><\/p>\n<p class=\"v1MsoNormal\" style=\"text-align: justify;\"><span lang=\"ES\">\u00abEsto que est\u00e1 haciendo el SENCE, el Gobierno Regional, es grande, el hecho de capacitar a las personas, porque muchas veces, uno no entiende, el ser chofer se ve bonito, pero tiene un riesgo, y uno tiene que estar preparada para estar detr\u00e1s de un volante, por todo lo que implica\u00bb,\u00a0\u00c1ngela Jara Lagos.<\/span><\/p>\n<p class=\"v1MsoNormal\" style=\"text-align: justify;\"><span lang=\"ES\">\u00abLo que nosotros deseamos es poder tener una clase A2 profesional, y para eso encontramos esta gran oportunidad con el Gobierno Regional y SENCE, lo cual nos permiti\u00f3 agruparnos como alumnos y que se lleve a cabo estas 150 horas de estudio\u00bb,\u00a0Alberto Romero G\u00f3mez.\u00a0<\/span><\/p>\n<\/div>\n<\/div><\/section><\/div>\n<div  style='height:50px' class='hr hr-invisible   avia-builder-el-6  el_after_av_one_full  el_before_av_social_share '><span class='hr-inner ' ><span class='hr-inner-style'><\/span><\/span><\/div>\n<div  class='av-social-sharing-box  avia-builder-el-7  el_after_av_hr  el_before_av_hr  '><div class='av-share-box'><h5 class='av-share-link-description av-no-toc '>Compartir esta noticia<\/h5><ul class='av-share-box-list noLightbox'><li class='av-share-link av-social-link-facebook' ><a target=\"_blank\" aria-label=\"Compartir en Facebook\" href='https:\/\/www.facebook.com\/sharer.php?u=https:\/\/radiorevelacionfm.cl\/?p=26605&#038;t=Con%20gran%20participaci%C3%B3n%20de%20mujeres%20se%20habilitaron%2020%20conductoras%20y%20conductores%20en%20Licencia%20profesional%20A2' aria-hidden='false' data-av_icon='\ue8f3' data-av_iconfont='entypo-fontello' title='' data-avia-related-tooltip='Compartir en Facebook' rel=\"noopener\"><span class='avia_hidden_link_text'>Compartir en Facebook<\/span><\/a><\/li><li class='av-share-link av-social-link-twitter' ><a target=\"_blank\" aria-label=\"Compartir en Twitter\" href='https:\/\/twitter.com\/share?text=Con%20gran%20participaci%C3%B3n%20de%20mujeres%20se%20habilitaron%2020%20conductoras%20y%20conductores%20en%20Licencia%20profesional%20A2&#038;url=https:\/\/radiorevelacionfm.cl\/?p=26605' aria-hidden='false' data-av_icon='\ue8f1' data-av_iconfont='entypo-fontello' title='' data-avia-related-tooltip='Compartir en Twitter' rel=\"noopener\"><span class='avia_hidden_link_text'>Compartir en Twitter<\/span><\/a><\/li><li class='av-share-link av-social-link-whatsapp' ><a target=\"_blank\" aria-label=\"Compartir en Whatsapp\" href='https:\/\/api.whatsapp.com\/send?text=https:\/\/radiorevelacionfm.cl\/?p=26605' aria-hidden='false' data-av_icon='\uf232' data-av_iconfont='entypo-fontello' title='' data-avia-related-tooltip='Compartir en Whatsapp' rel=\"noopener\"><span class='avia_hidden_link_text'>Compartir en Whatsapp<\/span><\/a><\/li><li class='av-share-link av-social-link-linkedin' ><a target=\"_blank\" aria-label=\"Compartir en LinkedIn\" href='https:\/\/linkedin.com\/shareArticle?mini=true&#038;title=Con%20gran%20participaci%C3%B3n%20de%20mujeres%20se%20habilitaron%2020%20conductoras%20y%20conductores%20en%20Licencia%20profesional%20A2&#038;url=https:\/\/radiorevelacionfm.cl\/?p=26605' aria-hidden='false' data-av_icon='\ue8fc' data-av_iconfont='entypo-fontello' title='' data-avia-related-tooltip='Compartir en LinkedIn' rel=\"noopener\"><span class='avia_hidden_link_text'>Compartir en LinkedIn<\/span><\/a><\/li><li class='av-share-link av-social-link-mail' ><a  aria-label=\"Compartir por correo\" href='mailto:?subject=Con%20gran%20participaci%C3%B3n%20de%20mujeres%20se%20habilitaron%2020%20conductoras%20y%20conductores%20en%20Licencia%20profesional%20A2&#038;body=https:\/\/radiorevelacionfm.cl\/?p=26605' aria-hidden='false' data-av_icon='\ue805' data-av_iconfont='entypo-fontello' title='' data-avia-related-tooltip='Compartir por correo'><span class='avia_hidden_link_text'>Compartir por correo<\/span><\/a><\/li><\/ul><\/div><\/div>\n<div  style='height:50px' class='hr hr-invisible   avia-builder-el-8  el_after_av_social_share  el_before_av_comments_list '><span class='hr-inner ' ><span class='hr-inner-style'><\/span><\/span><\/div>\n<div  class='av-buildercomment  av-blog-meta-html-info-disabled av-blog-meta-tag-disabled  '><\/div>\n","protected":false},"excerpt":{"rendered":"","protected":false},"author":1,"featured_media":26608,"comment_status":"open","ping_status":"open","sticky":false,"template":"","format":"standard","meta":{"footnotes":""},"categories":[56],"tags":[],"class_list":["post-26605","post","type-post","status-publish","format-standard","has-post-thumbnail","hentry","category-trabajo"],"jetpack_featured_media_url":"https:\/\/radiorevelacionfm.cl\/wp-content\/uploads\/2023\/01\/Certificacion_COY_LicenciaA2-2-1-1.jpg","_links":{"self":[{"href":"https:\/\/radiorevelacionfm.cl\/index.php?rest_route=\/wp\/v2\/posts\/26605","targetHints":{"allow":["GET"]}}],"collection":[{"href":"https:\/\/radiorevelacionfm.cl\/index.php?rest_route=\/wp\/v2\/posts"}],"about":[{"href":"https:\/\/radiorevelacionfm.cl\/index.php?rest_route=\/wp\/v2\/types\/post"}],"author":[{"embeddable":true,"href":"https:\/\/radiorevelacionfm.cl\/index.php?rest_route=\/wp\/v2\/users\/1"}],"replies":[{"embeddable":true,"href":"https:\/\/radiorevelacionfm.cl\/index.php?rest_route=%2Fwp%2Fv2%2Fcomments&post=26605"}],"version-history":[{"count":3,"href":"https:\/\/radiorevelacionfm.cl\/index.php?rest_route=\/wp\/v2\/posts\/26605\/revisions"}],"predecessor-version":[{"id":26610,"href":"https:\/\/radiorevelacionfm.cl\/index.php?rest_route=\/wp\/v2\/posts\/26605\/revisions\/26610"}],"wp:featuredmedia":[{"embeddable":true,"href":"https:\/\/radiorevelacionfm.cl\/index.php?rest_route=\/wp\/v2\/media\/26608"}],"wp:attachment":[{"href":"https:\/\/radiorevelacionfm.cl\/index.php?rest_route=%2Fwp%2Fv2%2Fmedia&parent=26605"}],"wp:term":[{"taxonomy":"category","embeddable":true,"href":"https:\/\/radiorevelacionfm.cl\/index.php?rest_route=%2Fwp%2Fv2%2Fcategories&post=26605"},{"taxonomy":"post_tag","embeddable":true,"href":"https:\/\/radiorevelacionfm.cl\/index.php?rest_route=%2Fwp%2Fv2%2Ftags&post=26605"}],"curies":[{"name":"wp","href":"https:\/\/api.w.org\/{rel}","templated":true}]}}