{"id":26600,"date":"2023-01-14T11:22:26","date_gmt":"2023-01-14T14:22:26","guid":{"rendered":"https:\/\/radiorevelacionfm.cl\/?p=26600"},"modified":"2023-01-14T11:22:26","modified_gmt":"2023-01-14T14:22:26","slug":"rally-aniversario-el-evento-que-le-dara-accion-a-las-carreteras-de-aysen-se-realizara-este-fin-de-semana","status":"publish","type":"post","link":"https:\/\/radiorevelacionfm.cl\/?p=26600","title":{"rendered":"Rally Aniversario: El evento que le dar\u00e1 acci\u00f3n a las carreteras de Ays\u00e9n se realizar\u00e1 este fin de semana"},"content":{"rendered":"<div class=\"flex_column av_one_full  flex_column_div av-zero-column-padding first  avia-builder-el-0  el_before_av_one_full  avia-builder-el-first  \" style='border-radius:0px; '><div  class='avia-image-container  av-styling-    avia-builder-el-1  avia-builder-el-no-sibling  avia-align-center '  itemprop=\"image\" itemscope=\"itemscope\" itemtype=\"https:\/\/schema.org\/ImageObject\"  ><div class='avia-image-container-inner'><div class='avia-image-overlay-wrap'><img decoding=\"async\" class='wp-image-26601 avia-img-lazy-loading-not-26601 avia_image' src=\"https:\/\/radiorevelacionfm.cl\/wp-content\/uploads\/2023\/01\/RALLY-Sabado-14-1-1.jpg\" alt='' title='RALLY - S\u00e1bado 14 (1) (1)' height=\"600\" width=\"552\"  itemprop=\"thumbnailUrl\" srcset=\"https:\/\/radiorevelacionfm.cl\/wp-content\/uploads\/2023\/01\/RALLY-Sabado-14-1-1.jpg 552w, https:\/\/radiorevelacionfm.cl\/wp-content\/uploads\/2023\/01\/RALLY-Sabado-14-1-1-276x300.jpg 276w\" sizes=\"(max-width: 552px) 100vw, 552px\" \/><\/div><\/div><\/div><\/div><div class=\"flex_column av_one_full  flex_column_div av-zero-column-padding first  avia-builder-el-2  el_after_av_one_full  el_before_av_one_full  column-top-margin\" style='border-radius:0px; '><section class=\"av_textblock_section \"  itemscope=\"itemscope\" itemtype=\"https:\/\/schema.org\/BlogPosting\" itemprop=\"blogPost\" ><div class='avia_textblock  '   itemprop=\"text\" ><p style=\"text-align: center;\"><span style=\"font-size: 18pt;\"><strong>Rally Aniversario: El evento que le dar\u00e1 acci\u00f3n a las carreteras de Ays\u00e9n se realizar\u00e1 este fin de semana<\/strong><\/span><\/p>\n<div id=\"gtx-trans\" style=\"position: absolute; left: -50px; top: 4.31534px;\">\n<div class=\"gtx-trans-icon\"><\/div>\n<\/div>\n<\/div><\/section><\/div><div class=\"flex_column av_one_full  flex_column_div av-zero-column-padding first  avia-builder-el-4  el_after_av_one_full  el_before_av_hr  column-top-margin\" style='border-radius:0px; '><section class=\"av_textblock_section \"  itemscope=\"itemscope\" itemtype=\"https:\/\/schema.org\/BlogPosting\" itemprop=\"blogPost\" ><div class='avia_textblock  '   itemprop=\"text\" ><p style=\"text-align: justify;\">Con motivo del 95\u00ba aniversario de la ciudad, los d\u00edas 14 y 15 de enero se realizar\u00e1 el espect\u00e1culo del Rally de Ays\u00e9n, en la cual expertos corredores expondr\u00e1n toda su habilidad en los caminos a Bah\u00eda Acantilada y Lago Riesco.<\/p>\n<p style=\"text-align: justify;\">M\u00e1s de 35 competidores, tanto regionales como nacionales, vivir\u00e1n y mostrar\u00e1n el espect\u00e1culo automovil\u00edstico m\u00e1s grande de Ays\u00e9n. Se trata del ya cl\u00e1sico Rally Aniversario Ays\u00e9n, que en su nueva edici\u00f3n ser\u00e1 organizado por el Club de Automovilismo Patagonia A Fondo en conjunto con la Ilustre Municipalidad de Ays\u00e9n.<\/p>\n<p style=\"text-align: justify;\">El Show comenzar\u00e1 el s\u00e1bado 14 de enero con la revisi\u00f3n t\u00e9cnica de los autos en competencia. Una instancia ser\u00e1 abierta para todo el p\u00fablico en la Escuela Ays\u00e9n desde las 15:00 hrs. M\u00e1s tarde ese d\u00eda se realizar\u00e1 en la Plaza de Armas la presentaci\u00f3n de los m\u00f3viles y corredores que el domingo dar\u00e1n acci\u00f3n al evento.<\/p>\n<p style=\"text-align: justify;\">Una de las organizadoras y secretaria del Club Patagonia, Joselyn Marchant, explic\u00f3 los requerimientos m\u00e1s importantes para participar, \u201cla base de nuestras exigencias de revisi\u00f3n t\u00e9cnica son: Primeramente, el veh\u00edculo debe estar adaptado para estas competencias, jaula antivuelco, butaca fija, que favorece enormemente en caso de accidente, igual que los cinturones de cuatro puntas, luces, frenos funcionando a su mejor capacidad y obviamente se le exige la licencia de piloto y la hoja de ruta como prevenci\u00f3n de que la hicieron y de que tienen demarcado por donde van a correr\u201d.<\/p>\n<p style=\"text-align: justify;\">La jornada dominical comienza a las 9:00, para la primera de cuatro etapas que son: Ida y vuelta a Bah\u00eda Acantilada (6.6 Kms) e Ida y vuelta al Lago Riesco (15 Kms). Las rutas fueron constituidas de forma que molesten lo menos posible a los vecinos que habitan los lugares rurales y fueron establecidas las reglas, anteriormente mencionadas, para que el evento se efect\u00fae de manera segura y resguardando la integridad de sus participantes y espectadores.<\/p>\n<p style=\"text-align: justify;\">La competencia culminar\u00e1 con una premiaci\u00f3n que se realizar\u00e1 en la Plaza de Armas de Ays\u00e9n, el domingo 15 de enero a las 18:00. Invitamos a toda la comunidad a asistir para participar de las actividades de este 95\u00b0 Aniversario. \u00a1Vivamos juntos el Verano en Ays\u00e9n!<\/p>\n<\/div><\/section><\/div><div  style='height:50px' class='hr hr-invisible   avia-builder-el-6  el_after_av_one_full  el_before_av_social_share '><span class='hr-inner ' ><span class='hr-inner-style'><\/span><\/span><\/div><\/p>\n<div  class='av-social-sharing-box  avia-builder-el-7  el_after_av_hr  el_before_av_hr  '><div class='av-share-box'><h5 class='av-share-link-description av-no-toc '>Compartir esta noticia<\/h5><ul class='av-share-box-list noLightbox'><li class='av-share-link av-social-link-facebook' ><a target=\"_blank\" aria-label=\"Compartir en Facebook\" href='https:\/\/www.facebook.com\/sharer.php?u=https:\/\/radiorevelacionfm.cl\/?p=26600&#038;t=Rally%20Aniversario%3A%20El%20evento%20que%20le%20dar%C3%A1%20acci%C3%B3n%20a%20las%20carreteras%20de%20Ays%C3%A9n%20se%20realizar%C3%A1%20este%20fin%20de%20semana' aria-hidden='false' data-av_icon='\ue8f3' data-av_iconfont='entypo-fontello' title='' data-avia-related-tooltip='Compartir en Facebook' rel=\"noopener\"><span class='avia_hidden_link_text'>Compartir en Facebook<\/span><\/a><\/li><li class='av-share-link av-social-link-twitter' ><a target=\"_blank\" aria-label=\"Compartir en Twitter\" href='https:\/\/twitter.com\/share?text=Rally%20Aniversario%3A%20El%20evento%20que%20le%20dar%C3%A1%20acci%C3%B3n%20a%20las%20carreteras%20de%20Ays%C3%A9n%20se%20realizar%C3%A1%20este%20fin%20de%20semana&#038;url=https:\/\/radiorevelacionfm.cl\/?p=26600' aria-hidden='false' data-av_icon='\ue8f1' data-av_iconfont='entypo-fontello' title='' data-avia-related-tooltip='Compartir en Twitter' rel=\"noopener\"><span class='avia_hidden_link_text'>Compartir en Twitter<\/span><\/a><\/li><li class='av-share-link av-social-link-whatsapp' ><a target=\"_blank\" aria-label=\"Compartir en Whatsapp\" href='https:\/\/api.whatsapp.com\/send?text=https:\/\/radiorevelacionfm.cl\/?p=26600' aria-hidden='false' data-av_icon='\uf232' data-av_iconfont='entypo-fontello' title='' data-avia-related-tooltip='Compartir en Whatsapp' rel=\"noopener\"><span class='avia_hidden_link_text'>Compartir en Whatsapp<\/span><\/a><\/li><li class='av-share-link av-social-link-linkedin' ><a target=\"_blank\" aria-label=\"Compartir en LinkedIn\" href='https:\/\/linkedin.com\/shareArticle?mini=true&#038;title=Rally%20Aniversario%3A%20El%20evento%20que%20le%20dar%C3%A1%20acci%C3%B3n%20a%20las%20carreteras%20de%20Ays%C3%A9n%20se%20realizar%C3%A1%20este%20fin%20de%20semana&#038;url=https:\/\/radiorevelacionfm.cl\/?p=26600' aria-hidden='false' data-av_icon='\ue8fc' data-av_iconfont='entypo-fontello' title='' data-avia-related-tooltip='Compartir en LinkedIn' rel=\"noopener\"><span class='avia_hidden_link_text'>Compartir en LinkedIn<\/span><\/a><\/li><li class='av-share-link av-social-link-mail' ><a  aria-label=\"Compartir por correo\" href='mailto:?subject=Rally%20Aniversario%3A%20El%20evento%20que%20le%20dar%C3%A1%20acci%C3%B3n%20a%20las%20carreteras%20de%20Ays%C3%A9n%20se%20realizar%C3%A1%20este%20fin%20de%20semana&#038;body=https:\/\/radiorevelacionfm.cl\/?p=26600' aria-hidden='false' data-av_icon='\ue805' data-av_iconfont='entypo-fontello' title='' data-avia-related-tooltip='Compartir por correo'><span class='avia_hidden_link_text'>Compartir por correo<\/span><\/a><\/li><\/ul><\/div><\/div>\n<div  style='height:50px' class='hr hr-invisible   avia-builder-el-8  el_after_av_social_share  el_before_av_comments_list '><span class='hr-inner ' ><span class='hr-inner-style'><\/span><\/span><\/div>\n<div  class='av-buildercomment  av-blog-meta-html-info-disabled av-blog-meta-tag-disabled  '><\/div>\n","protected":false},"excerpt":{"rendered":"","protected":false},"author":1,"featured_media":26602,"comment_status":"open","ping_status":"open","sticky":false,"template":"","format":"standard","meta":{"footnotes":""},"categories":[38],"tags":[],"class_list":["post-26600","post","type-post","status-publish","format-standard","has-post-thumbnail","hentry","category-regional"],"jetpack_featured_media_url":"https:\/\/radiorevelacionfm.cl\/wp-content\/uploads\/2023\/01\/rally-sabado-14-1-2_optimized.jpg","_links":{"self":[{"href":"https:\/\/radiorevelacionfm.cl\/index.php?rest_route=\/wp\/v2\/posts\/26600","targetHints":{"allow":["GET"]}}],"collection":[{"href":"https:\/\/radiorevelacionfm.cl\/index.php?rest_route=\/wp\/v2\/posts"}],"about":[{"href":"https:\/\/radiorevelacionfm.cl\/index.php?rest_route=\/wp\/v2\/types\/post"}],"author":[{"embeddable":true,"href":"https:\/\/radiorevelacionfm.cl\/index.php?rest_route=\/wp\/v2\/users\/1"}],"replies":[{"embeddable":true,"href":"https:\/\/radiorevelacionfm.cl\/index.php?rest_route=%2Fwp%2Fv2%2Fcomments&post=26600"}],"version-history":[{"count":2,"href":"https:\/\/radiorevelacionfm.cl\/index.php?rest_route=\/wp\/v2\/posts\/26600\/revisions"}],"predecessor-version":[{"id":26604,"href":"https:\/\/radiorevelacionfm.cl\/index.php?rest_route=\/wp\/v2\/posts\/26600\/revisions\/26604"}],"wp:featuredmedia":[{"embeddable":true,"href":"https:\/\/radiorevelacionfm.cl\/index.php?rest_route=\/wp\/v2\/media\/26602"}],"wp:attachment":[{"href":"https:\/\/radiorevelacionfm.cl\/index.php?rest_route=%2Fwp%2Fv2%2Fmedia&parent=26600"}],"wp:term":[{"taxonomy":"category","embeddable":true,"href":"https:\/\/radiorevelacionfm.cl\/index.php?rest_route=%2Fwp%2Fv2%2Fcategories&post=26600"},{"taxonomy":"post_tag","embeddable":true,"href":"https:\/\/radiorevelacionfm.cl\/index.php?rest_route=%2Fwp%2Fv2%2Ftags&post=26600"}],"curies":[{"name":"wp","href":"https:\/\/api.w.org\/{rel}","templated":true}]}}