{"id":26596,"date":"2023-01-13T22:53:50","date_gmt":"2023-01-14T01:53:50","guid":{"rendered":"https:\/\/radiorevelacionfm.cl\/?p=26596"},"modified":"2023-01-13T22:53:50","modified_gmt":"2023-01-14T01:53:50","slug":"puerto-aysen-sujeto-que-habria-abusado-y-amenazado-con-motosierra-a-victima-queda-en-prision-preventiva","status":"publish","type":"post","link":"https:\/\/radiorevelacionfm.cl\/?p=26596","title":{"rendered":"Puerto Ays\u00e9n: Sujeto que habr\u00eda abusado y amenazado con motosierra a v\u00edctima queda en prisi\u00f3n preventiva"},"content":{"rendered":"<div class=\"flex_column av_one_full  flex_column_div av-zero-column-padding first  avia-builder-el-0  el_before_av_one_full  avia-builder-el-first  \" style='border-radius:0px; '><div  class='avia-image-container  av-styling-    avia-builder-el-1  avia-builder-el-no-sibling  avia-align-center '  itemprop=\"image\" itemscope=\"itemscope\" itemtype=\"https:\/\/schema.org\/ImageObject\"  ><div class='avia-image-container-inner'><div class='avia-image-overlay-wrap'><img decoding=\"async\" class='wp-image-26597 avia-img-lazy-loading-not-26597 avia_image' src=\"https:\/\/radiorevelacionfm.cl\/wp-content\/uploads\/2023\/01\/PRISION-PREVENTIVA-AYSEN-1-1.jpg\" alt='' title='PRISION PREVENTIVA AYSEN (1) (1)' height=\"600\" width=\"938\"  itemprop=\"thumbnailUrl\" srcset=\"https:\/\/radiorevelacionfm.cl\/wp-content\/uploads\/2023\/01\/PRISION-PREVENTIVA-AYSEN-1-1.jpg 938w, https:\/\/radiorevelacionfm.cl\/wp-content\/uploads\/2023\/01\/PRISION-PREVENTIVA-AYSEN-1-1-300x192.jpg 300w, https:\/\/radiorevelacionfm.cl\/wp-content\/uploads\/2023\/01\/PRISION-PREVENTIVA-AYSEN-1-1-768x491.jpg 768w, https:\/\/radiorevelacionfm.cl\/wp-content\/uploads\/2023\/01\/PRISION-PREVENTIVA-AYSEN-1-1-705x451.jpg 705w, https:\/\/radiorevelacionfm.cl\/wp-content\/uploads\/2023\/01\/PRISION-PREVENTIVA-AYSEN-1-1-600x384.jpg 600w\" sizes=\"(max-width: 938px) 100vw, 938px\" \/><\/div><\/div><\/div><\/div><div class=\"flex_column av_one_full  flex_column_div av-zero-column-padding first  avia-builder-el-2  el_after_av_one_full  el_before_av_one_full  column-top-margin\" style='border-radius:0px; '><section class=\"av_textblock_section \"  itemscope=\"itemscope\" itemtype=\"https:\/\/schema.org\/BlogPosting\" itemprop=\"blogPost\" ><div class='avia_textblock  '   itemprop=\"text\" ><p style=\"text-align: center;\"><strong><span style=\"font-size: 18pt;\">Puerto Ays\u00e9n: Sujeto que habr\u00eda abusado y amenazado con motosierra a v\u00edctima queda en prisi\u00f3n preventiva<\/span><\/strong><\/p>\n<div id=\"gtx-trans\" style=\"position: absolute; left: -50px; top: 4.31534px;\">\n<div class=\"gtx-trans-icon\"><\/div>\n<\/div>\n<\/div><\/section><\/div><div class=\"flex_column av_one_full  flex_column_div av-zero-column-padding first  avia-builder-el-4  el_after_av_one_full  el_before_av_hr  column-top-margin\" style='border-radius:0px; '><section class=\"av_textblock_section \"  itemscope=\"itemscope\" itemtype=\"https:\/\/schema.org\/BlogPosting\" itemprop=\"blogPost\" ><div class='avia_textblock  '   itemprop=\"text\" ><p style=\"text-align: justify;\">El violento hecho se registr\u00f3 el pasado 08 de enero 2023, en la comuna de Ays\u00e9n.<\/p>\n<p style=\"text-align: justify;\">De acuerdo a los antecedentes, un hombre fue abusado sexualmente por otro sujeto, el hecho habr\u00eda ocurrido al interior de un veh\u00edculo, en el sector de Bah\u00eda Acantilada, momento en que el imputado le recrimin\u00f3 a la v\u00edctima por haber participado supuestamente de un delito previo contra una mujer.<\/p>\n<p style=\"text-align: justify;\">De acuerdo al propio relato de la Fiscal\u00eda, el imputado oblig\u00f3 a la v\u00edctima a introducirse un objeto directamente por el ano, bajo amenaza de agresi\u00f3n premunido de un arma, en este caso con una motosierra funcionando.<\/p>\n<p style=\"text-align: justify;\">El fiscal, Pedro Poblete, a\u00f1adi\u00f3 que la v\u00edctima es conminada a realizar algo que de otra manera no habr\u00eda hecho, bajo amenaza, trasgrediendo su libertad sexual, hecho que adem\u00e1s qued\u00f3 registrado en videos, pruebas que fueron expuestas en la audiencia de esta tarde.<\/p>\n<p style=\"text-align: justify;\">\u00abEste es un hecho de violencia inusitada, que impacta, no hab\u00eda visto algo as\u00ed antes, no se trata de una cuesti\u00f3n moral sino de una cuesti\u00f3n objetiva, es una conducta de naturaleza sexual, es una conducta que esta dada en un marco de reproche o de castigo\u00bb, se\u00f1al\u00f3 el fiscal Poblete.<\/p>\n<p style=\"text-align: justify;\">Por otra parte, el imputado registra una condena el a\u00f1o 2018 por un delito de lesiones menos grave, oportunidad en la que utiliz\u00f3 un arma de fuego para agredir a otra persona en el marco tambi\u00e9n de una discusi\u00f3n, sostenida en inmediaciones del sector Isla D\u00edaz.<\/p>\n<p style=\"text-align: justify;\">Expuestos los antecedentes en la audiencia, la jueza Illezca decret\u00f3 la prisi\u00f3n preventiva para el imputado, y fij\u00f3 un plazo de 60 d\u00edas para la investigaci\u00f3n.<\/p>\n<\/div><\/section><\/div><div  style='height:50px' class='hr hr-invisible   avia-builder-el-6  el_after_av_one_full  el_before_av_social_share '><span class='hr-inner ' ><span class='hr-inner-style'><\/span><\/span><\/div><\/p>\n<div  class='av-social-sharing-box  avia-builder-el-7  el_after_av_hr  el_before_av_hr  '><div class='av-share-box'><h5 class='av-share-link-description av-no-toc '>Compartir esta noticia<\/h5><ul class='av-share-box-list noLightbox'><li class='av-share-link av-social-link-facebook' ><a target=\"_blank\" aria-label=\"Compartir en Facebook\" href='https:\/\/www.facebook.com\/sharer.php?u=https:\/\/radiorevelacionfm.cl\/?p=26596&#038;t=Puerto%20Ays%C3%A9n%3A%20Sujeto%20que%20habr%C3%ADa%20abusado%20y%20amenazado%20con%20motosierra%20a%20v%C3%ADctima%20queda%20en%20prisi%C3%B3n%20preventiva' aria-hidden='false' data-av_icon='\ue8f3' data-av_iconfont='entypo-fontello' title='' data-avia-related-tooltip='Compartir en Facebook' rel=\"noopener\"><span class='avia_hidden_link_text'>Compartir en Facebook<\/span><\/a><\/li><li class='av-share-link av-social-link-twitter' ><a target=\"_blank\" aria-label=\"Compartir en Twitter\" href='https:\/\/twitter.com\/share?text=Puerto%20Ays%C3%A9n%3A%20Sujeto%20que%20habr%C3%ADa%20abusado%20y%20amenazado%20con%20motosierra%20a%20v%C3%ADctima%20queda%20en%20prisi%C3%B3n%20preventiva&#038;url=https:\/\/radiorevelacionfm.cl\/?p=26596' aria-hidden='false' data-av_icon='\ue8f1' data-av_iconfont='entypo-fontello' title='' data-avia-related-tooltip='Compartir en Twitter' rel=\"noopener\"><span class='avia_hidden_link_text'>Compartir en Twitter<\/span><\/a><\/li><li class='av-share-link av-social-link-whatsapp' ><a target=\"_blank\" aria-label=\"Compartir en Whatsapp\" href='https:\/\/api.whatsapp.com\/send?text=https:\/\/radiorevelacionfm.cl\/?p=26596' aria-hidden='false' data-av_icon='\uf232' data-av_iconfont='entypo-fontello' title='' data-avia-related-tooltip='Compartir en Whatsapp' rel=\"noopener\"><span class='avia_hidden_link_text'>Compartir en Whatsapp<\/span><\/a><\/li><li class='av-share-link av-social-link-linkedin' ><a target=\"_blank\" aria-label=\"Compartir en LinkedIn\" href='https:\/\/linkedin.com\/shareArticle?mini=true&#038;title=Puerto%20Ays%C3%A9n%3A%20Sujeto%20que%20habr%C3%ADa%20abusado%20y%20amenazado%20con%20motosierra%20a%20v%C3%ADctima%20queda%20en%20prisi%C3%B3n%20preventiva&#038;url=https:\/\/radiorevelacionfm.cl\/?p=26596' aria-hidden='false' data-av_icon='\ue8fc' data-av_iconfont='entypo-fontello' title='' data-avia-related-tooltip='Compartir en LinkedIn' rel=\"noopener\"><span class='avia_hidden_link_text'>Compartir en LinkedIn<\/span><\/a><\/li><li class='av-share-link av-social-link-mail' ><a  aria-label=\"Compartir por correo\" href='mailto:?subject=Puerto%20Ays%C3%A9n%3A%20Sujeto%20que%20habr%C3%ADa%20abusado%20y%20amenazado%20con%20motosierra%20a%20v%C3%ADctima%20queda%20en%20prisi%C3%B3n%20preventiva&#038;body=https:\/\/radiorevelacionfm.cl\/?p=26596' aria-hidden='false' data-av_icon='\ue805' data-av_iconfont='entypo-fontello' title='' data-avia-related-tooltip='Compartir por correo'><span class='avia_hidden_link_text'>Compartir por correo<\/span><\/a><\/li><\/ul><\/div><\/div>\n<div  style='height:50px' class='hr hr-invisible   avia-builder-el-8  el_after_av_social_share  el_before_av_comments_list '><span class='hr-inner ' ><span class='hr-inner-style'><\/span><\/span><\/div>\n<div  class='av-buildercomment  av-blog-meta-html-info-disabled av-blog-meta-tag-disabled  '><\/div>\n","protected":false},"excerpt":{"rendered":"","protected":false},"author":1,"featured_media":26597,"comment_status":"open","ping_status":"open","sticky":false,"template":"","format":"standard","meta":{"footnotes":""},"categories":[36],"tags":[],"class_list":["post-26596","post","type-post","status-publish","format-standard","has-post-thumbnail","hentry","category-policial"],"jetpack_featured_media_url":"https:\/\/radiorevelacionfm.cl\/wp-content\/uploads\/2023\/01\/PRISION-PREVENTIVA-AYSEN-1-1.jpg","_links":{"self":[{"href":"https:\/\/radiorevelacionfm.cl\/index.php?rest_route=\/wp\/v2\/posts\/26596","targetHints":{"allow":["GET"]}}],"collection":[{"href":"https:\/\/radiorevelacionfm.cl\/index.php?rest_route=\/wp\/v2\/posts"}],"about":[{"href":"https:\/\/radiorevelacionfm.cl\/index.php?rest_route=\/wp\/v2\/types\/post"}],"author":[{"embeddable":true,"href":"https:\/\/radiorevelacionfm.cl\/index.php?rest_route=\/wp\/v2\/users\/1"}],"replies":[{"embeddable":true,"href":"https:\/\/radiorevelacionfm.cl\/index.php?rest_route=%2Fwp%2Fv2%2Fcomments&post=26596"}],"version-history":[{"count":2,"href":"https:\/\/radiorevelacionfm.cl\/index.php?rest_route=\/wp\/v2\/posts\/26596\/revisions"}],"predecessor-version":[{"id":26599,"href":"https:\/\/radiorevelacionfm.cl\/index.php?rest_route=\/wp\/v2\/posts\/26596\/revisions\/26599"}],"wp:featuredmedia":[{"embeddable":true,"href":"https:\/\/radiorevelacionfm.cl\/index.php?rest_route=\/wp\/v2\/media\/26597"}],"wp:attachment":[{"href":"https:\/\/radiorevelacionfm.cl\/index.php?rest_route=%2Fwp%2Fv2%2Fmedia&parent=26596"}],"wp:term":[{"taxonomy":"category","embeddable":true,"href":"https:\/\/radiorevelacionfm.cl\/index.php?rest_route=%2Fwp%2Fv2%2Fcategories&post=26596"},{"taxonomy":"post_tag","embeddable":true,"href":"https:\/\/radiorevelacionfm.cl\/index.php?rest_route=%2Fwp%2Fv2%2Ftags&post=26596"}],"curies":[{"name":"wp","href":"https:\/\/api.w.org\/{rel}","templated":true}]}}