{"id":26591,"date":"2023-01-13T17:02:29","date_gmt":"2023-01-13T20:02:29","guid":{"rendered":"https:\/\/radiorevelacionfm.cl\/?p=26591"},"modified":"2023-01-13T17:02:29","modified_gmt":"2023-01-13T20:02:29","slug":"gobierno-tiene-buenas-expectativas-para-la-temporada-estival-en-la-region-esperamos-resultados-similares-a-la-temporada-2019","status":"publish","type":"post","link":"https:\/\/radiorevelacionfm.cl\/?p=26591","title":{"rendered":"Gobierno tiene buenas expectativas para la temporada estival en la regi\u00f3n: \u00abEsperamos resultados similares a la temporada 2019\u00bb"},"content":{"rendered":"<div class=\"flex_column av_one_full  flex_column_div av-zero-column-padding first  avia-builder-el-0  el_before_av_one_full  avia-builder-el-first  \" style='border-radius:0px; '><div  class='avia-image-container  av-styling-    avia-builder-el-1  avia-builder-el-no-sibling  avia-align-center '  itemprop=\"image\" itemscope=\"itemscope\" itemtype=\"https:\/\/schema.org\/ImageObject\"  ><div class='avia-image-container-inner'><div class='avia-image-overlay-wrap'><img decoding=\"async\" class='wp-image-26592 avia-img-lazy-loading-not-26592 avia_image' src=\"https:\/\/radiorevelacionfm.cl\/wp-content\/uploads\/2023\/01\/foto-2-28-1_optimized.jpeg\" alt='' title='foto-2-(28)-(1)_optimized' height=\"600\" width=\"702\"  itemprop=\"thumbnailUrl\" srcset=\"https:\/\/radiorevelacionfm.cl\/wp-content\/uploads\/2023\/01\/foto-2-28-1_optimized.jpeg 702w, https:\/\/radiorevelacionfm.cl\/wp-content\/uploads\/2023\/01\/foto-2-28-1_optimized-300x256.jpeg 300w, https:\/\/radiorevelacionfm.cl\/wp-content\/uploads\/2023\/01\/foto-2-28-1_optimized-600x513.jpeg 600w\" sizes=\"(max-width: 702px) 100vw, 702px\" \/><\/div><\/div><\/div><\/div><div class=\"flex_column av_one_full  flex_column_div av-zero-column-padding first  avia-builder-el-2  el_after_av_one_full  el_before_av_one_full  column-top-margin\" style='border-radius:0px; '><section class=\"av_textblock_section \"  itemscope=\"itemscope\" itemtype=\"https:\/\/schema.org\/BlogPosting\" itemprop=\"blogPost\" ><div class='avia_textblock  '   itemprop=\"text\" ><p style=\"text-align: center;\"><span style=\"font-size: 18pt;\"><b>Gobierno tiene buenas expectativas para la temporada estival en la regi\u00f3n:\u00a0<\/b><b>\u00abEsperamos resultados similares a la temporada 2019\u00bb<\/b><\/span><\/p>\n<div id=\"gtx-trans\" style=\"position: absolute; left: -50px; top: 4.31534px;\">\n<div class=\"gtx-trans-icon\"><\/div>\n<\/div>\n<\/div><\/section><\/div><div class=\"flex_column av_one_full  flex_column_div av-zero-column-padding first  avia-builder-el-4  el_after_av_one_full  el_before_av_hr  column-top-margin\" style='border-radius:0px; '><section class=\"av_textblock_section \"  itemscope=\"itemscope\" itemtype=\"https:\/\/schema.org\/BlogPosting\" itemprop=\"blogPost\" ><div class='avia_textblock  '   itemprop=\"text\" ><div>\n<p class=\"v1MsoNormal\" style=\"text-align: justify;\">La Seremi de Gobierno de Ays\u00e9n Tatiana Pl\u00e1 \u00c1lvarez, afirm\u00f3 que el Gobierno en la regi\u00f3n tiene buenas expectativas sobre la temporada veraniega del a\u00f1o en curso, indicando que si bien en la actualidad existen factores externos que afectan la seguridad econ\u00f3mica, como la inflaci\u00f3n, seguridad alimentaria y crisis energ\u00e9tica, el fin de las restricciones asociadas al Virus del Covid-19 podr\u00eda contribuir a la reactivaci\u00f3n de la industria del turismo local.<\/p>\n<p class=\"v1MsoNormal\" style=\"text-align: justify;\">\u00abEstamos trabajando para construir un mejor pa\u00eds y avanzando para tener un mejor futuro, por eso hoy podemos mencionar la Reforma Tributaria, Copago Cero en la Red P\u00fablica de Salud, el Alza hist\u00f3rica al Sueldo M\u00ednimo y subsidio a MiPymes, entre otros. Pero adem\u00e1s, para nuestro Gobierno, la reactivaci\u00f3n del turismo es fundamental porque contribuye a la recuperaci\u00f3n econ\u00f3mica del pa\u00eds, sobre todo si consideramos que este sector genera el 6,5% de los empleos a nivel nacional\u00bb, asegur\u00f3.<\/p>\n<p class=\"v1MsoNormal\" style=\"text-align: justify;\">En este sentido, la portavoz destac\u00f3, a modo de ejemplo, que con la finalidad de potenciar a las empresas del rubro, desde turismo se ha realizado un trabajo intersectorial con Transportes y Econom\u00eda, junto a la regi\u00f3n de Los Lagos, para mejorar la Ruta Bimodal, lo que ha reforzado mediante la campa\u00f1a #PlanificaTuViaje y el sitio\u00a0<a href=\"https:\/\/aysenpatagonia.cl\/aysen-patagonia\/pdf\/mapa-accesos.pdf\" target=\"_blank\" rel=\"noopener noreferrer\">https:\/\/aysenpatagonia.cl\/aysen-patagonia\/pdf\/mapa-accesos.pdf<\/a>.<\/p>\n<p class=\"v1MsoNormal\" style=\"text-align: justify;\">\u00abDesde que asumimos en marzo del a\u00f1o, pasado hemos estado haciendo esfuerzos para poder apoyar a los sectores y grupos m\u00e1s vulnerables, que son los m\u00e1s afectados con la inflaci\u00f3n, como turismo, cultura, barios comerciales y el empleo femenino\u00bb, indic\u00f3 la vocera, precisando que \u00absabemos que tenemos que crecer, y sabemos tambi\u00e9n que el turismo es una industria verde que emplea, principalmente -y m\u00e1s que el promedio- a mujeres, que es una industria que desarrolla tambi\u00e9n la cultura y que, por lo tanto, queremos consolidar\u00bb.<\/p>\n<p class=\"v1MsoNormal\" style=\"text-align: justify;\">\u00abPor eso, cuando dimos a conocer el Plan Chile Apoya, relevamos el aumento de la cobertura de los programas de Corfo y Sercotec, donde se inyectaran recursos suplementarios por aproximadamente por 60 mil millones de pesos para poder aumentar los programas de apoyo a la reactivaci\u00f3n\u00bb, indic\u00f3 Tatiana Pl\u00e1.<\/p>\n<p class=\"v1MsoNormal\" style=\"text-align: justify;\">En tanto, la Directora (s) de Turismo en la regi\u00f3n, Sandra Navarro coincide al se\u00f1alar que se espera una buena temporada para los recintos de alojamiento y los tour operadores, ya que llegar\u00edan hasta la regi\u00f3n m\u00e1s turistas extranjeros que en la temporada anterior, \u00abque vienen de localidades que tienen econom\u00edas m\u00e1s fuertes y estables\u00a0 y con buenos \u00edndices de desarrollo.\u00bb<\/p>\n<p class=\"v1MsoNormal\" style=\"text-align: justify;\">\u00abHay que considerar tambi\u00e9n que el 70 por ciento de los turistas que llegan a nuestra regi\u00f3n son nacionales\u00a0 y su decisi\u00f3n de viajar o no dependen del valor de los pasajes, pero adem\u00e1s, y este es un punto a destacar, es que a la fecha est\u00e1n abiertos casi todos nuestros pasos fronterizos\u00bb, concluy\u00f3.<\/p>\n<\/div>\n<div style=\"text-align: justify;\"><\/div>\n<\/div><\/section><\/div><div  style='height:50px' class='hr hr-invisible   avia-builder-el-6  el_after_av_one_full  el_before_av_social_share '><span class='hr-inner ' ><span class='hr-inner-style'><\/span><\/span><\/div><\/p>\n<div  class='av-social-sharing-box  avia-builder-el-7  el_after_av_hr  el_before_av_hr  '><div class='av-share-box'><h5 class='av-share-link-description av-no-toc '>Compartir esta noticia<\/h5><ul class='av-share-box-list noLightbox'><li class='av-share-link av-social-link-facebook' ><a target=\"_blank\" aria-label=\"Compartir en Facebook\" href='https:\/\/www.facebook.com\/sharer.php?u=https:\/\/radiorevelacionfm.cl\/?p=26591&#038;t=Gobierno%20tiene%20buenas%20expectativas%20para%20la%20temporada%20estival%20en%20la%20regi%C3%B3n%3A%20%C2%ABEsperamos%20resultados%20similares%20a%20la%20temporada%202019%C2%BB' aria-hidden='false' data-av_icon='\ue8f3' data-av_iconfont='entypo-fontello' title='' data-avia-related-tooltip='Compartir en Facebook' rel=\"noopener\"><span class='avia_hidden_link_text'>Compartir en Facebook<\/span><\/a><\/li><li class='av-share-link av-social-link-twitter' ><a target=\"_blank\" aria-label=\"Compartir en Twitter\" href='https:\/\/twitter.com\/share?text=Gobierno%20tiene%20buenas%20expectativas%20para%20la%20temporada%20estival%20en%20la%20regi%C3%B3n%3A%20%C2%ABEsperamos%20resultados%20similares%20a%20la%20temporada%202019%C2%BB&#038;url=https:\/\/radiorevelacionfm.cl\/?p=26591' aria-hidden='false' data-av_icon='\ue8f1' data-av_iconfont='entypo-fontello' title='' data-avia-related-tooltip='Compartir en Twitter' rel=\"noopener\"><span class='avia_hidden_link_text'>Compartir en Twitter<\/span><\/a><\/li><li class='av-share-link av-social-link-whatsapp' ><a target=\"_blank\" aria-label=\"Compartir en Whatsapp\" href='https:\/\/api.whatsapp.com\/send?text=https:\/\/radiorevelacionfm.cl\/?p=26591' aria-hidden='false' data-av_icon='\uf232' data-av_iconfont='entypo-fontello' title='' data-avia-related-tooltip='Compartir en Whatsapp' rel=\"noopener\"><span class='avia_hidden_link_text'>Compartir en Whatsapp<\/span><\/a><\/li><li class='av-share-link av-social-link-linkedin' ><a target=\"_blank\" aria-label=\"Compartir en LinkedIn\" href='https:\/\/linkedin.com\/shareArticle?mini=true&#038;title=Gobierno%20tiene%20buenas%20expectativas%20para%20la%20temporada%20estival%20en%20la%20regi%C3%B3n%3A%20%C2%ABEsperamos%20resultados%20similares%20a%20la%20temporada%202019%C2%BB&#038;url=https:\/\/radiorevelacionfm.cl\/?p=26591' aria-hidden='false' data-av_icon='\ue8fc' data-av_iconfont='entypo-fontello' title='' data-avia-related-tooltip='Compartir en LinkedIn' rel=\"noopener\"><span class='avia_hidden_link_text'>Compartir en LinkedIn<\/span><\/a><\/li><li class='av-share-link av-social-link-mail' ><a  aria-label=\"Compartir por correo\" href='mailto:?subject=Gobierno%20tiene%20buenas%20expectativas%20para%20la%20temporada%20estival%20en%20la%20regi%C3%B3n%3A%20%C2%ABEsperamos%20resultados%20similares%20a%20la%20temporada%202019%C2%BB&#038;body=https:\/\/radiorevelacionfm.cl\/?p=26591' aria-hidden='false' data-av_icon='\ue805' data-av_iconfont='entypo-fontello' title='' data-avia-related-tooltip='Compartir por correo'><span class='avia_hidden_link_text'>Compartir por correo<\/span><\/a><\/li><\/ul><\/div><\/div>\n<div  style='height:50px' class='hr hr-invisible   avia-builder-el-8  el_after_av_social_share  el_before_av_comments_list '><span class='hr-inner ' ><span class='hr-inner-style'><\/span><\/span><\/div>\n<div  class='av-buildercomment  av-blog-meta-html-info-disabled av-blog-meta-tag-disabled  '><\/div>\n","protected":false},"excerpt":{"rendered":"","protected":false},"author":1,"featured_media":26592,"comment_status":"open","ping_status":"open","sticky":false,"template":"","format":"standard","meta":{"footnotes":""},"categories":[38],"tags":[],"class_list":["post-26591","post","type-post","status-publish","format-standard","has-post-thumbnail","hentry","category-regional"],"jetpack_featured_media_url":"https:\/\/radiorevelacionfm.cl\/wp-content\/uploads\/2023\/01\/foto-2-28-1_optimized.jpeg","_links":{"self":[{"href":"https:\/\/radiorevelacionfm.cl\/index.php?rest_route=\/wp\/v2\/posts\/26591","targetHints":{"allow":["GET"]}}],"collection":[{"href":"https:\/\/radiorevelacionfm.cl\/index.php?rest_route=\/wp\/v2\/posts"}],"about":[{"href":"https:\/\/radiorevelacionfm.cl\/index.php?rest_route=\/wp\/v2\/types\/post"}],"author":[{"embeddable":true,"href":"https:\/\/radiorevelacionfm.cl\/index.php?rest_route=\/wp\/v2\/users\/1"}],"replies":[{"embeddable":true,"href":"https:\/\/radiorevelacionfm.cl\/index.php?rest_route=%2Fwp%2Fv2%2Fcomments&post=26591"}],"version-history":[{"count":2,"href":"https:\/\/radiorevelacionfm.cl\/index.php?rest_route=\/wp\/v2\/posts\/26591\/revisions"}],"predecessor-version":[{"id":26594,"href":"https:\/\/radiorevelacionfm.cl\/index.php?rest_route=\/wp\/v2\/posts\/26591\/revisions\/26594"}],"wp:featuredmedia":[{"embeddable":true,"href":"https:\/\/radiorevelacionfm.cl\/index.php?rest_route=\/wp\/v2\/media\/26592"}],"wp:attachment":[{"href":"https:\/\/radiorevelacionfm.cl\/index.php?rest_route=%2Fwp%2Fv2%2Fmedia&parent=26591"}],"wp:term":[{"taxonomy":"category","embeddable":true,"href":"https:\/\/radiorevelacionfm.cl\/index.php?rest_route=%2Fwp%2Fv2%2Fcategories&post=26591"},{"taxonomy":"post_tag","embeddable":true,"href":"https:\/\/radiorevelacionfm.cl\/index.php?rest_route=%2Fwp%2Fv2%2Ftags&post=26591"}],"curies":[{"name":"wp","href":"https:\/\/api.w.org\/{rel}","templated":true}]}}