{"id":26586,"date":"2023-01-13T19:10:12","date_gmt":"2023-01-13T22:10:12","guid":{"rendered":"https:\/\/radiorevelacionfm.cl\/?p=26586"},"modified":"2023-01-13T19:10:12","modified_gmt":"2023-01-13T22:10:12","slug":"instituciones-relacionadas-a-las-ciencias-participaron-en-curso-de-alfabetizacion-en-genero","status":"publish","type":"post","link":"https:\/\/radiorevelacionfm.cl\/?p=26586","title":{"rendered":"Instituciones relacionadas a las ciencias participaron en curso de alfabetizaci\u00f3n en g\u00e9nero"},"content":{"rendered":"<div class=\"flex_column av_one_full  flex_column_div av-zero-column-padding first  avia-builder-el-0  el_before_av_one_full  avia-builder-el-first  \" style='border-radius:0px; '><div  class='avia-image-container  av-styling-    avia-builder-el-1  avia-builder-el-no-sibling  avia-align-center '  itemprop=\"image\" itemscope=\"itemscope\" itemtype=\"https:\/\/schema.org\/ImageObject\"  ><div class='avia-image-container-inner'><div class='avia-image-overlay-wrap'><img decoding=\"async\" class='wp-image-26587 avia-img-lazy-loading-not-26587 avia_image' src=\"https:\/\/radiorevelacionfm.cl\/wp-content\/uploads\/2023\/01\/Curso-Genero-Aysen-1-1.jpeg\" alt='' title='Curso G\u00e9nero Ays\u00e9n (1) (1)' height=\"600\" width=\"799\"  itemprop=\"thumbnailUrl\" srcset=\"https:\/\/radiorevelacionfm.cl\/wp-content\/uploads\/2023\/01\/Curso-Genero-Aysen-1-1.jpeg 799w, https:\/\/radiorevelacionfm.cl\/wp-content\/uploads\/2023\/01\/Curso-Genero-Aysen-1-1-300x225.jpeg 300w, https:\/\/radiorevelacionfm.cl\/wp-content\/uploads\/2023\/01\/Curso-Genero-Aysen-1-1-768x577.jpeg 768w, https:\/\/radiorevelacionfm.cl\/wp-content\/uploads\/2023\/01\/Curso-Genero-Aysen-1-1-705x529.jpeg 705w, https:\/\/radiorevelacionfm.cl\/wp-content\/uploads\/2023\/01\/Curso-Genero-Aysen-1-1-600x451.jpeg 600w\" sizes=\"(max-width: 799px) 100vw, 799px\" \/><\/div><\/div><\/div><\/div><div class=\"flex_column av_one_full  flex_column_div av-zero-column-padding first  avia-builder-el-2  el_after_av_one_full  el_before_av_one_full  column-top-margin\" style='border-radius:0px; '><section class=\"av_textblock_section \"  itemscope=\"itemscope\" itemtype=\"https:\/\/schema.org\/BlogPosting\" itemprop=\"blogPost\" ><div class='avia_textblock  '   itemprop=\"text\" ><p class=\"v1MsoNormal\" style=\"text-align: center;\"><span style=\"font-size: 18pt;\"><b><span lang=\"es\">Instituciones relacionadas a las ciencias participaron en curso de alfabetizaci\u00f3n en g\u00e9nero<\/span><\/b><\/span><b><\/b><\/p>\n<p class=\"v1MsoNormal\"><i><span lang=\"es\">\u00a0<\/span><\/i><\/p>\n<div id=\"gtx-trans\" style=\"position: absolute; left: -50px; top: 4.31534px;\">\n<div class=\"gtx-trans-icon\"><\/div>\n<\/div>\n<\/div><\/section><\/div><div class=\"flex_column av_one_full  flex_column_div av-zero-column-padding first  avia-builder-el-4  el_after_av_one_full  el_before_av_hr  column-top-margin\" style='border-radius:0px; '><section class=\"av_textblock_section \"  itemscope=\"itemscope\" itemtype=\"https:\/\/schema.org\/BlogPosting\" itemprop=\"blogPost\" ><div class='avia_textblock  '   itemprop=\"text\" ><p class=\"v1MsoNormal\" style=\"text-align: justify;\"><span lang=\"es\">Enfocado a personas que ocupan cargos directivos y a las representantes de g\u00e9nero de las instituciones generadoras de conocimiento de la macrozona austral, el seminario \u00abAlfabetizaci\u00f3n en G\u00e9nero y Pol\u00edticas de Educaci\u00f3n Superior e Investigaci\u00f3n\u00bb -realizado durante diciembre- abord\u00f3 la importancia de la formaci\u00f3n en perspectivas de g\u00e9nero para la investigaci\u00f3n y toma de decisiones institucionales, las distintas perspectivas sobre g\u00e9nero disponibles, identificando y explicando los efectos de la perspectiva normativa de g\u00e9nero, las consecuencias y su impacto en la investigaci\u00f3n y en el dise\u00f1o de pol\u00edticas p\u00fablicas.<\/span><\/p>\n<p class=\"v1MsoNormal\" style=\"text-align: justify;\"><span lang=\"es\">Sumado a la conformaci\u00f3n de la Mesa de G\u00e9nero de la Macrozona Austral en 2020, y a la realizaci\u00f3n de un conversatorio donde se visibiliz\u00f3 las brechas desde una mirada macrozonal, este seminario es una de las acciones con las que se espera continuar trabajando en esta tem\u00e1tica, as\u00ed lo indic\u00f3 la seremi de Ciencia, Ver\u00f3nica Vallejos. \u00abSomos un gobierno feminista y tenemos una agenda muy nutrida en lo que a g\u00e9nero se refiere. La relevancia de capacitarse en esta materia responde por lo menos a dos demandas actuales, la primera es la implementaci\u00f3n de la Ley N\u00b021.369, que implica un cambio cultural a nivel institucional y, la segunda, el actual requerimiento de responder y justificar el uso de sexo y g\u00e9nero en las publicaciones y propuestas de investigaci\u00f3n\u00bb.<\/span><\/p>\n<p class=\"v1MsoNormal\" style=\"text-align: justify;\"><span lang=\"es\">Adem\u00e1s, indic\u00f3 que esta iniciativa \u00abviene a complementar un trabajo pr\u00e1ctico que realizamos con las representantes de la Mesa de G\u00e9nero, donde aplicamos la parte cualitativa del Modelo de Madurez del proyecto Huella de G\u00e9nero, herramienta basada en indicadores que permite que las instituciones puedan evaluarse y conocer cu\u00e1nto han avanzado hacia una igualdad\u00bb.<\/span><\/p>\n<p class=\"v1MsoNormal\" style=\"text-align: justify;\"><span lang=\"es\">La seremi de la Mujer y la Equidad de G\u00e9nero, Andrea M\u00e9ndez, explic\u00f3 que las brechas, barreras e inequidades habitan en diferentes espacios y se reproducen de diversas maneras pero que, en el \u00e1mbito de producci\u00f3n del conocimiento, no siempre son evidentes. \u00abLa trayectoria hist\u00f3rica de las ciencias ha tendido a reconocer y valorar, fundamentalmente, las perspectivas masculinas. Esto implica que se ha tendido a leer e interpretar el mundo excluyentemente desde un punto de vista. En consecuencia, generar procesos de reflexi\u00f3n y formaci\u00f3n con personas tomadoras de decisiones de instituciones claves a nivel regional constituye un ejercicio fundamental para redireccionar y redemocratizar nuestras formas de aprender\u00bb.<\/span><\/p>\n<p class=\"v1MsoNormal\" style=\"text-align: justify;\"><b><span lang=\"es\">Dise\u00f1o de pol\u00edticas institucionales con perspectiva de g\u00e9nero<\/span><\/b><b><\/b><\/p>\n<p class=\"v1MsoNormal\" style=\"text-align: justify;\"><span lang=\"es\">Dictado por la Dra. Claudia Matus, Directora del Centro de Justicia Educacional y acad\u00e9mica de la Pontificia Universidad Cat\u00f3lica, durante los dos d\u00edas que dur\u00f3 el seminario se abord\u00f3 la importancia de la formaci\u00f3n en g\u00e9nero para la investigaci\u00f3n y toma de decisiones institucionales, haciendo una revisi\u00f3n de las distintas perspectivas existentes e identificando y explicando sus efectos e impactos en la investigaci\u00f3n y en el dise\u00f1o de pol\u00edticas p\u00fablicas.<\/span><\/p>\n<p class=\"v1MsoNormal\" style=\"text-align: justify;\"><span lang=\"es\">La acad\u00e9mica coment\u00f3 que el taller se enfoc\u00f3 en c\u00f3mo el g\u00e9nero es relevante para la investigaci\u00f3n y la toma de decisiones institucionales, m\u00e1s all\u00e1 del tema de sesgos y prejuicios, y que hoy es necesario comprender que incluir una perspectiva de g\u00e9nero en la investigaci\u00f3n es m\u00e1s que problematizar el lugar de la mujer en la ciencia o enfocarse en los roles de g\u00e9nero.<\/span><\/p>\n<p class=\"v1MsoNormal\" style=\"text-align: justify;\"><span lang=\"es\">\u00abQuisimos ir un poco m\u00e1s all\u00e1 y transformar la manera que tenemos de reconocer g\u00e9nero y comprender las consecuencias de usar diferentes perspectivas. Abordamos la tem\u00e1tica desde la epistemolog\u00eda, no desde el plano de la sensibilizaci\u00f3n ni el de mostrar el problema de los n\u00fameros donde hist\u00f3ricamente las mujeres han sido devaluadas, sino que es m\u00e1s bien decir c\u00f3mo en la ciencia, en la investigaci\u00f3n, se reproduce la norma binaria de g\u00e9nero con las consecuencias que eso tiene hoy d\u00eda, a prop\u00f3sito de violencia, discriminaci\u00f3n, remuneraciones diferenciadas, las disciplinas y los trabajos generizados, etc\u00e9tera\u00bb.<\/span><\/p>\n<p class=\"v1MsoNormal\" style=\"text-align: justify;\"><span lang=\"es\">Matus destac\u00f3 el empuje que ha hecho la Seremi de Ciencia para trabajar este tema \u00aben serio\u00bb, considerando todas las sensibilidades que se ponen en juego. \u00abValoro el esfuerzo que se ha hecho por reunir a diversas universidades y centros de investigaci\u00f3n, en un curso que hemos definido que debe ser presencial. Adem\u00e1s, cuando rescato el trabajar el tema en serio me refiero a que este es un conocimiento especializado cuando nos referimos a investigaci\u00f3n. Hoy estamos llamados a justificar el uso de g\u00e9nero en la investigaci\u00f3n y por lo tanto debemos prepararnos para estas demandas con el fin de avanzar de la mejor manera en relaci\u00f3n a la desigualdad que se puede producir en la investigaci\u00f3n\u00bb.<\/span><\/p>\n<p class=\"v1MsoNormal\" style=\"text-align: justify;\"><b><span lang=\"es\">Percepci\u00f3n de los asistentes<\/span><\/b><\/p>\n<p class=\"v1MsoNormal\" style=\"text-align: justify;\"><span lang=\"es\">Al curso asistieron 30 personas pertenecientes a diez instituciones generadoras de conocimiento de las regiones de Ays\u00e9n y de Magallanes y de la Ant\u00e1rtica Chilena.<\/span><\/p>\n<p class=\"v1MsoNormal\" style=\"text-align: justify;\"><span lang=\"es\">M\u00f3nica Mora, docente del Campus Patagonia de la Universidad Austral de Chile, coment\u00f3 que el curso fue bastante interesante porque se compartieron experiencias de g\u00e9nero en el contexto de las universidades y la Investigaci\u00f3n, lo que resulta relevante para avanzar en la instalaci\u00f3n de pol\u00edticas de g\u00e9nero que permitan vislumbrar avances. \u00abMi reflexi\u00f3n es que, para lograr cambios estructurales en esta materia, donde ha prevalecido un orden patriarcal, se debe avanzar desde los compromisos hacia la disposici\u00f3n de todas nuestras capacidades\u00bb.<\/span><\/p>\n<p class=\"v1MsoNormal\" style=\"text-align: justify;\"><span lang=\"es\">\u00abEl sistema CTCI arrastra brechas de g\u00e9nero de largo plazo que en \u00e9pocas actuales son insostenibles\u00bb, indic\u00f3\u00a0Alexis Catal\u00e1n, investigador del Centro de Investigaci\u00f3n en Ecosistemas de la Patagonia (CIEP), quien explic\u00f3 que el taller\u00a0mostr\u00f3 que hablar de paridad de g\u00e9nero es el \u00abpiso m\u00ednimo\u00bb para poder avanzar en el problema de fondo, que es el paradigma binario de g\u00e9nero. \u00abA nivel institucional, el taller fue de gran orientaci\u00f3n para repensar c\u00f3mo hemos abordado la pol\u00edtica de g\u00e9nero en el CIEP. Actualmente, estamos trabajando en la modificaci\u00f3n de nuestros estatutos, donde esperamos aplicar todo lo aprendido en el curso\u00bb.<\/span><\/p>\n<div style=\"text-align: justify;\"><\/div>\n<\/div><\/section><\/div><div  style='height:50px' class='hr hr-invisible   avia-builder-el-6  el_after_av_one_full  el_before_av_social_share '><span class='hr-inner ' ><span class='hr-inner-style'><\/span><\/span><\/div><\/p>\n<div  class='av-social-sharing-box  avia-builder-el-7  el_after_av_hr  el_before_av_hr  '><div class='av-share-box'><h5 class='av-share-link-description av-no-toc '>Compartir esta noticia<\/h5><ul class='av-share-box-list noLightbox'><li class='av-share-link av-social-link-facebook' ><a target=\"_blank\" aria-label=\"Compartir en Facebook\" href='https:\/\/www.facebook.com\/sharer.php?u=https:\/\/radiorevelacionfm.cl\/?p=26586&#038;t=Instituciones%20relacionadas%20a%20las%20ciencias%20participaron%20en%20curso%20de%20alfabetizaci%C3%B3n%20en%20g%C3%A9nero' aria-hidden='false' data-av_icon='\ue8f3' data-av_iconfont='entypo-fontello' title='' data-avia-related-tooltip='Compartir en Facebook' rel=\"noopener\"><span class='avia_hidden_link_text'>Compartir en Facebook<\/span><\/a><\/li><li class='av-share-link av-social-link-twitter' ><a target=\"_blank\" aria-label=\"Compartir en Twitter\" href='https:\/\/twitter.com\/share?text=Instituciones%20relacionadas%20a%20las%20ciencias%20participaron%20en%20curso%20de%20alfabetizaci%C3%B3n%20en%20g%C3%A9nero&#038;url=https:\/\/radiorevelacionfm.cl\/?p=26586' aria-hidden='false' data-av_icon='\ue8f1' data-av_iconfont='entypo-fontello' title='' data-avia-related-tooltip='Compartir en Twitter' rel=\"noopener\"><span class='avia_hidden_link_text'>Compartir en Twitter<\/span><\/a><\/li><li class='av-share-link av-social-link-whatsapp' ><a target=\"_blank\" aria-label=\"Compartir en Whatsapp\" href='https:\/\/api.whatsapp.com\/send?text=https:\/\/radiorevelacionfm.cl\/?p=26586' aria-hidden='false' data-av_icon='\uf232' data-av_iconfont='entypo-fontello' title='' data-avia-related-tooltip='Compartir en Whatsapp' rel=\"noopener\"><span class='avia_hidden_link_text'>Compartir en Whatsapp<\/span><\/a><\/li><li class='av-share-link av-social-link-linkedin' ><a target=\"_blank\" aria-label=\"Compartir en LinkedIn\" href='https:\/\/linkedin.com\/shareArticle?mini=true&#038;title=Instituciones%20relacionadas%20a%20las%20ciencias%20participaron%20en%20curso%20de%20alfabetizaci%C3%B3n%20en%20g%C3%A9nero&#038;url=https:\/\/radiorevelacionfm.cl\/?p=26586' aria-hidden='false' data-av_icon='\ue8fc' data-av_iconfont='entypo-fontello' title='' data-avia-related-tooltip='Compartir en LinkedIn' rel=\"noopener\"><span class='avia_hidden_link_text'>Compartir en LinkedIn<\/span><\/a><\/li><li class='av-share-link av-social-link-mail' ><a  aria-label=\"Compartir por correo\" href='mailto:?subject=Instituciones%20relacionadas%20a%20las%20ciencias%20participaron%20en%20curso%20de%20alfabetizaci%C3%B3n%20en%20g%C3%A9nero&#038;body=https:\/\/radiorevelacionfm.cl\/?p=26586' aria-hidden='false' data-av_icon='\ue805' data-av_iconfont='entypo-fontello' title='' data-avia-related-tooltip='Compartir por correo'><span class='avia_hidden_link_text'>Compartir por correo<\/span><\/a><\/li><\/ul><\/div><\/div>\n<div  style='height:50px' class='hr hr-invisible   avia-builder-el-8  el_after_av_social_share  el_before_av_comments_list '><span class='hr-inner ' ><span class='hr-inner-style'><\/span><\/span><\/div>\n<div  class='av-buildercomment  av-blog-meta-html-info-disabled av-blog-meta-tag-disabled  '><\/div>\n","protected":false},"excerpt":{"rendered":"","protected":false},"author":1,"featured_media":26587,"comment_status":"open","ping_status":"open","sticky":false,"template":"","format":"standard","meta":{"footnotes":""},"categories":[53],"tags":[],"class_list":["post-26586","post","type-post","status-publish","format-standard","has-post-thumbnail","hentry","category-ciencia"],"jetpack_featured_media_url":"https:\/\/radiorevelacionfm.cl\/wp-content\/uploads\/2023\/01\/Curso-Genero-Aysen-1-1.jpeg","_links":{"self":[{"href":"https:\/\/radiorevelacionfm.cl\/index.php?rest_route=\/wp\/v2\/posts\/26586","targetHints":{"allow":["GET"]}}],"collection":[{"href":"https:\/\/radiorevelacionfm.cl\/index.php?rest_route=\/wp\/v2\/posts"}],"about":[{"href":"https:\/\/radiorevelacionfm.cl\/index.php?rest_route=\/wp\/v2\/types\/post"}],"author":[{"embeddable":true,"href":"https:\/\/radiorevelacionfm.cl\/index.php?rest_route=\/wp\/v2\/users\/1"}],"replies":[{"embeddable":true,"href":"https:\/\/radiorevelacionfm.cl\/index.php?rest_route=%2Fwp%2Fv2%2Fcomments&post=26586"}],"version-history":[{"count":2,"href":"https:\/\/radiorevelacionfm.cl\/index.php?rest_route=\/wp\/v2\/posts\/26586\/revisions"}],"predecessor-version":[{"id":26595,"href":"https:\/\/radiorevelacionfm.cl\/index.php?rest_route=\/wp\/v2\/posts\/26586\/revisions\/26595"}],"wp:featuredmedia":[{"embeddable":true,"href":"https:\/\/radiorevelacionfm.cl\/index.php?rest_route=\/wp\/v2\/media\/26587"}],"wp:attachment":[{"href":"https:\/\/radiorevelacionfm.cl\/index.php?rest_route=%2Fwp%2Fv2%2Fmedia&parent=26586"}],"wp:term":[{"taxonomy":"category","embeddable":true,"href":"https:\/\/radiorevelacionfm.cl\/index.php?rest_route=%2Fwp%2Fv2%2Fcategories&post=26586"},{"taxonomy":"post_tag","embeddable":true,"href":"https:\/\/radiorevelacionfm.cl\/index.php?rest_route=%2Fwp%2Fv2%2Ftags&post=26586"}],"curies":[{"name":"wp","href":"https:\/\/api.w.org\/{rel}","templated":true}]}}