{"id":26583,"date":"2023-01-13T15:29:01","date_gmt":"2023-01-13T18:29:01","guid":{"rendered":"https:\/\/radiorevelacionfm.cl\/?p=26583"},"modified":"2023-01-13T15:29:01","modified_gmt":"2023-01-13T18:29:01","slug":"ayseninos-disfrutaron-de-una-maravillosa-presentacion-de-violonchelista-internacional-matias-de-oliveira","status":"publish","type":"post","link":"https:\/\/radiorevelacionfm.cl\/?p=26583","title":{"rendered":"Ayseninos disfrutaron de una maravillosa presentaci\u00f3n de violonchelista internacional Mat\u00edas de Oliveira"},"content":{"rendered":"<div class=\"flex_column av_one_full  flex_column_div av-zero-column-padding first  avia-builder-el-0  el_before_av_one_full  avia-builder-el-first  \" style='border-radius:0px; '><div  class='avia-image-container  av-styling-    avia-builder-el-1  avia-builder-el-no-sibling  avia-align-center '  itemprop=\"image\" itemscope=\"itemscope\" itemtype=\"https:\/\/schema.org\/ImageObject\"  ><div class='avia-image-container-inner'><div class='avia-image-overlay-wrap'><img decoding=\"async\" class='wp-image-26584 avia-img-lazy-loading-not-26584 avia_image' src=\"https:\/\/radiorevelacionfm.cl\/wp-content\/uploads\/2023\/01\/325435325_1352683098881566_6019235904732115924_n-1_optimized.jpg\" alt='' title='325435325_1352683098881566_6019235904732115924_n-(1)_optimized' height=\"600\" width=\"900\"  itemprop=\"thumbnailUrl\" srcset=\"https:\/\/radiorevelacionfm.cl\/wp-content\/uploads\/2023\/01\/325435325_1352683098881566_6019235904732115924_n-1_optimized.jpg 900w, https:\/\/radiorevelacionfm.cl\/wp-content\/uploads\/2023\/01\/325435325_1352683098881566_6019235904732115924_n-1_optimized-300x200.jpg 300w, https:\/\/radiorevelacionfm.cl\/wp-content\/uploads\/2023\/01\/325435325_1352683098881566_6019235904732115924_n-1_optimized-768x512.jpg 768w, https:\/\/radiorevelacionfm.cl\/wp-content\/uploads\/2023\/01\/325435325_1352683098881566_6019235904732115924_n-1_optimized-705x470.jpg 705w, https:\/\/radiorevelacionfm.cl\/wp-content\/uploads\/2023\/01\/325435325_1352683098881566_6019235904732115924_n-1_optimized-600x400.jpg 600w\" sizes=\"(max-width: 900px) 100vw, 900px\" \/><\/div><\/div><\/div><\/div><div class=\"flex_column av_one_full  flex_column_div av-zero-column-padding first  avia-builder-el-2  el_after_av_one_full  el_before_av_one_full  column-top-margin\" style='border-radius:0px; '><section class=\"av_textblock_section \"  itemscope=\"itemscope\" itemtype=\"https:\/\/schema.org\/BlogPosting\" itemprop=\"blogPost\" ><div class='avia_textblock  '   itemprop=\"text\" ><p style=\"text-align: center;\"><span style=\"font-size: 18pt;\"><strong>Ayseninos disfrutaron de una maravillosa presentaci\u00f3n de violonchelista internacional Mat\u00edas de Oliveira<\/strong><\/span><\/p>\n<div id=\"gtx-trans\" style=\"position: absolute; left: -50px; top: 4.31534px;\">\n<div class=\"gtx-trans-icon\"><\/div>\n<\/div>\n<\/div><\/section><\/div><div class=\"flex_column av_one_full  flex_column_div av-zero-column-padding first  avia-builder-el-4  el_after_av_one_full  el_before_av_hr  column-top-margin\" style='border-radius:0px; '><section class=\"av_textblock_section \"  itemscope=\"itemscope\" itemtype=\"https:\/\/schema.org\/BlogPosting\" itemprop=\"blogPost\" ><div class='avia_textblock  '   itemprop=\"text\" ><p style=\"text-align: justify;\">Un recorrido por la obra del compositor alem\u00e1n, Johann Sebastian Bach, que culmin\u00f3 con la interpretaci\u00f3n de la popular ranchera \u201cmate amargo\u201d, fue la presentaci\u00f3n en Puerto Ays\u00e9n del reconocido concertista brasilero, Mat\u00edas de Oliveira Pinto, acompa\u00f1ado por la destacada m\u00fasica regional, Magdalena Rosas.<\/p>\n<p style=\"text-align: justify;\">Instancia enmarcada en el proyecto \u201cBach en la Ruta Austral\u201d, que por estos d\u00edas tiene a los m\u00fasicos recorriendo las diversas localidades de la regi\u00f3n en esta gira itinerante que busca acercar la cultura a los habitantes de todo Ays\u00e9n.<\/p>\n<p style=\"text-align: justify;\">En este sentido, tras la presentaci\u00f3n -que tuvo lugar en dependencias de la Biblioteca P\u00fablica-, Mat\u00edas De Oliveira se\u00f1al\u00f3 que \u201cfue una linda tarde en este regreso a Puerto Ays\u00e9n, el p\u00fablico muy atento, participativo, respetuoso. Es segunda vez que estoy ac\u00e1 y me siento muy c\u00f3modo. La ciudad me gusta, la gente me gusta, por lo que hacer m\u00fasica aqu\u00ed es maravilloso\u201d.<\/p>\n<p style=\"text-align: justify;\">\u201cEl programa de m\u00fasica en esta comuna, liderado por Patricia Araya, es tremendo, muy completo. Es tan importante la cultura, la m\u00fasica, para el cuerpo y la mente. Para la salud mental, para el estado an\u00edmico, as\u00ed que mis felicitaciones sinceras a la comuna por este gran trabajo con ni\u00f1os y j\u00f3venes ayseninos\u201d, agreg\u00f3 De Oliveira Pinto, quien recorre el mundo dando cuenta de su talento en el instrumento de cuerda.<\/p>\n<p style=\"text-align: justify;\">Ni\u00f1os, j\u00f3venes y adultos hicieron eco del llamado cultural, disfrutando por casi 90 minutos de diversas piezas musicales, a trav\u00e9s de la magistral interpretaci\u00f3n de los dos reconocidos profesores de m\u00fasica y violonchelistas. Concierto que cont\u00f3, adem\u00e1s, con una rica retroalimentaci\u00f3n con el p\u00fablico asistente, quienes pudieron conversar con el brasilero afincado en Alemania, respecto a dudas e inquietudes sobre su vocaci\u00f3n, formaci\u00f3n, experiencia y trayectoria en el \u00e1mbito de la m\u00fasica.<\/p>\n<p style=\"text-align: justify;\">De esta manera, por segundo a\u00f1o consecutivo Ays\u00e9n cuenta con la presencia de De Oliveira Pinto. Visita que el alcalde de la comuna, Julio Uribe Alvarado, agradeci\u00f3 relevando que, sin duda, ser\u00e1 fuente de inspiraci\u00f3n y admiraci\u00f3n para todos los ni\u00f1os y j\u00f3venes que integran la unidad de Orquestas Escolares de la Direcci\u00f3n de Educaci\u00f3n Municipal, liderada por su directora, Patricia Araya, y que en estos \u00faltimos a\u00f1os se ha consolidado como uno de los principales sellos de la educaci\u00f3n aysenina.<\/p>\n<p style=\"text-align: justify;\"><strong>Patagonia Chelo-Fest 2023<\/strong><\/p>\n<p style=\"text-align: justify;\">\u201cContentos de estar nuevamente en Ays\u00e9n, vino mucha gente pese al horario que podr\u00eda resultar complejo por temas laborales, as\u00ed que felices de poder compartir nuestra experiencia, nuestro cari\u00f1o por la m\u00fasica. Este es un gran esfuerzo que realizamos pero con mucho amor\u201d, indic\u00f3 Magdalena Rosas, directora de la escuela de M\u00fasica y Artes Integradas de Coyhaique.<\/p>\n<p style=\"text-align: justify;\">La tambi\u00e9n directora ejecutiva del Festival Internacional de Violonchelos Patagonia Chelo-Fest aprovech\u00f3 de invitar a toda la comunidad para que sea part\u00edcipe del certamen, que tendr\u00e1 lugar durante la \u00faltima semana de enero.<\/p>\n<p style=\"text-align: justify;\">Iniciativa que en esta nueva edici\u00f3n contar\u00e1 con la presentaci\u00f3n de maestros de distintos puntos del orbe, como son Chile, Alemania, Suiza, Espa\u00f1a, Brasil y Jap\u00f3n; en que adem\u00e1s est\u00e1n invitados todos los ni\u00f1os y j\u00f3venes, as\u00ed como quienes aman la m\u00fasica orquestada.<\/p>\n<p style=\"text-align: justify;\">\u201cCon todo el cari\u00f1o del mundo los invitamos a ser parte de Patagonia Chelo-Fest, que este a\u00f1o estar\u00e1 incre\u00edble. Adem\u00e1s de tremendos maestros, tendremos a alumnos de Argentina, Colombia, por supuesto, estar\u00e1n nuestros ni\u00f1os de Ays\u00e9n, Cochrane y Coyhaique. As\u00ed que ser\u00e1 muy entretenido porque se van a encontrar ni\u00f1os de una misma edad, de distintas partes del mundo, y conocer\u00e1n a m\u00fasicos con grandes trayectorias y experiencias. Ser\u00e1 totalmente enriquecedor\u201d, culmin\u00f3 Magdalena Rosas.<\/p>\n<\/div><\/section><\/div><div  style='height:50px' class='hr hr-invisible   avia-builder-el-6  el_after_av_one_full  el_before_av_social_share '><span class='hr-inner ' ><span class='hr-inner-style'><\/span><\/span><\/div><\/p>\n<div  class='av-social-sharing-box  avia-builder-el-7  el_after_av_hr  el_before_av_hr  '><div class='av-share-box'><h5 class='av-share-link-description av-no-toc '>Compartir esta noticia<\/h5><ul class='av-share-box-list noLightbox'><li class='av-share-link av-social-link-facebook' ><a target=\"_blank\" aria-label=\"Compartir en Facebook\" href='https:\/\/www.facebook.com\/sharer.php?u=https:\/\/radiorevelacionfm.cl\/?p=26583&#038;t=Ayseninos%20disfrutaron%20de%20una%20maravillosa%20presentaci%C3%B3n%20de%20violonchelista%20internacional%20Mat%C3%ADas%20de%20Oliveira' aria-hidden='false' data-av_icon='\ue8f3' data-av_iconfont='entypo-fontello' title='' data-avia-related-tooltip='Compartir en Facebook' rel=\"noopener\"><span class='avia_hidden_link_text'>Compartir en Facebook<\/span><\/a><\/li><li class='av-share-link av-social-link-twitter' ><a target=\"_blank\" aria-label=\"Compartir en Twitter\" href='https:\/\/twitter.com\/share?text=Ayseninos%20disfrutaron%20de%20una%20maravillosa%20presentaci%C3%B3n%20de%20violonchelista%20internacional%20Mat%C3%ADas%20de%20Oliveira&#038;url=https:\/\/radiorevelacionfm.cl\/?p=26583' aria-hidden='false' data-av_icon='\ue8f1' data-av_iconfont='entypo-fontello' title='' data-avia-related-tooltip='Compartir en Twitter' rel=\"noopener\"><span class='avia_hidden_link_text'>Compartir en Twitter<\/span><\/a><\/li><li class='av-share-link av-social-link-whatsapp' ><a target=\"_blank\" aria-label=\"Compartir en Whatsapp\" href='https:\/\/api.whatsapp.com\/send?text=https:\/\/radiorevelacionfm.cl\/?p=26583' aria-hidden='false' data-av_icon='\uf232' data-av_iconfont='entypo-fontello' title='' data-avia-related-tooltip='Compartir en Whatsapp' rel=\"noopener\"><span class='avia_hidden_link_text'>Compartir en Whatsapp<\/span><\/a><\/li><li class='av-share-link av-social-link-linkedin' ><a target=\"_blank\" aria-label=\"Compartir en LinkedIn\" href='https:\/\/linkedin.com\/shareArticle?mini=true&#038;title=Ayseninos%20disfrutaron%20de%20una%20maravillosa%20presentaci%C3%B3n%20de%20violonchelista%20internacional%20Mat%C3%ADas%20de%20Oliveira&#038;url=https:\/\/radiorevelacionfm.cl\/?p=26583' aria-hidden='false' data-av_icon='\ue8fc' data-av_iconfont='entypo-fontello' title='' data-avia-related-tooltip='Compartir en LinkedIn' rel=\"noopener\"><span class='avia_hidden_link_text'>Compartir en LinkedIn<\/span><\/a><\/li><li class='av-share-link av-social-link-mail' ><a  aria-label=\"Compartir por correo\" href='mailto:?subject=Ayseninos%20disfrutaron%20de%20una%20maravillosa%20presentaci%C3%B3n%20de%20violonchelista%20internacional%20Mat%C3%ADas%20de%20Oliveira&#038;body=https:\/\/radiorevelacionfm.cl\/?p=26583' aria-hidden='false' data-av_icon='\ue805' data-av_iconfont='entypo-fontello' title='' data-avia-related-tooltip='Compartir por correo'><span class='avia_hidden_link_text'>Compartir por correo<\/span><\/a><\/li><\/ul><\/div><\/div>\n<div  style='height:50px' class='hr hr-invisible   avia-builder-el-8  el_after_av_social_share  el_before_av_comments_list '><span class='hr-inner ' ><span class='hr-inner-style'><\/span><\/span><\/div>\n<div  class='av-buildercomment  av-blog-meta-html-info-disabled av-blog-meta-tag-disabled  '><\/div>\n","protected":false},"excerpt":{"rendered":"","protected":false},"author":1,"featured_media":26584,"comment_status":"open","ping_status":"open","sticky":false,"template":"","format":"standard","meta":{"footnotes":""},"categories":[52],"tags":[],"class_list":["post-26583","post","type-post","status-publish","format-standard","has-post-thumbnail","hentry","category-cultura"],"jetpack_featured_media_url":"https:\/\/radiorevelacionfm.cl\/wp-content\/uploads\/2023\/01\/325435325_1352683098881566_6019235904732115924_n-1_optimized.jpg","_links":{"self":[{"href":"https:\/\/radiorevelacionfm.cl\/index.php?rest_route=\/wp\/v2\/posts\/26583","targetHints":{"allow":["GET"]}}],"collection":[{"href":"https:\/\/radiorevelacionfm.cl\/index.php?rest_route=\/wp\/v2\/posts"}],"about":[{"href":"https:\/\/radiorevelacionfm.cl\/index.php?rest_route=\/wp\/v2\/types\/post"}],"author":[{"embeddable":true,"href":"https:\/\/radiorevelacionfm.cl\/index.php?rest_route=\/wp\/v2\/users\/1"}],"replies":[{"embeddable":true,"href":"https:\/\/radiorevelacionfm.cl\/index.php?rest_route=%2Fwp%2Fv2%2Fcomments&post=26583"}],"version-history":[{"count":2,"href":"https:\/\/radiorevelacionfm.cl\/index.php?rest_route=\/wp\/v2\/posts\/26583\/revisions"}],"predecessor-version":[{"id":26590,"href":"https:\/\/radiorevelacionfm.cl\/index.php?rest_route=\/wp\/v2\/posts\/26583\/revisions\/26590"}],"wp:featuredmedia":[{"embeddable":true,"href":"https:\/\/radiorevelacionfm.cl\/index.php?rest_route=\/wp\/v2\/media\/26584"}],"wp:attachment":[{"href":"https:\/\/radiorevelacionfm.cl\/index.php?rest_route=%2Fwp%2Fv2%2Fmedia&parent=26583"}],"wp:term":[{"taxonomy":"category","embeddable":true,"href":"https:\/\/radiorevelacionfm.cl\/index.php?rest_route=%2Fwp%2Fv2%2Fcategories&post=26583"},{"taxonomy":"post_tag","embeddable":true,"href":"https:\/\/radiorevelacionfm.cl\/index.php?rest_route=%2Fwp%2Fv2%2Ftags&post=26583"}],"curies":[{"name":"wp","href":"https:\/\/api.w.org\/{rel}","templated":true}]}}