{"id":2658,"date":"2021-02-16T16:39:46","date_gmt":"2021-02-16T19:39:46","guid":{"rendered":"https:\/\/radiorevelacionfm.cl\/?p=2658"},"modified":"2021-02-16T16:39:46","modified_gmt":"2021-02-16T19:39:46","slug":"el-90-de-los-funcionarios-del-hospital-regional-coyhaique-ya-han-recibido-vacunacion-contra-el-covid-19","status":"publish","type":"post","link":"https:\/\/radiorevelacionfm.cl\/?p=2658","title":{"rendered":"El 90% de los funcionarios del Hospital Regional Coyhaique ya han recibido vacunaci\u00f3n contra el Covid-19"},"content":{"rendered":"<div class=\"flex_column av_one_full  flex_column_div av-zero-column-padding first  avia-builder-el-0  el_before_av_one_full  avia-builder-el-first  \" style='border-radius:0px; '><div  class='avia-image-container  av-styling-    avia-builder-el-1  avia-builder-el-no-sibling  avia-align-center '  itemprop=\"image\" itemscope=\"itemscope\" itemtype=\"https:\/\/schema.org\/ImageObject\"  ><div class='avia-image-container-inner'><div class='avia-image-overlay-wrap'><img decoding=\"async\" class='wp-image-0 avia-img-lazy-loading-not-0 avia_image' src=\"https:\/\/radiorevelacionfm.cl\/wp-content\/uploads\/2021\/02\/IMG_20210209_121834-2-2.jpg\" alt='' title=''   itemprop=\"thumbnailUrl\"  \/><\/div><\/div><\/div><\/div><div class=\"flex_column av_one_full  flex_column_div av-zero-column-padding first  avia-builder-el-2  el_after_av_one_full  el_before_av_one_full  column-top-margin\" style='border-radius:0px; '><section class=\"av_textblock_section \"  itemscope=\"itemscope\" itemtype=\"https:\/\/schema.org\/BlogPosting\" itemprop=\"blogPost\" ><div class='avia_textblock  '   itemprop=\"text\" ><p style=\"text-align: center;\"><span style=\"font-size: 18pt;\"><strong>El 90% de los funcionarios del Hospital Regional Coyhaique ya han recibido vacunaci\u00f3n contra el Covid-19<\/strong><\/span><\/p>\n<div id=\"gtx-trans\" style=\"position: absolute; left: -50px; top: 4.31534px;\">\n<div class=\"gtx-trans-icon\"><\/div>\n<\/div>\n<\/div><\/section><\/div><div class=\"flex_column av_one_full  flex_column_div av-zero-column-padding first  avia-builder-el-4  el_after_av_one_full  el_before_av_hr  column-top-margin\" style='border-radius:0px; '><section class=\"av_textblock_section \"  itemscope=\"itemscope\" itemtype=\"https:\/\/schema.org\/BlogPosting\" itemprop=\"blogPost\" ><div class='avia_textblock  '   itemprop=\"text\" ><p style=\"text-align: justify;\">863 funcionarios del Hospital Regional Coyhaique ya completaron su esquema de inmunizaci\u00f3n con la vacuna de los laboratorios Pfizer Biontech, mientras que otros 190 ya comenzaron con la primera dosis de la vacuna Coronavac de Sinovac, y que terminar\u00e1n de ser inmunizados la primera de semana marzo.<\/p>\n<p style=\"text-align: justify;\">El proceso de inoculaci\u00f3n, de car\u00e1cter voluntario, comenz\u00f3 los d\u00edas 18 y 19 de enero pasado con la administraci\u00f3n de la primera dosis de la vacuna de los laboratorios Pfizer BioNtech, el que ya finaliz\u00f3, y que hoy contin\u00faa con la Coronavac de Sinovac, lo que fue destacado por Jaime L\u00f3pez Quintana, director del Hospital Regional Coyhaique, para quien se ha llevado una campa\u00f1a que result\u00f3 con un alto porcentaje de adherencia \u201cse han inoculado un 90% de los funcionarios, quienes en los dos periodos que ha tenido el proceso de vacunaci\u00f3n en nuestro establecimiento, nos permiten enfrentar el mes de marzo con la mayor parte de nuestros profesionales, t\u00e9cnicos, auxiliares y administrativos con un sistema inmunol\u00f3gico preparado para defenderse del coronavirus e ir de a poco retomando la normalidad en la actividad del establecimiento\u201d.<\/p>\n<p style=\"text-align: justify;\">El directivo agreg\u00f3 adem\u00e1s su agradecimiento a quienes trabajaron arduamente en llevar adelante estos procesos de vacunaci\u00f3n y valorar la campa\u00f1a \u201cYo Me Vacuno\u201d impulsada por la autoridad sanitaria a nivel nacional y regional, adem\u00e1s de \u201clo que ser\u00e1 nuestro aporte y participaci\u00f3n en la inoculaci\u00f3n a la comunidad, y tambi\u00e9n por las campa\u00f1as que van a realizarse para atender la demanda general\u201d.<\/p>\n<p style=\"text-align: justify;\">En esa l\u00ednea, Elizabeth Guti\u00e9rrez, enfermera de Inmunizaciones del Hospital Regional Coyhaique que supervis\u00f3 el buen funcionamiento del operativo, manifest\u00f3 su conformidad por c\u00f3mo se realiz\u00f3 el proceso de vacunaci\u00f3n, aprovechando de destacar la adhesi\u00f3n de los funcionarios, quienes han sabido entender \u201cque el personal de salud es un grupo objetivo muy importante, que debe protegerse y tambi\u00e9n preservar su salud, para poder asistencialmente atender a un usuario que llega a consultar a este centro asistencial\u201d.<\/p>\n<p style=\"text-align: justify;\">Respecto del proceso de inmunizaci\u00f3n y de la importancia de mantener el autocuidado en la poblaci\u00f3n, la profesional se\u00f1ala que con la vacunaci\u00f3n \u201ccreamos anticuerpos contra el Covid. Sin embargo, debemos seguir manteniendo las medidas que hemos adoptado, como el uso de mascarilla, el lavado de manos frecuente y el distanciamiento social. Si estamos en una sala de espera, debemos estar alejados a lo menos un metro, dos metros de otras personas. Debemos seguir manteniendo estas medidas para nuestra salud y tambi\u00e9n para cuidar la salud de otros. Eso es muy importante\u201d, finaliz\u00f3.<\/p>\n<p style=\"text-align: justify;\">Francisco Ruiz por su parte, funcionario de la Unidad de Imagenolog\u00eda del recinto, sobre la posibilidad de terminar su esquema de inmunizaci\u00f3n con la dosis de Pfizer BioNtech y de la campa\u00f1a de vacunaci\u00f3n sostuvo que \u201ces un buen proceso, recomendable para toda la poblaci\u00f3n, para que en el futuro no tengan ning\u00fan miedo, es un bien para todos\u201d.<\/p>\n<p style=\"text-align: justify;\">De esta manera, el Hospital Regional Coyhaique se program\u00f3 para inmunizar a su personal durante este proceso de la campa\u00f1a \u201cYo Me Vacuno\u201d, alcanzando una alta adhesi\u00f3n, la que conforme pasan los d\u00edas sigue creciendo.<\/p>\n<\/div><\/section><\/div><div  style='height:50px' class='hr hr-invisible   avia-builder-el-6  el_after_av_one_full  el_before_av_social_share '><span class='hr-inner ' ><span class='hr-inner-style'><\/span><\/span><\/div><\/p>\n<div  class='av-social-sharing-box  avia-builder-el-7  el_after_av_hr  el_before_av_hr  '><div class='av-share-box'><h5 class='av-share-link-description av-no-toc '>Compartir esta noticia<\/h5><ul class='av-share-box-list noLightbox'><li class='av-share-link av-social-link-facebook' ><a target=\"_blank\" aria-label=\"Compartir en Facebook\" href='https:\/\/www.facebook.com\/sharer.php?u=https:\/\/radiorevelacionfm.cl\/?p=2658&#038;t=El%2090%25%20de%20los%20funcionarios%20del%20Hospital%20Regional%20Coyhaique%20ya%20han%20recibido%20vacunaci%C3%B3n%20contra%20el%20Covid-19' aria-hidden='false' data-av_icon='\ue8f3' data-av_iconfont='entypo-fontello' title='' data-avia-related-tooltip='Compartir en Facebook' rel=\"noopener\"><span class='avia_hidden_link_text'>Compartir en Facebook<\/span><\/a><\/li><li class='av-share-link av-social-link-twitter' ><a target=\"_blank\" aria-label=\"Compartir en Twitter\" href='https:\/\/twitter.com\/share?text=El%2090%25%20de%20los%20funcionarios%20del%20Hospital%20Regional%20Coyhaique%20ya%20han%20recibido%20vacunaci%C3%B3n%20contra%20el%20Covid-19&#038;url=https:\/\/radiorevelacionfm.cl\/?p=2658' aria-hidden='false' data-av_icon='\ue8f1' data-av_iconfont='entypo-fontello' title='' data-avia-related-tooltip='Compartir en Twitter' rel=\"noopener\"><span class='avia_hidden_link_text'>Compartir en Twitter<\/span><\/a><\/li><li class='av-share-link av-social-link-whatsapp' ><a target=\"_blank\" aria-label=\"Compartir en Whatsapp\" href='https:\/\/api.whatsapp.com\/send?text=https:\/\/radiorevelacionfm.cl\/?p=2658' aria-hidden='false' data-av_icon='\uf232' data-av_iconfont='entypo-fontello' title='' data-avia-related-tooltip='Compartir en Whatsapp' rel=\"noopener\"><span class='avia_hidden_link_text'>Compartir en Whatsapp<\/span><\/a><\/li><li class='av-share-link av-social-link-linkedin' ><a target=\"_blank\" aria-label=\"Compartir en LinkedIn\" href='https:\/\/linkedin.com\/shareArticle?mini=true&#038;title=El%2090%25%20de%20los%20funcionarios%20del%20Hospital%20Regional%20Coyhaique%20ya%20han%20recibido%20vacunaci%C3%B3n%20contra%20el%20Covid-19&#038;url=https:\/\/radiorevelacionfm.cl\/?p=2658' aria-hidden='false' data-av_icon='\ue8fc' data-av_iconfont='entypo-fontello' title='' data-avia-related-tooltip='Compartir en LinkedIn' rel=\"noopener\"><span class='avia_hidden_link_text'>Compartir en LinkedIn<\/span><\/a><\/li><li class='av-share-link av-social-link-mail' ><a  aria-label=\"Compartir por correo\" href='mailto:?subject=El%2090%25%20de%20los%20funcionarios%20del%20Hospital%20Regional%20Coyhaique%20ya%20han%20recibido%20vacunaci%C3%B3n%20contra%20el%20Covid-19&#038;body=https:\/\/radiorevelacionfm.cl\/?p=2658' aria-hidden='false' data-av_icon='\ue805' data-av_iconfont='entypo-fontello' title='' data-avia-related-tooltip='Compartir por correo'><span class='avia_hidden_link_text'>Compartir por correo<\/span><\/a><\/li><\/ul><\/div><\/div>\n<div  style='height:50px' class='hr hr-invisible   avia-builder-el-8  el_after_av_social_share  el_before_av_comments_list '><span class='hr-inner ' ><span class='hr-inner-style'><\/span><\/span><\/div>\n<div  class='av-buildercomment  av-blog-meta-html-info-disabled av-blog-meta-tag-disabled  '><\/div>\n","protected":false},"excerpt":{"rendered":"","protected":false},"author":1,"featured_media":0,"comment_status":"open","ping_status":"open","sticky":false,"template":"","format":"standard","meta":{"footnotes":""},"categories":[46,1],"tags":[],"class_list":["post-2658","post","type-post","status-publish","format-standard","hentry","category-salud","category-sin-categoria"],"jetpack_featured_media_url":"","_links":{"self":[{"href":"https:\/\/radiorevelacionfm.cl\/index.php?rest_route=\/wp\/v2\/posts\/2658","targetHints":{"allow":["GET"]}}],"collection":[{"href":"https:\/\/radiorevelacionfm.cl\/index.php?rest_route=\/wp\/v2\/posts"}],"about":[{"href":"https:\/\/radiorevelacionfm.cl\/index.php?rest_route=\/wp\/v2\/types\/post"}],"author":[{"embeddable":true,"href":"https:\/\/radiorevelacionfm.cl\/index.php?rest_route=\/wp\/v2\/users\/1"}],"replies":[{"embeddable":true,"href":"https:\/\/radiorevelacionfm.cl\/index.php?rest_route=%2Fwp%2Fv2%2Fcomments&post=2658"}],"version-history":[{"count":1,"href":"https:\/\/radiorevelacionfm.cl\/index.php?rest_route=\/wp\/v2\/posts\/2658\/revisions"}],"predecessor-version":[{"id":2660,"href":"https:\/\/radiorevelacionfm.cl\/index.php?rest_route=\/wp\/v2\/posts\/2658\/revisions\/2660"}],"wp:attachment":[{"href":"https:\/\/radiorevelacionfm.cl\/index.php?rest_route=%2Fwp%2Fv2%2Fmedia&parent=2658"}],"wp:term":[{"taxonomy":"category","embeddable":true,"href":"https:\/\/radiorevelacionfm.cl\/index.php?rest_route=%2Fwp%2Fv2%2Fcategories&post=2658"},{"taxonomy":"post_tag","embeddable":true,"href":"https:\/\/radiorevelacionfm.cl\/index.php?rest_route=%2Fwp%2Fv2%2Ftags&post=2658"}],"curies":[{"name":"wp","href":"https:\/\/api.w.org\/{rel}","templated":true}]}}