{"id":26534,"date":"2023-01-12T12:13:25","date_gmt":"2023-01-12T15:13:25","guid":{"rendered":"https:\/\/radiorevelacionfm.cl\/?p=26534"},"modified":"2023-01-12T12:13:25","modified_gmt":"2023-01-12T15:13:25","slug":"en-puerto-aysen-entregan-nueva-sede-para-la-union-comunal-del-adulto-mayor-trapananda","status":"publish","type":"post","link":"https:\/\/radiorevelacionfm.cl\/?p=26534","title":{"rendered":"En Puerto Ays\u00e9n entregan nueva sede para la Uni\u00f3n Comunal del Adulto Mayor Trapananda"},"content":{"rendered":"<div class=\"flex_column av_one_full  flex_column_div av-zero-column-padding first  avia-builder-el-0  el_before_av_one_full  avia-builder-el-first  \" style='border-radius:0px; '><div  class='avia-image-container  av-styling-    avia-builder-el-1  avia-builder-el-no-sibling  avia-align-center '  itemprop=\"image\" itemscope=\"itemscope\" itemtype=\"https:\/\/schema.org\/ImageObject\"  ><div class='avia-image-container-inner'><div class='avia-image-overlay-wrap'><img decoding=\"async\" class='wp-image-26535 avia-img-lazy-loading-not-26535 avia_image' src=\"https:\/\/radiorevelacionfm.cl\/wp-content\/uploads\/2023\/01\/dsc_0069-1_optimized.jpg\" alt='' title='dsc_0069-(1)_optimized' height=\"600\" width=\"900\"  itemprop=\"thumbnailUrl\" srcset=\"https:\/\/radiorevelacionfm.cl\/wp-content\/uploads\/2023\/01\/dsc_0069-1_optimized.jpg 900w, https:\/\/radiorevelacionfm.cl\/wp-content\/uploads\/2023\/01\/dsc_0069-1_optimized-300x200.jpg 300w, https:\/\/radiorevelacionfm.cl\/wp-content\/uploads\/2023\/01\/dsc_0069-1_optimized-768x512.jpg 768w, https:\/\/radiorevelacionfm.cl\/wp-content\/uploads\/2023\/01\/dsc_0069-1_optimized-705x470.jpg 705w, https:\/\/radiorevelacionfm.cl\/wp-content\/uploads\/2023\/01\/dsc_0069-1_optimized-600x400.jpg 600w\" sizes=\"(max-width: 900px) 100vw, 900px\" \/><\/div><\/div><\/div><\/div><div class=\"flex_column av_one_full  flex_column_div av-zero-column-padding first  avia-builder-el-2  el_after_av_one_full  el_before_av_one_full  column-top-margin\" style='border-radius:0px; '><section class=\"av_textblock_section \"  itemscope=\"itemscope\" itemtype=\"https:\/\/schema.org\/BlogPosting\" itemprop=\"blogPost\" ><div class='avia_textblock  '   itemprop=\"text\" ><p style=\"text-align: center;\"><strong><span style=\"font-size: 18pt;\">En Puerto Ays\u00e9n entregan nueva sede para la Uni\u00f3n Comunal del Adulto Mayor Trapananda<\/span><\/strong><\/p>\n<div id=\"gtx-trans\" style=\"position: absolute; left: -50px; top: 4.31534px;\">\n<div class=\"gtx-trans-icon\"><\/div>\n<\/div>\n<\/div><\/section><\/div><div class=\"flex_column av_one_full  flex_column_div av-zero-column-padding first  avia-builder-el-4  el_after_av_one_full  el_before_av_hr  column-top-margin\" style='border-radius:0px; '><section class=\"av_textblock_section \"  itemscope=\"itemscope\" itemtype=\"https:\/\/schema.org\/BlogPosting\" itemprop=\"blogPost\" ><div class='avia_textblock  '   itemprop=\"text\" ><p style=\"text-align: justify;\">La nueva sede para los Clubes de Adultos Mayores de Ays\u00e9n cuenta con extensas salas y accesos universales para todas las actividades que planeen las asociaciones de personas mayores de la zona.<\/p>\n<p style=\"text-align: justify;\">El d\u00eda mi\u00e9rcoles 11 de enero, en una ceremonia celebrada en las inmediaciones de la nueva sede, el alcalde de la comuna de Ays\u00e9n, Julio Uribe Alvarado, complet\u00f3 la entrega de la nueva sede para la Uni\u00f3n Comunal del Adulto Mayor Trapananda, \u201cestamos muy contentos en la inauguraci\u00f3n de esta sede, ya que es una obra que comenzamos m\u00e1s de un a\u00f1o atr\u00e1s y que hoy estamos culminando con la entrega de llaves definitiva al Club del Adulto Mayor Trapananda. Ellos est\u00e1n muy felices de tener su sede y hoy podr\u00e1n desarrollar todas sus actividades. Tambi\u00e9n agradecemos el trabajo de la Entidad Patrocinante Municipal ya que sin su labor no podr\u00edamos estar inaugurando esta gran sede social, que est\u00e1 con una vista maravillosa, al lado r\u00edo. Y esto nos enorgullece ya que vamos creciendo en infraestructura y en calidad de vida de los vecinos\u201d, coment\u00f3 el alcalde, Julio Uribe Alvarado.<\/p>\n<p style=\"text-align: justify;\">Todos los espacios est\u00e1n construidos con accesibilidad universal, contando con amplias habitaciones y pasillos, habilitados para cualquier tipo de movilidad reducida. La sede reci\u00e9n inaugurada cuenta con una sala multiusos, cocina, dos ba\u00f1os, comedor, quincho y una amplia terraza, lo que contempla 200 metros cuadrados para realizar actividades, \u201cestamos felices de recibir las llaves de nuestra hermosa nueva sede. Ahora tenemos el arduo trabajo de seguir implementando para poder reunirnos todos los adultos mayores, ya que tal como dije en la ceremonia, esta nueva sede es la casa de todos los adultos mayores de la comuna\u201d, coment\u00f3 Rosa Navarro Ruiz, presidenta de la Uni\u00f3n Comunal del Adulto Mayor Trapananda.<\/p>\n<p style=\"text-align: justify;\">La sede est\u00e1 ubicada en la calle Av. Circunvalaci\u00f3n 286, en la costanera de la Ribera Sur de Puerto Ays\u00e9n. Uno de los arquitectos a cargo de la planificaci\u00f3n fue Juan Pablo Leal de la Entidad Patrocinante Municipal de Ays\u00e9n, \u201ces bastante grande el lugar, cuenta con una buena iluminaci\u00f3n por su orientaci\u00f3n al norte, todas las fachadas dan hacia el R\u00edo Ays\u00e9n. Se crearon espacios exteriores con bancas para que la gente pueda salir, sentarse y ver el R\u00edo, es bien completa\u201d.<\/p>\n<p style=\"text-align: justify;\">De la ceremonia tambi\u00e9n particip\u00f3 la Seremi de Vivienda y Urbanismo, Paulina Ruz Delf\u00edn, que remarc\u00f3 la importancia de las convocatorias del financiamiento del MINVU programa D.S. N\u00ba27 Cap\u00edtulo I de Equipamiento Comunitario, ya que as\u00ed fue como la Uni\u00f3n Trapananda y la Municipalidad de Ays\u00e9n pudieron adjudicarse los 8.334 UF que cost\u00f3 la construcci\u00f3n del edificio, \u201cesto forma parte de los proyectos DS27, proyectos que hemos venido trabajado con el municipio. Ya se aprobaron siete proyectos DS27 en 2022, y esto es una clara muestra de la gesti\u00f3n que hacemos en conjunto con el alcalde, Julio Uribe, por las distintas personas que habitan la comuna de Ays\u00e9n. Esperamos que esta nueva sede sea un lugar de encuentro para las personas mayores de Puerto Ays\u00e9n, un lugar de reuni\u00f3n, capacitaciones, talleres, que sea un lugar de vida comunitaria\u201d, culmin\u00f3 la seremi, Paulina Ruz.<\/p>\n<\/div><\/section><\/div><div  style='height:50px' class='hr hr-invisible   avia-builder-el-6  el_after_av_one_full  el_before_av_social_share '><span class='hr-inner ' ><span class='hr-inner-style'><\/span><\/span><\/div><\/p>\n<div  class='av-social-sharing-box  avia-builder-el-7  el_after_av_hr  el_before_av_hr  '><div class='av-share-box'><h5 class='av-share-link-description av-no-toc '>Compartir esta noticia<\/h5><ul class='av-share-box-list noLightbox'><li class='av-share-link av-social-link-facebook' ><a target=\"_blank\" aria-label=\"Compartir en Facebook\" href='https:\/\/www.facebook.com\/sharer.php?u=https:\/\/radiorevelacionfm.cl\/?p=26534&#038;t=En%20Puerto%20Ays%C3%A9n%20entregan%20nueva%20sede%20para%20la%20Uni%C3%B3n%20Comunal%20del%20Adulto%20Mayor%20Trapananda' aria-hidden='false' data-av_icon='\ue8f3' data-av_iconfont='entypo-fontello' title='' data-avia-related-tooltip='Compartir en Facebook' rel=\"noopener\"><span class='avia_hidden_link_text'>Compartir en Facebook<\/span><\/a><\/li><li class='av-share-link av-social-link-twitter' ><a target=\"_blank\" aria-label=\"Compartir en Twitter\" href='https:\/\/twitter.com\/share?text=En%20Puerto%20Ays%C3%A9n%20entregan%20nueva%20sede%20para%20la%20Uni%C3%B3n%20Comunal%20del%20Adulto%20Mayor%20Trapananda&#038;url=https:\/\/radiorevelacionfm.cl\/?p=26534' aria-hidden='false' data-av_icon='\ue8f1' data-av_iconfont='entypo-fontello' title='' data-avia-related-tooltip='Compartir en Twitter' rel=\"noopener\"><span class='avia_hidden_link_text'>Compartir en Twitter<\/span><\/a><\/li><li class='av-share-link av-social-link-whatsapp' ><a target=\"_blank\" aria-label=\"Compartir en Whatsapp\" href='https:\/\/api.whatsapp.com\/send?text=https:\/\/radiorevelacionfm.cl\/?p=26534' aria-hidden='false' data-av_icon='\uf232' data-av_iconfont='entypo-fontello' title='' data-avia-related-tooltip='Compartir en Whatsapp' rel=\"noopener\"><span class='avia_hidden_link_text'>Compartir en Whatsapp<\/span><\/a><\/li><li class='av-share-link av-social-link-linkedin' ><a target=\"_blank\" aria-label=\"Compartir en LinkedIn\" href='https:\/\/linkedin.com\/shareArticle?mini=true&#038;title=En%20Puerto%20Ays%C3%A9n%20entregan%20nueva%20sede%20para%20la%20Uni%C3%B3n%20Comunal%20del%20Adulto%20Mayor%20Trapananda&#038;url=https:\/\/radiorevelacionfm.cl\/?p=26534' aria-hidden='false' data-av_icon='\ue8fc' data-av_iconfont='entypo-fontello' title='' data-avia-related-tooltip='Compartir en LinkedIn' rel=\"noopener\"><span class='avia_hidden_link_text'>Compartir en LinkedIn<\/span><\/a><\/li><li class='av-share-link av-social-link-mail' ><a  aria-label=\"Compartir por correo\" href='mailto:?subject=En%20Puerto%20Ays%C3%A9n%20entregan%20nueva%20sede%20para%20la%20Uni%C3%B3n%20Comunal%20del%20Adulto%20Mayor%20Trapananda&#038;body=https:\/\/radiorevelacionfm.cl\/?p=26534' aria-hidden='false' data-av_icon='\ue805' data-av_iconfont='entypo-fontello' title='' data-avia-related-tooltip='Compartir por correo'><span class='avia_hidden_link_text'>Compartir por correo<\/span><\/a><\/li><\/ul><\/div><\/div>\n<div  style='height:50px' class='hr hr-invisible   avia-builder-el-8  el_after_av_social_share  el_before_av_comments_list '><span class='hr-inner ' ><span class='hr-inner-style'><\/span><\/span><\/div>\n<div  class='av-buildercomment  av-blog-meta-html-info-disabled av-blog-meta-tag-disabled  '><\/div>\n","protected":false},"excerpt":{"rendered":"","protected":false},"author":1,"featured_media":26535,"comment_status":"open","ping_status":"open","sticky":false,"template":"","format":"standard","meta":{"footnotes":""},"categories":[38],"tags":[],"class_list":["post-26534","post","type-post","status-publish","format-standard","has-post-thumbnail","hentry","category-regional"],"jetpack_featured_media_url":"https:\/\/radiorevelacionfm.cl\/wp-content\/uploads\/2023\/01\/dsc_0069-1_optimized.jpg","_links":{"self":[{"href":"https:\/\/radiorevelacionfm.cl\/index.php?rest_route=\/wp\/v2\/posts\/26534","targetHints":{"allow":["GET"]}}],"collection":[{"href":"https:\/\/radiorevelacionfm.cl\/index.php?rest_route=\/wp\/v2\/posts"}],"about":[{"href":"https:\/\/radiorevelacionfm.cl\/index.php?rest_route=\/wp\/v2\/types\/post"}],"author":[{"embeddable":true,"href":"https:\/\/radiorevelacionfm.cl\/index.php?rest_route=\/wp\/v2\/users\/1"}],"replies":[{"embeddable":true,"href":"https:\/\/radiorevelacionfm.cl\/index.php?rest_route=%2Fwp%2Fv2%2Fcomments&post=26534"}],"version-history":[{"count":2,"href":"https:\/\/radiorevelacionfm.cl\/index.php?rest_route=\/wp\/v2\/posts\/26534\/revisions"}],"predecessor-version":[{"id":26537,"href":"https:\/\/radiorevelacionfm.cl\/index.php?rest_route=\/wp\/v2\/posts\/26534\/revisions\/26537"}],"wp:featuredmedia":[{"embeddable":true,"href":"https:\/\/radiorevelacionfm.cl\/index.php?rest_route=\/wp\/v2\/media\/26535"}],"wp:attachment":[{"href":"https:\/\/radiorevelacionfm.cl\/index.php?rest_route=%2Fwp%2Fv2%2Fmedia&parent=26534"}],"wp:term":[{"taxonomy":"category","embeddable":true,"href":"https:\/\/radiorevelacionfm.cl\/index.php?rest_route=%2Fwp%2Fv2%2Fcategories&post=26534"},{"taxonomy":"post_tag","embeddable":true,"href":"https:\/\/radiorevelacionfm.cl\/index.php?rest_route=%2Fwp%2Fv2%2Ftags&post=26534"}],"curies":[{"name":"wp","href":"https:\/\/api.w.org\/{rel}","templated":true}]}}