{"id":26516,"date":"2023-01-12T09:55:26","date_gmt":"2023-01-12T12:55:26","guid":{"rendered":"https:\/\/radiorevelacionfm.cl\/?p=26516"},"modified":"2023-01-12T09:55:26","modified_gmt":"2023-01-12T12:55:26","slug":"gobierno-regional-de-aysen-sobrepasa-ampliamente-las-expectativas-y-finaliza-el-2022-con-un-93-de-ejecucion-presupuestaria","status":"publish","type":"post","link":"https:\/\/radiorevelacionfm.cl\/?p=26516","title":{"rendered":"Gobierno Regional de Ays\u00e9n sobrepasa ampliamente las expectativas y finaliza el 2022 con un 93% de ejecuci\u00f3n presupuestaria"},"content":{"rendered":"<div class=\"flex_column av_one_full  flex_column_div av-zero-column-padding first  avia-builder-el-0  el_before_av_one_full  avia-builder-el-first  \" style='border-radius:0px; '><div  class='avia-image-container  av-styling-    avia-builder-el-1  avia-builder-el-no-sibling  avia-align-center '  itemprop=\"image\" itemscope=\"itemscope\" itemtype=\"https:\/\/schema.org\/ImageObject\"  ><div class='avia-image-container-inner'><div class='avia-image-overlay-wrap'><img decoding=\"async\" class='wp-image-26517 avia-img-lazy-loading-not-26517 avia_image' src=\"https:\/\/radiorevelacionfm.cl\/wp-content\/uploads\/2023\/01\/whatsapp-image-2023-01-11-at-14_optimized.45.05-1-1-1.jpeg\" alt='' title='whatsapp-image-2023-01-11-at-14_optimized.45.05-(1)-(1) (1)' height=\"600\" width=\"900\"  itemprop=\"thumbnailUrl\" srcset=\"https:\/\/radiorevelacionfm.cl\/wp-content\/uploads\/2023\/01\/whatsapp-image-2023-01-11-at-14_optimized.45.05-1-1-1.jpeg 900w, https:\/\/radiorevelacionfm.cl\/wp-content\/uploads\/2023\/01\/whatsapp-image-2023-01-11-at-14_optimized.45.05-1-1-1-300x200.jpeg 300w, https:\/\/radiorevelacionfm.cl\/wp-content\/uploads\/2023\/01\/whatsapp-image-2023-01-11-at-14_optimized.45.05-1-1-1-768x512.jpeg 768w, https:\/\/radiorevelacionfm.cl\/wp-content\/uploads\/2023\/01\/whatsapp-image-2023-01-11-at-14_optimized.45.05-1-1-1-705x470.jpeg 705w, https:\/\/radiorevelacionfm.cl\/wp-content\/uploads\/2023\/01\/whatsapp-image-2023-01-11-at-14_optimized.45.05-1-1-1-600x400.jpeg 600w\" sizes=\"(max-width: 900px) 100vw, 900px\" \/><\/div><\/div><\/div><\/div><div class=\"flex_column av_one_full  flex_column_div av-zero-column-padding first  avia-builder-el-2  el_after_av_one_full  el_before_av_one_full  column-top-margin\" style='border-radius:0px; '><section class=\"av_textblock_section \"  itemscope=\"itemscope\" itemtype=\"https:\/\/schema.org\/BlogPosting\" itemprop=\"blogPost\" ><div class='avia_textblock  '   itemprop=\"text\" ><p style=\"text-align: center;\"><strong><span style=\"font-size: 18pt;\">Gobierno Regional de Ays\u00e9n sobrepasa ampliamente las expectativas y finaliza el 2022 con un 93% de ejecuci\u00f3n presupuestaria<\/span><\/strong><\/p>\n<div id=\"gtx-trans\" style=\"position: absolute; left: -50px; top: 4.31534px;\">\n<div class=\"gtx-trans-icon\"><\/div>\n<\/div>\n<\/div><\/section><\/div><div class=\"flex_column av_one_full  flex_column_div av-zero-column-padding first  avia-builder-el-4  el_after_av_one_full  el_before_av_hr  column-top-margin\" style='border-radius:0px; '><section class=\"av_textblock_section \"  itemscope=\"itemscope\" itemtype=\"https:\/\/schema.org\/BlogPosting\" itemprop=\"blogPost\" ><div class='avia_textblock  '   itemprop=\"text\" ><p dir=\"ltr\" style=\"text-align: justify;\">Este mi\u00e9rcoles en el hall principal del Gobierno Regional, la Gobernadora de Ays\u00e9n, Andrea Mac\u00edas Palma, comunic\u00f3 a las autoridades regionales, comunales, organizaciones sociales, representantes de las c\u00e1maras de comercio y a las y los funcionarios de su instituci\u00f3n, que su administraci\u00f3n finaliz\u00f3 el a\u00f1o 2022 con una ejecuci\u00f3n presupuestaria de un 93%, de acuerdo a los \u00faltimos informes y estad\u00edsticas emanadas de la Direcci\u00f3n de Presupuestos (Dipres) y de la Subsecretar\u00eda de Desarrollo Regional y Administrativo (Subdere).<\/p>\n<p dir=\"ltr\" style=\"text-align: justify;\">\u00abEstamos muy contentos de realizar este hito, que es muy significativo, porque lo que busca es cumplir con algo que siempre hemos comprometido desde la administraci\u00f3n, que es la transparencia en la entrega de informaci\u00f3n, pero adem\u00e1s un trabajo que hemos comprometido que iba a ser eficiente (&#8230;) con mucho gusto y agrado, quiero mencionar que alcanzamos un 93% de ejecuci\u00f3n presupuestaria, contra cualquier pron\u00f3stico que en alg\u00fan minuto se instal\u00f3. Entendemos que esta es una situaci\u00f3n que nos toc\u00f3 vivir a todas las regiones del pa\u00eds, a todos los sectores, no s\u00f3lo a los Gobiernos Regionales, y por eso es tan importante relevar la estrategia que tomamos, que fue aprobada por el Consejo Regional, para alcanzar esto que es tremendamente exitoso\u00bb, declar\u00f3 la Gobernadora Regional.<\/p>\n<p dir=\"ltr\" style=\"text-align: justify;\">Como se detalla desde los organismos del Estado, y de acuerdo a lo que inform\u00f3 la m\u00e1xima autoridad de la regi\u00f3n durante la ceremonia, en los \u00faltimos meses de 2022 \u2014noviembre y diciembre\u2014 el Gobierno Regional de Ays\u00e9n fue uno de los que m\u00e1s aument\u00f3 su porcentaje de ejecuci\u00f3n de inversiones, lo que llev\u00f3 a culminar el per\u00edodo con un resultado muy superior al piso de 80% al que se hab\u00eda comprometido la Gobernadora Andrea Mac\u00edas Palma.<\/p>\n<p dir=\"ltr\" style=\"text-align: justify;\">Si bien, durante 2022 la ejecuci\u00f3n presupuestaria de Ays\u00e9n recibi\u00f3 cuestionamientos, desde la instituci\u00f3n recalcaron que todos quienes trabajan dentro del Gobierno Regional sab\u00edan que hab\u00eda inversi\u00f3n que no pod\u00eda contabilizarse antes del t\u00e9rmino del per\u00edodo, por lo que era muy apresurado hacer un an\u00e1lisis antes del balance final. \u00abSe instalaron, lamentablemente, miradas que tienen m\u00e1s sesgo pol\u00edtico, pero en relaci\u00f3n al trabajo que se realiza al interior del Consejo, con todo lo que se nos viene, la disposici\u00f3n siempre es la apertura al di\u00e1logo, a alcanzar acuerdos amplios, entendiendo que nadie est\u00e1 en campa\u00f1a y que la misi\u00f3n que tenemos es trabajar en funci\u00f3n del desarrollo de nuestra regi\u00f3n\u00bb, sostuvo la Gobernadora de Ays\u00e9n.<\/p>\n<p dir=\"ltr\" style=\"text-align: justify;\">Por su parte, el Delegado Presidencial Regional (s), Samuel Navarro, sostuvo que la presentaci\u00f3n fue \u00abmaciza, contundente, clara y categ\u00f3rica\u00bb, relevando el alto porcentaje de ejecuci\u00f3n presupuestaria. \u00abYo creo que aqu\u00ed se cumple muy bien el dicho: &#8216;el dato mata relato&#8217; (&#8230;) queda en evidencia que ha habido un trabajo serio, un trabajo eficiente, un trabajo eficaz, que se ha demostrado con esta contundencia que nos ha expuesto la Gobernadora Regional. Agradecemos tambi\u00e9n al Consejo, que ha participado activamente en esta ejecuci\u00f3n presupuestaria\u00bb, subray\u00f3 el representante del Gobierno.<\/p>\n<p dir=\"ltr\" style=\"text-align: justify;\">Para este per\u00edodo, el escenario del Gobierno Regional, teniendo en cuenta el exitoso porcentaje de ejecuci\u00f3n gracias a su administraci\u00f3n y al trabajo de las y los Consejeros Regionales, se plantea con amplias expectativas. Esto, tambi\u00e9n debido a que el mismo Pleno del Consejo Regional de Ays\u00e9n aprob\u00f3 por unanimidad un presupuesto de inversi\u00f3n del 2023, por un monto que asciende a $M 70.734.142, un 2,8% m\u00e1s que el financiamiento otorgado en 2022 ($M 68.785.628).<\/p>\n<p dir=\"ltr\" style=\"text-align: justify;\">La capacidad de inversi\u00f3n incrementa la cuant\u00eda de los recursos a destinar y se enmarca en una nueva estructura presupuestaria que mejora los procesos administrativos que desafiaron la ejecuci\u00f3n de los Gobiernos Regionales en a\u00f1os anteriores, reconociendo la autonom\u00eda pol\u00edtica e institucional del Ejecutivo de Ays\u00e9n y de las dem\u00e1s regiones del pa\u00eds.<\/p>\n<p dir=\"ltr\" style=\"text-align: justify;\">\u00abEstamos con una sensaci\u00f3n de satisfacci\u00f3n, pero tambi\u00e9n de mucha felicidad porque cuando se trabaja en conjunto, se logran grandes metas como el 93%, as\u00ed que, m\u00e1s all\u00e1 de relevar hechos aislados, hoy d\u00eda el \u00e1nimo del Consejo es de trabajar de forma colaborativa principalmente a lo que nos convoca a todos y todas, que es hacer de la Regi\u00f3n de Ays\u00e9n una mejor regi\u00f3n\u00bb, coment\u00f3 al respecto la Consejera Regional de Coyhaique y presidenta de la Comisi\u00f3n de Presupuesto e Inversi\u00f3n, Paula Acu\u00f1a.<\/p>\n<p dir=\"ltr\" style=\"text-align: justify;\">Cabe destacar adem\u00e1s, que el programa de inversiones del presupuesto para 2023 fue trabajado y planificado en conjunto con los diez municipios de la regi\u00f3n, a trav\u00e9s de sus alcaldes y\/o equipos t\u00e9cnicos respectivos, con el objetivo de realizar una labor mancomunada con las municipalidades, y as\u00ed poder poner el foco en las necesidades m\u00e1s urgentes que surgen de los territorios.<\/p>\n<p dir=\"ltr\" style=\"text-align: justify;\">En ese sentido, el alcalde de Ays\u00e9n, Julio Uribe, cuya municipalidad recibi\u00f3 la distinci\u00f3n por tener la mejor ejecuci\u00f3n de las diez comunas de la regi\u00f3n, destac\u00f3 la labor administrativa de la Gobernadora Andrea Mac\u00edas Palma y su equipo. \u00abPara nosotros como municipio es realmente un orgullo estar hoy d\u00eda recibiendo este reconocimiento por parte del Gobierno Regional. Agradecer tambi\u00e9n por el trabajo entre los equipos con el Gobierno Regional, en este caso del administrador, de la gente que tiene que ver con presupuesto, tiene que haber ese enganche para que esto funcione (&#8230;) esto da confianza para seguir funcionando m\u00e1s fuertemente\u00bb, concluy\u00f3 el jefe comunal de Ays\u00e9n.<\/p>\n<\/div><\/section><\/div><div  style='height:50px' class='hr hr-invisible   avia-builder-el-6  el_after_av_one_full  el_before_av_social_share '><span class='hr-inner ' ><span class='hr-inner-style'><\/span><\/span><\/div><\/p>\n<div  class='av-social-sharing-box  avia-builder-el-7  el_after_av_hr  el_before_av_hr  '><div class='av-share-box'><h5 class='av-share-link-description av-no-toc '>Compartir esta noticia<\/h5><ul class='av-share-box-list noLightbox'><li class='av-share-link av-social-link-facebook' ><a target=\"_blank\" aria-label=\"Compartir en Facebook\" href='https:\/\/www.facebook.com\/sharer.php?u=https:\/\/radiorevelacionfm.cl\/?p=26516&#038;t=Gobierno%20Regional%20de%20Ays%C3%A9n%20sobrepasa%20ampliamente%20las%20expectativas%20y%20finaliza%20el%202022%20con%20un%2093%25%20de%20ejecuci%C3%B3n%20presupuestaria' aria-hidden='false' data-av_icon='\ue8f3' data-av_iconfont='entypo-fontello' title='' data-avia-related-tooltip='Compartir en Facebook' rel=\"noopener\"><span class='avia_hidden_link_text'>Compartir en Facebook<\/span><\/a><\/li><li class='av-share-link av-social-link-twitter' ><a target=\"_blank\" aria-label=\"Compartir en Twitter\" href='https:\/\/twitter.com\/share?text=Gobierno%20Regional%20de%20Ays%C3%A9n%20sobrepasa%20ampliamente%20las%20expectativas%20y%20finaliza%20el%202022%20con%20un%2093%25%20de%20ejecuci%C3%B3n%20presupuestaria&#038;url=https:\/\/radiorevelacionfm.cl\/?p=26516' aria-hidden='false' data-av_icon='\ue8f1' data-av_iconfont='entypo-fontello' title='' data-avia-related-tooltip='Compartir en Twitter' rel=\"noopener\"><span class='avia_hidden_link_text'>Compartir en Twitter<\/span><\/a><\/li><li class='av-share-link av-social-link-whatsapp' ><a target=\"_blank\" aria-label=\"Compartir en Whatsapp\" href='https:\/\/api.whatsapp.com\/send?text=https:\/\/radiorevelacionfm.cl\/?p=26516' aria-hidden='false' data-av_icon='\uf232' data-av_iconfont='entypo-fontello' title='' data-avia-related-tooltip='Compartir en Whatsapp' rel=\"noopener\"><span class='avia_hidden_link_text'>Compartir en Whatsapp<\/span><\/a><\/li><li class='av-share-link av-social-link-linkedin' ><a target=\"_blank\" aria-label=\"Compartir en LinkedIn\" href='https:\/\/linkedin.com\/shareArticle?mini=true&#038;title=Gobierno%20Regional%20de%20Ays%C3%A9n%20sobrepasa%20ampliamente%20las%20expectativas%20y%20finaliza%20el%202022%20con%20un%2093%25%20de%20ejecuci%C3%B3n%20presupuestaria&#038;url=https:\/\/radiorevelacionfm.cl\/?p=26516' aria-hidden='false' data-av_icon='\ue8fc' data-av_iconfont='entypo-fontello' title='' data-avia-related-tooltip='Compartir en LinkedIn' rel=\"noopener\"><span class='avia_hidden_link_text'>Compartir en LinkedIn<\/span><\/a><\/li><li class='av-share-link av-social-link-mail' ><a  aria-label=\"Compartir por correo\" href='mailto:?subject=Gobierno%20Regional%20de%20Ays%C3%A9n%20sobrepasa%20ampliamente%20las%20expectativas%20y%20finaliza%20el%202022%20con%20un%2093%25%20de%20ejecuci%C3%B3n%20presupuestaria&#038;body=https:\/\/radiorevelacionfm.cl\/?p=26516' aria-hidden='false' data-av_icon='\ue805' data-av_iconfont='entypo-fontello' title='' data-avia-related-tooltip='Compartir por correo'><span class='avia_hidden_link_text'>Compartir por correo<\/span><\/a><\/li><\/ul><\/div><\/div>\n<div  style='height:50px' class='hr hr-invisible   avia-builder-el-8  el_after_av_social_share  el_before_av_comments_list '><span class='hr-inner ' ><span class='hr-inner-style'><\/span><\/span><\/div>\n<div  class='av-buildercomment  av-blog-meta-html-info-disabled av-blog-meta-tag-disabled  '><\/div>\n","protected":false},"excerpt":{"rendered":"","protected":false},"author":1,"featured_media":26517,"comment_status":"open","ping_status":"open","sticky":false,"template":"","format":"standard","meta":{"footnotes":""},"categories":[38],"tags":[],"class_list":["post-26516","post","type-post","status-publish","format-standard","has-post-thumbnail","hentry","category-regional"],"jetpack_featured_media_url":"https:\/\/radiorevelacionfm.cl\/wp-content\/uploads\/2023\/01\/whatsapp-image-2023-01-11-at-14_optimized.45.05-1-1-1.jpeg","_links":{"self":[{"href":"https:\/\/radiorevelacionfm.cl\/index.php?rest_route=\/wp\/v2\/posts\/26516","targetHints":{"allow":["GET"]}}],"collection":[{"href":"https:\/\/radiorevelacionfm.cl\/index.php?rest_route=\/wp\/v2\/posts"}],"about":[{"href":"https:\/\/radiorevelacionfm.cl\/index.php?rest_route=\/wp\/v2\/types\/post"}],"author":[{"embeddable":true,"href":"https:\/\/radiorevelacionfm.cl\/index.php?rest_route=\/wp\/v2\/users\/1"}],"replies":[{"embeddable":true,"href":"https:\/\/radiorevelacionfm.cl\/index.php?rest_route=%2Fwp%2Fv2%2Fcomments&post=26516"}],"version-history":[{"count":2,"href":"https:\/\/radiorevelacionfm.cl\/index.php?rest_route=\/wp\/v2\/posts\/26516\/revisions"}],"predecessor-version":[{"id":26525,"href":"https:\/\/radiorevelacionfm.cl\/index.php?rest_route=\/wp\/v2\/posts\/26516\/revisions\/26525"}],"wp:featuredmedia":[{"embeddable":true,"href":"https:\/\/radiorevelacionfm.cl\/index.php?rest_route=\/wp\/v2\/media\/26517"}],"wp:attachment":[{"href":"https:\/\/radiorevelacionfm.cl\/index.php?rest_route=%2Fwp%2Fv2%2Fmedia&parent=26516"}],"wp:term":[{"taxonomy":"category","embeddable":true,"href":"https:\/\/radiorevelacionfm.cl\/index.php?rest_route=%2Fwp%2Fv2%2Fcategories&post=26516"},{"taxonomy":"post_tag","embeddable":true,"href":"https:\/\/radiorevelacionfm.cl\/index.php?rest_route=%2Fwp%2Fv2%2Ftags&post=26516"}],"curies":[{"name":"wp","href":"https:\/\/api.w.org\/{rel}","templated":true}]}}