{"id":26508,"date":"2023-01-11T18:49:24","date_gmt":"2023-01-11T21:49:24","guid":{"rendered":"https:\/\/radiorevelacionfm.cl\/?p=26508"},"modified":"2023-01-11T18:49:24","modified_gmt":"2023-01-11T21:49:24","slug":"con-gran-exito-culmino-la-ruta-chona-galense-en-el-litoral-con-participacion-de-destacada-nadadora","status":"publish","type":"post","link":"https:\/\/radiorevelacionfm.cl\/?p=26508","title":{"rendered":"Con gran \u00e9xito culmin\u00f3 la \u201cRuta Chona Galense\u00bb en el litoral con participaci\u00f3n de destacada nadadora"},"content":{"rendered":"<div class=\"flex_column av_one_full  flex_column_div av-zero-column-padding first  avia-builder-el-0  el_before_av_one_full  avia-builder-el-first  \" style='border-radius:0px; '><div  class='avia-image-container  av-styling-    avia-builder-el-1  avia-builder-el-no-sibling  avia-align-center '  itemprop=\"image\" itemscope=\"itemscope\" itemtype=\"https:\/\/schema.org\/ImageObject\"  ><div class='avia-image-container-inner'><div class='avia-image-overlay-wrap'><img decoding=\"async\" class='wp-image-26509 avia-img-lazy-loading-not-26509 avia_image' src=\"https:\/\/radiorevelacionfm.cl\/wp-content\/uploads\/2023\/01\/RUTA-CHONA-1-1-1.jpeg\" alt='' title='RUTA CHONA 1 (1) (1)' height=\"600\" width=\"811\"  itemprop=\"thumbnailUrl\" srcset=\"https:\/\/radiorevelacionfm.cl\/wp-content\/uploads\/2023\/01\/RUTA-CHONA-1-1-1.jpeg 811w, https:\/\/radiorevelacionfm.cl\/wp-content\/uploads\/2023\/01\/RUTA-CHONA-1-1-1-300x222.jpeg 300w, https:\/\/radiorevelacionfm.cl\/wp-content\/uploads\/2023\/01\/RUTA-CHONA-1-1-1-768x568.jpeg 768w, https:\/\/radiorevelacionfm.cl\/wp-content\/uploads\/2023\/01\/RUTA-CHONA-1-1-1-705x522.jpeg 705w, https:\/\/radiorevelacionfm.cl\/wp-content\/uploads\/2023\/01\/RUTA-CHONA-1-1-1-600x444.jpeg 600w\" sizes=\"(max-width: 811px) 100vw, 811px\" \/><\/div><\/div><\/div><\/div><div class=\"flex_column av_one_full  flex_column_div av-zero-column-padding first  avia-builder-el-2  el_after_av_one_full  el_before_av_one_full  column-top-margin\" style='border-radius:0px; '><section class=\"av_textblock_section \"  itemscope=\"itemscope\" itemtype=\"https:\/\/schema.org\/BlogPosting\" itemprop=\"blogPost\" ><div class='avia_textblock  '   itemprop=\"text\" ><p style=\"text-align: center;\"><strong><span style=\"font-size: 18pt;\">Con gran \u00e9xito culmin\u00f3 la \u201cRuta Chona Galense\u00bb en el litoral con participaci\u00f3n de destacada nadadora<\/span><\/strong><\/p>\n<div id=\"gtx-trans\" style=\"position: absolute; left: -50px; top: 4.31534px;\">\n<div class=\"gtx-trans-icon\"><\/div>\n<\/div>\n<\/div><\/section><\/div><div class=\"flex_column av_one_full  flex_column_div av-zero-column-padding first  avia-builder-el-4  el_after_av_one_full  el_before_av_hr  column-top-margin\" style='border-radius:0px; '><section class=\"av_textblock_section \"  itemscope=\"itemscope\" itemtype=\"https:\/\/schema.org\/BlogPosting\" itemprop=\"blogPost\" ><div class='avia_textblock  '   itemprop=\"text\" ><p style=\"text-align: justify;\">Destacada fue la presencia y participaci\u00f3n la reconocida nadadora en aguas g\u00e9lidas, Vanessa Garrido, quien marc\u00f3 un record en esta primera versi\u00f3n de la actividad, logrando nadar poco m\u00e1s de 7 mil metros.<\/p>\n<p style=\"text-align: justify;\">Con gran \u00e9xito culmin\u00f3 la \u201cRuta Chona Galense\u201d, donde los participantes recorrieron alrededor de tres millas n\u00e1uticas desde Puerto Gala hasta Playa Bonita, en diferentes disciplinas como vela menor, kayak e incluso nataci\u00f3n.<\/p>\n<p style=\"text-align: justify;\">Luego de la recalada en donde finalizaba el recorrido, se realiz\u00f3 la recepci\u00f3n de los participantes con un rico almuerzo de discada de congrio y camarader\u00eda. Posteriormente, se llevaron a cabo algunos juegos locales, como quien empata m\u00e1s anzuelos y cortar tronco con hacha, para culminar con el reconocimiento a los competidores destacados.<\/p>\n<p style=\"text-align: justify;\">Desde la organizaci\u00f3n del evento deportivo, agradecieron a los participantes, asistentes y a las entidades p\u00fablicas como privadas, as\u00ed como tambi\u00e9n, el apoyo de la Municipalidad de Cisnes, Per Turismo Ays\u00e9n, Corfo Ays\u00e9n y el Gobierno Regional, por llevar adelante este tipo de iniciativa que apoya a los emprendedores como a la localidad.<\/p>\n<p style=\"text-align: justify;\">\u201cPudimos lograr nuestra primera actividad de deportes n\u00e1uticos en la localidad, la primera vez que se hace una actividad de esta \u00edndole y obviamente s\u00faper importante. Contento de la participaci\u00f3n y del apoyo de la Municipalidad de Cisnes, Per Turismo y de muchos privados que creyeron en este lindo proyecto que prendi\u00f3 tanto y que ya vamos para la segunda versi\u00f3n de la Ruta Chona Galense. La idea es, fomentar el deporte n\u00e1utico en nuestra localidad y as\u00ed Puerto Gala sea conocida en la regi\u00f3n y porque no decirlo en el mundo, como la cuna del deporte n\u00e1utico en la comuna de Cisnes, regi\u00f3n de Ays\u00e9n\u201d, se\u00f1al\u00f3 Patricio Maldonado, organizador del evento deportivo.<\/p>\n<p style=\"text-align: justify;\">En tanto, Rolf Traeger, del Per Turismo Ays\u00e9n, puso en valor el aporte que significan a este sector actividades como la \u201cRuta Chona Galense\u201d. Relevando tambi\u00e9n que, gracias a fondos del Gobierno Regional de Ays\u00e9n Per Turismo estuvo presente respaldado esta primera versi\u00f3n de la jornada y con miras a continuar apoyando nuevas fechas de este evento deportivo.<\/p>\n<p style=\"text-align: justify;\">\u201cLo que potencia todo lo que es el turismo, el desarrollo y la promoci\u00f3n del territorio, tambi\u00e9n es algo muy relevante para las localidades apartadas de nuestro territorio. Nosotros como Per Turismo Ays\u00e9n comenzamos a enfocarnos al sector del litoral reci\u00e9n el a\u00f1o 2021, empezamos a ir a Gala, Melimoyu, a los avistamientos de cet\u00e1ceos en conjunto a Ays\u00e9n mira al Mar. Gracias tambi\u00e9n a las gestiones que ha desarrollado el Alcalde Francisco Roncagliolo, ya que, con la Municipalidad de Cisnes hemos tenido un trabajo muy fruct\u00edfero en todas las localidades, desde Ra\u00fal Mar\u00edn hasta hoy Gala y Melimoyu, Puyuhuapi, La Junta, se hicieron acciones y actividades, las cuales queremos seguir replicando, con el apoyo importante del Gobierno Regional de Ays\u00e9n\u201d.<\/p>\n<p style=\"text-align: justify;\">Por su parte, el Alcalde de la comuna de Cisnes, Francisco Roncagliolo, destac\u00f3 la creaci\u00f3n de nuevas actividades deportivas en el litoral de la regi\u00f3n, las cuales como Municipalidad continuar\u00e1n respaldando.<\/p>\n<p style=\"text-align: justify;\">\u201cMuy contentos como Municipalidad, como comuna, de que una localidad aislada de nuestro litoral, en la cual, la \u00fanica forma de llegar es por mar, haya partido con una iniciativa novedosa que invita a la gente a participar, conocer una ruta que para nosotros es s\u00faper importante como la Ruta Chona Galense. Por lo tanto, para nosotros es importante colaborar, en esta actividad se apoy\u00f3 directamente como Municipalidad, pero tambi\u00e9n haciendo las gestiones necesarias para que otras entidades puedan colaborar. Fue una actividad exitosa que ya se instal\u00f3 dentro de la localidad, por lo tanto, en esta primera versi\u00f3n da un pie importante para armar y estructurar las versiones que siguen\u201d.<\/p>\n<p style=\"text-align: justify;\">Importante es relevar la participaci\u00f3n de Vanessa Garrido, conocida nadadora en aguas g\u00e9lidas, quien en medio de un paisaje \u00fanico y escoltada por delfines nariz de botella, instaur\u00f3 un record en la competencia, nadando 3 horas 8 minutos nadando en una extensi\u00f3n de m\u00e1s de 7 mil metros.<\/p>\n<p style=\"text-align: justify;\">Desde la organizaci\u00f3n de la \u201cRuta Chona Galense\u201d, tambi\u00e9n agradecieron la participaci\u00f3n de la escuela Arca N\u00e1utica de Cisnes, a Marcelo, quien lleg\u00f3 desde Chilo\u00e9 con una embarcaci\u00f3n mixta de kayak modificada para hacer vela menor. Adem\u00e1s, la permanente y valorada participaci\u00f3n de los vecinos de Puerto Gala, emprendedores, quienes abastecieron de snack, alimentaci\u00f3n y kayak en esta competencia.<\/p>\n<p style=\"text-align: justify;\">\u201cLa Ruta Chona Galense\u201d, consider\u00f3 actividades en Remo, Kayak, Vela Menor y Mixtos Remos, acompa\u00f1adas de las respectivas embarcaciones de seguridad, donde participaron ni\u00f1os, j\u00f3venes y adultos, destacando entre ellos, la escuelita n\u00e1utica de Puerto Gala \u201cNi\u00f1os del Viento\u201d.<\/p>\n<\/div><\/section><\/div><div  style='height:50px' class='hr hr-invisible   avia-builder-el-6  el_after_av_one_full  el_before_av_social_share '><span class='hr-inner ' ><span class='hr-inner-style'><\/span><\/span><\/div><\/p>\n<div  class='av-social-sharing-box  avia-builder-el-7  el_after_av_hr  el_before_av_hr  '><div class='av-share-box'><h5 class='av-share-link-description av-no-toc '>Compartir esta noticia<\/h5><ul class='av-share-box-list noLightbox'><li class='av-share-link av-social-link-facebook' ><a target=\"_blank\" aria-label=\"Compartir en Facebook\" href='https:\/\/www.facebook.com\/sharer.php?u=https:\/\/radiorevelacionfm.cl\/?p=26508&#038;t=Con%20gran%20%C3%A9xito%20culmin%C3%B3%20la%20%E2%80%9CRuta%20Chona%20Galense%C2%BB%20en%20el%20litoral%20con%20participaci%C3%B3n%20de%20destacada%20nadadora' aria-hidden='false' data-av_icon='\ue8f3' data-av_iconfont='entypo-fontello' title='' data-avia-related-tooltip='Compartir en Facebook' rel=\"noopener\"><span class='avia_hidden_link_text'>Compartir en Facebook<\/span><\/a><\/li><li class='av-share-link av-social-link-twitter' ><a target=\"_blank\" aria-label=\"Compartir en Twitter\" href='https:\/\/twitter.com\/share?text=Con%20gran%20%C3%A9xito%20culmin%C3%B3%20la%20%E2%80%9CRuta%20Chona%20Galense%C2%BB%20en%20el%20litoral%20con%20participaci%C3%B3n%20de%20destacada%20nadadora&#038;url=https:\/\/radiorevelacionfm.cl\/?p=26508' aria-hidden='false' data-av_icon='\ue8f1' data-av_iconfont='entypo-fontello' title='' data-avia-related-tooltip='Compartir en Twitter' rel=\"noopener\"><span class='avia_hidden_link_text'>Compartir en Twitter<\/span><\/a><\/li><li class='av-share-link av-social-link-whatsapp' ><a target=\"_blank\" aria-label=\"Compartir en Whatsapp\" href='https:\/\/api.whatsapp.com\/send?text=https:\/\/radiorevelacionfm.cl\/?p=26508' aria-hidden='false' data-av_icon='\uf232' data-av_iconfont='entypo-fontello' title='' data-avia-related-tooltip='Compartir en Whatsapp' rel=\"noopener\"><span class='avia_hidden_link_text'>Compartir en Whatsapp<\/span><\/a><\/li><li class='av-share-link av-social-link-linkedin' ><a target=\"_blank\" aria-label=\"Compartir en LinkedIn\" href='https:\/\/linkedin.com\/shareArticle?mini=true&#038;title=Con%20gran%20%C3%A9xito%20culmin%C3%B3%20la%20%E2%80%9CRuta%20Chona%20Galense%C2%BB%20en%20el%20litoral%20con%20participaci%C3%B3n%20de%20destacada%20nadadora&#038;url=https:\/\/radiorevelacionfm.cl\/?p=26508' aria-hidden='false' data-av_icon='\ue8fc' data-av_iconfont='entypo-fontello' title='' data-avia-related-tooltip='Compartir en LinkedIn' rel=\"noopener\"><span class='avia_hidden_link_text'>Compartir en LinkedIn<\/span><\/a><\/li><li class='av-share-link av-social-link-mail' ><a  aria-label=\"Compartir por correo\" href='mailto:?subject=Con%20gran%20%C3%A9xito%20culmin%C3%B3%20la%20%E2%80%9CRuta%20Chona%20Galense%C2%BB%20en%20el%20litoral%20con%20participaci%C3%B3n%20de%20destacada%20nadadora&#038;body=https:\/\/radiorevelacionfm.cl\/?p=26508' aria-hidden='false' data-av_icon='\ue805' data-av_iconfont='entypo-fontello' title='' data-avia-related-tooltip='Compartir por correo'><span class='avia_hidden_link_text'>Compartir por correo<\/span><\/a><\/li><\/ul><\/div><\/div>\n<div  style='height:50px' class='hr hr-invisible   avia-builder-el-8  el_after_av_social_share  el_before_av_comments_list '><span class='hr-inner ' ><span class='hr-inner-style'><\/span><\/span><\/div>\n<div  class='av-buildercomment  av-blog-meta-html-info-disabled av-blog-meta-tag-disabled  '><\/div>\n","protected":false},"excerpt":{"rendered":"","protected":false},"author":1,"featured_media":26509,"comment_status":"open","ping_status":"open","sticky":false,"template":"","format":"standard","meta":{"footnotes":""},"categories":[38],"tags":[],"class_list":["post-26508","post","type-post","status-publish","format-standard","has-post-thumbnail","hentry","category-regional"],"jetpack_featured_media_url":"https:\/\/radiorevelacionfm.cl\/wp-content\/uploads\/2023\/01\/RUTA-CHONA-1-1-1.jpeg","_links":{"self":[{"href":"https:\/\/radiorevelacionfm.cl\/index.php?rest_route=\/wp\/v2\/posts\/26508","targetHints":{"allow":["GET"]}}],"collection":[{"href":"https:\/\/radiorevelacionfm.cl\/index.php?rest_route=\/wp\/v2\/posts"}],"about":[{"href":"https:\/\/radiorevelacionfm.cl\/index.php?rest_route=\/wp\/v2\/types\/post"}],"author":[{"embeddable":true,"href":"https:\/\/radiorevelacionfm.cl\/index.php?rest_route=\/wp\/v2\/users\/1"}],"replies":[{"embeddable":true,"href":"https:\/\/radiorevelacionfm.cl\/index.php?rest_route=%2Fwp%2Fv2%2Fcomments&post=26508"}],"version-history":[{"count":2,"href":"https:\/\/radiorevelacionfm.cl\/index.php?rest_route=\/wp\/v2\/posts\/26508\/revisions"}],"predecessor-version":[{"id":26511,"href":"https:\/\/radiorevelacionfm.cl\/index.php?rest_route=\/wp\/v2\/posts\/26508\/revisions\/26511"}],"wp:featuredmedia":[{"embeddable":true,"href":"https:\/\/radiorevelacionfm.cl\/index.php?rest_route=\/wp\/v2\/media\/26509"}],"wp:attachment":[{"href":"https:\/\/radiorevelacionfm.cl\/index.php?rest_route=%2Fwp%2Fv2%2Fmedia&parent=26508"}],"wp:term":[{"taxonomy":"category","embeddable":true,"href":"https:\/\/radiorevelacionfm.cl\/index.php?rest_route=%2Fwp%2Fv2%2Fcategories&post=26508"},{"taxonomy":"post_tag","embeddable":true,"href":"https:\/\/radiorevelacionfm.cl\/index.php?rest_route=%2Fwp%2Fv2%2Ftags&post=26508"}],"curies":[{"name":"wp","href":"https:\/\/api.w.org\/{rel}","templated":true}]}}