{"id":26504,"date":"2023-01-11T19:18:50","date_gmt":"2023-01-11T22:18:50","guid":{"rendered":"https:\/\/radiorevelacionfm.cl\/?p=26504"},"modified":"2023-01-11T19:18:50","modified_gmt":"2023-01-11T22:18:50","slug":"fundacion-integra-inicia-programa-vacaciones-en-mi-jardin-2023","status":"publish","type":"post","link":"https:\/\/radiorevelacionfm.cl\/?p=26504","title":{"rendered":"Fundaci\u00f3n Integra inicia Programa \u201cVacaciones en Mi Jard\u00edn\u201d 2023"},"content":{"rendered":"<div class=\"flex_column av_one_full  flex_column_div av-zero-column-padding first  avia-builder-el-0  el_before_av_one_full  avia-builder-el-first  \" style='border-radius:0px; '><div  class='avia-image-container  av-styling-    avia-builder-el-1  avia-builder-el-no-sibling  avia-align-center '  itemprop=\"image\" itemscope=\"itemscope\" itemtype=\"https:\/\/schema.org\/ImageObject\"  ><div class='avia-image-container-inner'><div class='avia-image-overlay-wrap'><img decoding=\"async\" class='wp-image-26505 avia-img-lazy-loading-not-26505 avia_image' src=\"https:\/\/radiorevelacionfm.cl\/wp-content\/uploads\/2023\/01\/3-55-1-1.jpeg\" alt='' title='3 (55) (1) (1)' height=\"600\" width=\"1335\"  itemprop=\"thumbnailUrl\" srcset=\"https:\/\/radiorevelacionfm.cl\/wp-content\/uploads\/2023\/01\/3-55-1-1.jpeg 1335w, https:\/\/radiorevelacionfm.cl\/wp-content\/uploads\/2023\/01\/3-55-1-1-300x135.jpeg 300w, https:\/\/radiorevelacionfm.cl\/wp-content\/uploads\/2023\/01\/3-55-1-1-1030x463.jpeg 1030w, https:\/\/radiorevelacionfm.cl\/wp-content\/uploads\/2023\/01\/3-55-1-1-768x345.jpeg 768w, https:\/\/radiorevelacionfm.cl\/wp-content\/uploads\/2023\/01\/3-55-1-1-705x317.jpeg 705w, https:\/\/radiorevelacionfm.cl\/wp-content\/uploads\/2023\/01\/3-55-1-1-600x270.jpeg 600w\" sizes=\"(max-width: 1335px) 100vw, 1335px\" \/><\/div><\/div><\/div><\/div><div class=\"flex_column av_one_full  flex_column_div av-zero-column-padding first  avia-builder-el-2  el_after_av_one_full  el_before_av_one_full  column-top-margin\" style='border-radius:0px; '><section class=\"av_textblock_section \"  itemscope=\"itemscope\" itemtype=\"https:\/\/schema.org\/BlogPosting\" itemprop=\"blogPost\" ><div class='avia_textblock  '   itemprop=\"text\" ><p style=\"text-align: center;\"><strong><span style=\"font-size: 18pt;\">Fundaci\u00f3n Integra inicia Programa \u201cVacaciones en Mi Jard\u00edn\u201d 2023<\/span><\/strong><\/p>\n<div id=\"gtx-trans\" style=\"position: absolute; left: -50px; top: 4.31534px;\">\n<div class=\"gtx-trans-icon\"><\/div>\n<\/div>\n<\/div><\/section><\/div><div class=\"flex_column av_one_full  flex_column_div av-zero-column-padding first  avia-builder-el-4  el_after_av_one_full  el_before_av_hr  column-top-margin\" style='border-radius:0px; '><section class=\"av_textblock_section \"  itemscope=\"itemscope\" itemtype=\"https:\/\/schema.org\/BlogPosting\" itemprop=\"blogPost\" ><div class='avia_textblock  '   itemprop=\"text\" ><p style=\"text-align: justify;\">Este mi\u00e9rcoles 11 de enero Fundaci\u00f3n Integra dio inicio a una nueva versi\u00f3n del Programa \u201cVacaciones en Mi Jard\u00edn\u201d (VMJ) 2023 y que est\u00e1 dirigido a ni\u00f1as y ni\u00f1os desde los tres meses a cinco a\u00f1os de edad y cuyas familias viven en situaci\u00f3n de vulnerabilidad social, preferentemente hijas e hijos de madres que trabajan.<\/p>\n<p style=\"text-align: justify;\">Es en ese contexto que la regi\u00f3n de Ays\u00e9n abrir\u00e1 las puertas de dos establecimientos para este Programa como lo son los Jardines Infantiles \u201cLas Araucarias\u201d de Coyhaique y \u201cLos Chilcos\u201d de Puerto Ays\u00e9n, beneficiando a un total de 96 ni\u00f1os y ni\u00f1as quienes podr\u00e1n de los beneficios del VMJ trav\u00e9s de experiencias educativas centradas en el juego y la recreaci\u00f3n.<\/p>\n<p style=\"text-align: justify;\">La directora regional de Fundaci\u00f3n Integra, Leticia Araya Norambuena resalt\u00f3 que \u201cel programa Vacaciones en Mi Jard\u00edn tiene una intenci\u00f3n es distinta a lo que se realiza durante el a\u00f1o, ya que cuando estamos de vacaciones uno sale, hace tardes de cine, realiza actividades de baile, conoce otros lugares y eso es justamente lo que queremos que pase, que prime el juego pero que tambi\u00e9n prime adultos significativos, sensibles a las necesidades de los ni\u00f1os y que este espacio se transforme en su lugar de vacaciones\u201d.<\/p>\n<p style=\"text-align: justify;\">Es importante se\u00f1alar que \u201cVacaciones en Mi Jard\u00edn\u201d es un servicio que pretende dar respuesta a las necesidades de las familias cuyos hijos e hijas requieren de una atenci\u00f3n adecuada y oportuna a sus caracter\u00edsticas, todo esto con actividades l\u00fadicas y en un marco de interacciones positivas que favorezcan el protagonismo y bienestar integral de los p\u00e1rvulos.<\/p>\n<p style=\"text-align: justify;\">Lorena Huarapil, una de las apoderadas beneficiadas con este Programa destaca el aporte de modalidad de verano recalcando que \u201cel jard\u00edn infantil es algo fundamental para el desarrollo de los ni\u00f1os. Ellos ac\u00e1 se desenvuelven, se desarrollan, aprenden con sus pares, juegan y yo, como mam\u00e1, lo agradezco porque nos ayuda y estamos tranquilas en nuestros trabajos porque sabemos que est\u00e1n en buenas manos\u201d.<\/p>\n<p style=\"text-align: justify;\">Una opini\u00f3n similar tiene Viviana L\u00f3pez quien se\u00f1ala que \u201cnuestros hijos ac\u00e1 son felices, comparten con ni\u00f1os de su edad, aprenden, juegan, se desarrollan\u201d. A la vez, destaca que \u201clas t\u00edas los cuidan bien y es un apoyo muy bueno tanto para ellos como para nosotras que trabajamos, cosa que agradecemos much\u00edsimo\u201d.<\/p>\n<p style=\"text-align: justify;\">Cabe recordar que los equipos educativos, de ambos establecimientos, fueron capacitados bajo los principios y sentidos del VMJ buscando con esto poder entregar herramientas que favorezcan estrategias y metodolog\u00edas para poder cumplir con los objetivos de este Programa.<\/p>\n<p style=\"text-align: justify;\">Finalmente, desde Fundaci\u00f3n Integra recalcan que este Programa pone su \u00e9nfasis en el esparcimiento, actividades recreativas y cuidado de los ni\u00f1os y ni\u00f1as, en un contexto l\u00fadico educativo donde se privilegia el juego como metodolog\u00eda principal, ya que este constituye el modo natural en que los ni\u00f1os y ni\u00f1as tienden a relacionarse con el mundo.<\/p>\n<\/div><\/section><\/div><div  style='height:50px' class='hr hr-invisible   avia-builder-el-6  el_after_av_one_full  el_before_av_social_share '><span class='hr-inner ' ><span class='hr-inner-style'><\/span><\/span><\/div><\/p>\n<div  class='av-social-sharing-box  avia-builder-el-7  el_after_av_hr  el_before_av_hr  '><div class='av-share-box'><h5 class='av-share-link-description av-no-toc '>Compartir esta noticia<\/h5><ul class='av-share-box-list noLightbox'><li class='av-share-link av-social-link-facebook' ><a target=\"_blank\" aria-label=\"Compartir en Facebook\" href='https:\/\/www.facebook.com\/sharer.php?u=https:\/\/radiorevelacionfm.cl\/?p=26504&#038;t=Fundaci%C3%B3n%20Integra%20inicia%20Programa%20%E2%80%9CVacaciones%20en%20Mi%20Jard%C3%ADn%E2%80%9D%202023' aria-hidden='false' data-av_icon='\ue8f3' data-av_iconfont='entypo-fontello' title='' data-avia-related-tooltip='Compartir en Facebook' rel=\"noopener\"><span class='avia_hidden_link_text'>Compartir en Facebook<\/span><\/a><\/li><li class='av-share-link av-social-link-twitter' ><a target=\"_blank\" aria-label=\"Compartir en Twitter\" href='https:\/\/twitter.com\/share?text=Fundaci%C3%B3n%20Integra%20inicia%20Programa%20%E2%80%9CVacaciones%20en%20Mi%20Jard%C3%ADn%E2%80%9D%202023&#038;url=https:\/\/radiorevelacionfm.cl\/?p=26504' aria-hidden='false' data-av_icon='\ue8f1' data-av_iconfont='entypo-fontello' title='' data-avia-related-tooltip='Compartir en Twitter' rel=\"noopener\"><span class='avia_hidden_link_text'>Compartir en Twitter<\/span><\/a><\/li><li class='av-share-link av-social-link-whatsapp' ><a target=\"_blank\" aria-label=\"Compartir en Whatsapp\" href='https:\/\/api.whatsapp.com\/send?text=https:\/\/radiorevelacionfm.cl\/?p=26504' aria-hidden='false' data-av_icon='\uf232' data-av_iconfont='entypo-fontello' title='' data-avia-related-tooltip='Compartir en Whatsapp' rel=\"noopener\"><span class='avia_hidden_link_text'>Compartir en Whatsapp<\/span><\/a><\/li><li class='av-share-link av-social-link-linkedin' ><a target=\"_blank\" aria-label=\"Compartir en LinkedIn\" href='https:\/\/linkedin.com\/shareArticle?mini=true&#038;title=Fundaci%C3%B3n%20Integra%20inicia%20Programa%20%E2%80%9CVacaciones%20en%20Mi%20Jard%C3%ADn%E2%80%9D%202023&#038;url=https:\/\/radiorevelacionfm.cl\/?p=26504' aria-hidden='false' data-av_icon='\ue8fc' data-av_iconfont='entypo-fontello' title='' data-avia-related-tooltip='Compartir en LinkedIn' rel=\"noopener\"><span class='avia_hidden_link_text'>Compartir en LinkedIn<\/span><\/a><\/li><li class='av-share-link av-social-link-mail' ><a  aria-label=\"Compartir por correo\" href='mailto:?subject=Fundaci%C3%B3n%20Integra%20inicia%20Programa%20%E2%80%9CVacaciones%20en%20Mi%20Jard%C3%ADn%E2%80%9D%202023&#038;body=https:\/\/radiorevelacionfm.cl\/?p=26504' aria-hidden='false' data-av_icon='\ue805' data-av_iconfont='entypo-fontello' title='' data-avia-related-tooltip='Compartir por correo'><span class='avia_hidden_link_text'>Compartir por correo<\/span><\/a><\/li><\/ul><\/div><\/div>\n<div  style='height:50px' class='hr hr-invisible   avia-builder-el-8  el_after_av_social_share  el_before_av_comments_list '><span class='hr-inner ' ><span class='hr-inner-style'><\/span><\/span><\/div>\n<div  class='av-buildercomment  av-blog-meta-html-info-disabled av-blog-meta-tag-disabled  '><\/div>\n","protected":false},"excerpt":{"rendered":"","protected":false},"author":1,"featured_media":26505,"comment_status":"open","ping_status":"open","sticky":false,"template":"","format":"standard","meta":{"footnotes":""},"categories":[49],"tags":[],"class_list":["post-26504","post","type-post","status-publish","format-standard","has-post-thumbnail","hentry","category-educacion"],"jetpack_featured_media_url":"https:\/\/radiorevelacionfm.cl\/wp-content\/uploads\/2023\/01\/3-55-1-1.jpeg","_links":{"self":[{"href":"https:\/\/radiorevelacionfm.cl\/index.php?rest_route=\/wp\/v2\/posts\/26504","targetHints":{"allow":["GET"]}}],"collection":[{"href":"https:\/\/radiorevelacionfm.cl\/index.php?rest_route=\/wp\/v2\/posts"}],"about":[{"href":"https:\/\/radiorevelacionfm.cl\/index.php?rest_route=\/wp\/v2\/types\/post"}],"author":[{"embeddable":true,"href":"https:\/\/radiorevelacionfm.cl\/index.php?rest_route=\/wp\/v2\/users\/1"}],"replies":[{"embeddable":true,"href":"https:\/\/radiorevelacionfm.cl\/index.php?rest_route=%2Fwp%2Fv2%2Fcomments&post=26504"}],"version-history":[{"count":2,"href":"https:\/\/radiorevelacionfm.cl\/index.php?rest_route=\/wp\/v2\/posts\/26504\/revisions"}],"predecessor-version":[{"id":26519,"href":"https:\/\/radiorevelacionfm.cl\/index.php?rest_route=\/wp\/v2\/posts\/26504\/revisions\/26519"}],"wp:featuredmedia":[{"embeddable":true,"href":"https:\/\/radiorevelacionfm.cl\/index.php?rest_route=\/wp\/v2\/media\/26505"}],"wp:attachment":[{"href":"https:\/\/radiorevelacionfm.cl\/index.php?rest_route=%2Fwp%2Fv2%2Fmedia&parent=26504"}],"wp:term":[{"taxonomy":"category","embeddable":true,"href":"https:\/\/radiorevelacionfm.cl\/index.php?rest_route=%2Fwp%2Fv2%2Fcategories&post=26504"},{"taxonomy":"post_tag","embeddable":true,"href":"https:\/\/radiorevelacionfm.cl\/index.php?rest_route=%2Fwp%2Fv2%2Ftags&post=26504"}],"curies":[{"name":"wp","href":"https:\/\/api.w.org\/{rel}","templated":true}]}}