{"id":26501,"date":"2023-01-11T15:44:45","date_gmt":"2023-01-11T18:44:45","guid":{"rendered":"https:\/\/radiorevelacionfm.cl\/?p=26501"},"modified":"2023-01-11T15:44:45","modified_gmt":"2023-01-11T18:44:45","slug":"huertas-comunitarias-un-espacio-de-conservacion-del-patrimonio-natural-en-valle-simpson","status":"publish","type":"post","link":"https:\/\/radiorevelacionfm.cl\/?p=26501","title":{"rendered":"Huertas comunitarias: un espacio de conservaci\u00f3n del Patrimonio Natural en Valle Simpson"},"content":{"rendered":"<div class=\"flex_column av_one_full  flex_column_div av-zero-column-padding first  avia-builder-el-0  el_before_av_one_full  avia-builder-el-first  \" style='border-radius:0px; '><div  class='avia-image-container  av-styling-    avia-builder-el-1  avia-builder-el-no-sibling  avia-align-center '  itemprop=\"image\" itemscope=\"itemscope\" itemtype=\"https:\/\/schema.org\/ImageObject\"  ><div class='avia-image-container-inner'><div class='avia-image-overlay-wrap'><img decoding=\"async\" class='wp-image-26502 avia-img-lazy-loading-not-26502 avia_image' src=\"https:\/\/radiorevelacionfm.cl\/wp-content\/uploads\/2023\/01\/1-60-1_optimized-1.jpeg\" alt='' title='1-(60)-(1)_optimized (1)' height=\"600\" width=\"800\"  itemprop=\"thumbnailUrl\" srcset=\"https:\/\/radiorevelacionfm.cl\/wp-content\/uploads\/2023\/01\/1-60-1_optimized-1.jpeg 800w, https:\/\/radiorevelacionfm.cl\/wp-content\/uploads\/2023\/01\/1-60-1_optimized-1-300x225.jpeg 300w, https:\/\/radiorevelacionfm.cl\/wp-content\/uploads\/2023\/01\/1-60-1_optimized-1-768x576.jpeg 768w, https:\/\/radiorevelacionfm.cl\/wp-content\/uploads\/2023\/01\/1-60-1_optimized-1-705x529.jpeg 705w, https:\/\/radiorevelacionfm.cl\/wp-content\/uploads\/2023\/01\/1-60-1_optimized-1-600x450.jpeg 600w\" sizes=\"(max-width: 800px) 100vw, 800px\" \/><\/div><\/div><\/div><\/div><div class=\"flex_column av_one_full  flex_column_div av-zero-column-padding first  avia-builder-el-2  el_after_av_one_full  el_before_av_one_full  column-top-margin\" style='border-radius:0px; '><section class=\"av_textblock_section \"  itemscope=\"itemscope\" itemtype=\"https:\/\/schema.org\/BlogPosting\" itemprop=\"blogPost\" ><div class='avia_textblock  '   itemprop=\"text\" ><p style=\"text-align: center;\"><span style=\"font-size: 18pt;\"><strong>Huertas comunitarias: un espacio de conservaci\u00f3n del Patrimonio Natural en Valle Simpson<\/strong><\/span><\/p>\n<div id=\"gtx-trans\" style=\"position: absolute; left: -50px; top: 4.31534px;\">\n<div class=\"gtx-trans-icon\"><\/div>\n<\/div>\n<\/div><\/section><\/div><div class=\"flex_column av_one_full  flex_column_div av-zero-column-padding first  avia-builder-el-4  el_after_av_one_full  el_before_av_hr  column-top-margin\" style='border-radius:0px; '><section class=\"av_textblock_section \"  itemscope=\"itemscope\" itemtype=\"https:\/\/schema.org\/BlogPosting\" itemprop=\"blogPost\" ><div class='avia_textblock  '   itemprop=\"text\" ><p style=\"text-align: justify;\">El \u00c1rea de Arte y Cultura de la Universidad Austral de Chile y la carrera T\u00e9cnico Universitario en Producci\u00f3n Agropecuaria del Campus Patagonia, se encuentran realizando un trabajo colaborativo junto al Taller Productivo y de Adultos Mayores \u201cNuestra Se\u00f1ora de F\u00e1tima\u201d de la localidad de Valle Simpson.<\/p>\n<p style=\"text-align: justify;\">\u00abHuerta Comunitaria, Preservaci\u00f3n de Semillas y Cuidado del Patrimonio Natural\u00bb,\u00a0se denomina el proyecto que comenz\u00f3 a ejecutarse en el mes de diciembre del a\u00f1o reci\u00e9n pasado, donde participan estudiantes, docentes e integrantes de la comunidad para activar la conservaci\u00f3n del patrimonio natural.<\/p>\n<p style=\"text-align: justify;\">Las principales actividades que se desarrollar\u00e1n en este proyecto es dise\u00f1ar sistemas agroecol\u00f3gicos a trav\u00e9s de pr\u00e1cticas sustentables respetuosas con el medioambiente, adaptadas a escenarios de cambio clim\u00e1tico y vinculadas a la comunidad. Asimismo, se pretende que esta huerta comunitaria sirva para la obtenci\u00f3n de alimentos variados, inocuos, nutritivos, saludables en la\u00a0\u00a0cantidad y oportunidad adecuada, a bajo costo y con utilizaci\u00f3n de los recursos locales, los que se utilizar\u00e1n para el autoconsumo, permitiendo una mejora en los h\u00e1bitos alimenticios donde el excedente de \u00e9stos, va a la venta.<\/p>\n<p style=\"text-align: justify;\">Pablo Hern\u00e1ndez, jefe de la carrera T\u00e9cnico Universitario en Producci\u00f3n Agropecuaria, se\u00f1al\u00f3 que durante el mes de diciembre se instalaron dos invernaderos de 6 x 2 metros para cultivo de tomate, hortaliza de hojas, hierbas medicinales y, al aire libre, una huerta libre de 40 metros cuadrados que involucra chacras de haba y arvejas.<\/p>\n<p style=\"text-align: justify;\">Otra de las aristas que se trabajar\u00e1 en esta iniciativa, es el fomento a la preservaci\u00f3n de semillas para la promoci\u00f3n y desarrollo territorial, con una destacada vinculaci\u00f3n con la comunidad donde se compartir\u00e1n experiencias e instancias de mutuo beneficio y finalmente, aportar a la potenciaci\u00f3n de pr\u00e1cticas agroecol\u00f3gicas y replicabilidad en huerta de invierno.<\/p>\n<p style=\"text-align: justify;\">Respecto a la intervenci\u00f3n que tienen las y los estudiantes de primer y segundo a\u00f1o, Hern\u00e1ndez indic\u00f3 que \u201cparticiparon en la instalaci\u00f3n de la infraestructura, en preparar las camas de siembra, lo cual les ayuda en vincular sus conocimientos con la comunidad, en ese sentido ellos prestaron asesor\u00eda t\u00e9cnica a las familias y esto viene a complementar las materias presentes en la sala de clases. Una de las caracter\u00edsticas que tiene la carrera en lo que se refiere al perfil de egreso, es que los alumnos son capaces de vincularse en el rubro de las asesor\u00edas t\u00e9cnicas, en la transferencia tecnol\u00f3gica y la \u00fanica manera de potenciar estos aspectos, es a trav\u00e9s de estos trabajos que son colaborativos con la comunidad en materias propias de la agricultura.\u201d<\/p>\n<p style=\"text-align: justify;\">Cabe destacar que una de las tecnolog\u00edas que se aplic\u00f3 fue la construcci\u00f3n de mesones, por lo que las personas ya no trabajar\u00e1n a raz de piso, sino que de pie, lo que facilita el trabajo a las personas mayores.<\/p>\n<\/div><\/section><\/div><div  style='height:50px' class='hr hr-invisible   avia-builder-el-6  el_after_av_one_full  el_before_av_social_share '><span class='hr-inner ' ><span class='hr-inner-style'><\/span><\/span><\/div><\/p>\n<div  class='av-social-sharing-box  avia-builder-el-7  el_after_av_hr  el_before_av_hr  '><div class='av-share-box'><h5 class='av-share-link-description av-no-toc '>Compartir esta noticia<\/h5><ul class='av-share-box-list noLightbox'><li class='av-share-link av-social-link-facebook' ><a target=\"_blank\" aria-label=\"Compartir en Facebook\" href='https:\/\/www.facebook.com\/sharer.php?u=https:\/\/radiorevelacionfm.cl\/?p=26501&#038;t=Huertas%20comunitarias%3A%20un%20espacio%20de%20conservaci%C3%B3n%20del%20Patrimonio%20Natural%20en%20Valle%20Simpson' aria-hidden='false' data-av_icon='\ue8f3' data-av_iconfont='entypo-fontello' title='' data-avia-related-tooltip='Compartir en Facebook' rel=\"noopener\"><span class='avia_hidden_link_text'>Compartir en Facebook<\/span><\/a><\/li><li class='av-share-link av-social-link-twitter' ><a target=\"_blank\" aria-label=\"Compartir en Twitter\" href='https:\/\/twitter.com\/share?text=Huertas%20comunitarias%3A%20un%20espacio%20de%20conservaci%C3%B3n%20del%20Patrimonio%20Natural%20en%20Valle%20Simpson&#038;url=https:\/\/radiorevelacionfm.cl\/?p=26501' aria-hidden='false' data-av_icon='\ue8f1' data-av_iconfont='entypo-fontello' title='' data-avia-related-tooltip='Compartir en Twitter' rel=\"noopener\"><span class='avia_hidden_link_text'>Compartir en Twitter<\/span><\/a><\/li><li class='av-share-link av-social-link-whatsapp' ><a target=\"_blank\" aria-label=\"Compartir en Whatsapp\" href='https:\/\/api.whatsapp.com\/send?text=https:\/\/radiorevelacionfm.cl\/?p=26501' aria-hidden='false' data-av_icon='\uf232' data-av_iconfont='entypo-fontello' title='' data-avia-related-tooltip='Compartir en Whatsapp' rel=\"noopener\"><span class='avia_hidden_link_text'>Compartir en Whatsapp<\/span><\/a><\/li><li class='av-share-link av-social-link-linkedin' ><a target=\"_blank\" aria-label=\"Compartir en LinkedIn\" href='https:\/\/linkedin.com\/shareArticle?mini=true&#038;title=Huertas%20comunitarias%3A%20un%20espacio%20de%20conservaci%C3%B3n%20del%20Patrimonio%20Natural%20en%20Valle%20Simpson&#038;url=https:\/\/radiorevelacionfm.cl\/?p=26501' aria-hidden='false' data-av_icon='\ue8fc' data-av_iconfont='entypo-fontello' title='' data-avia-related-tooltip='Compartir en LinkedIn' rel=\"noopener\"><span class='avia_hidden_link_text'>Compartir en LinkedIn<\/span><\/a><\/li><li class='av-share-link av-social-link-mail' ><a  aria-label=\"Compartir por correo\" href='mailto:?subject=Huertas%20comunitarias%3A%20un%20espacio%20de%20conservaci%C3%B3n%20del%20Patrimonio%20Natural%20en%20Valle%20Simpson&#038;body=https:\/\/radiorevelacionfm.cl\/?p=26501' aria-hidden='false' data-av_icon='\ue805' data-av_iconfont='entypo-fontello' title='' data-avia-related-tooltip='Compartir por correo'><span class='avia_hidden_link_text'>Compartir por correo<\/span><\/a><\/li><\/ul><\/div><\/div>\n<div  style='height:50px' class='hr hr-invisible   avia-builder-el-8  el_after_av_social_share  el_before_av_comments_list '><span class='hr-inner ' ><span class='hr-inner-style'><\/span><\/span><\/div>\n<div  class='av-buildercomment  av-blog-meta-html-info-disabled av-blog-meta-tag-disabled  '><\/div>\n","protected":false},"excerpt":{"rendered":"","protected":false},"author":1,"featured_media":26502,"comment_status":"open","ping_status":"open","sticky":false,"template":"","format":"standard","meta":{"footnotes":""},"categories":[38],"tags":[],"class_list":["post-26501","post","type-post","status-publish","format-standard","has-post-thumbnail","hentry","category-regional"],"jetpack_featured_media_url":"https:\/\/radiorevelacionfm.cl\/wp-content\/uploads\/2023\/01\/1-60-1_optimized-1.jpeg","_links":{"self":[{"href":"https:\/\/radiorevelacionfm.cl\/index.php?rest_route=\/wp\/v2\/posts\/26501","targetHints":{"allow":["GET"]}}],"collection":[{"href":"https:\/\/radiorevelacionfm.cl\/index.php?rest_route=\/wp\/v2\/posts"}],"about":[{"href":"https:\/\/radiorevelacionfm.cl\/index.php?rest_route=\/wp\/v2\/types\/post"}],"author":[{"embeddable":true,"href":"https:\/\/radiorevelacionfm.cl\/index.php?rest_route=\/wp\/v2\/users\/1"}],"replies":[{"embeddable":true,"href":"https:\/\/radiorevelacionfm.cl\/index.php?rest_route=%2Fwp%2Fv2%2Fcomments&post=26501"}],"version-history":[{"count":2,"href":"https:\/\/radiorevelacionfm.cl\/index.php?rest_route=\/wp\/v2\/posts\/26501\/revisions"}],"predecessor-version":[{"id":26507,"href":"https:\/\/radiorevelacionfm.cl\/index.php?rest_route=\/wp\/v2\/posts\/26501\/revisions\/26507"}],"wp:featuredmedia":[{"embeddable":true,"href":"https:\/\/radiorevelacionfm.cl\/index.php?rest_route=\/wp\/v2\/media\/26502"}],"wp:attachment":[{"href":"https:\/\/radiorevelacionfm.cl\/index.php?rest_route=%2Fwp%2Fv2%2Fmedia&parent=26501"}],"wp:term":[{"taxonomy":"category","embeddable":true,"href":"https:\/\/radiorevelacionfm.cl\/index.php?rest_route=%2Fwp%2Fv2%2Fcategories&post=26501"},{"taxonomy":"post_tag","embeddable":true,"href":"https:\/\/radiorevelacionfm.cl\/index.php?rest_route=%2Fwp%2Fv2%2Ftags&post=26501"}],"curies":[{"name":"wp","href":"https:\/\/api.w.org\/{rel}","templated":true}]}}