{"id":26496,"date":"2023-01-11T14:56:26","date_gmt":"2023-01-11T17:56:26","guid":{"rendered":"https:\/\/radiorevelacionfm.cl\/?p=26496"},"modified":"2023-01-11T14:56:26","modified_gmt":"2023-01-11T17:56:26","slug":"esforzada-vecina-de-manihuales-cumplio-el-sueno-de-la-casa-propia-gracias-al-subsidio-de-asignacion-directa-del-minvu","status":"publish","type":"post","link":"https:\/\/radiorevelacionfm.cl\/?p=26496","title":{"rendered":"Esforzada vecina de Ma\u00f1ihuales cumpli\u00f3 el sue\u00f1o de la casa propia gracias al Subsidio de Asignaci\u00f3n Directa del Minvu"},"content":{"rendered":"<div class=\"flex_column av_one_full  flex_column_div av-zero-column-padding first  avia-builder-el-0  el_before_av_one_full  avia-builder-el-first  \" style='border-radius:0px; '><div  class='avia-image-container  av-styling-    avia-builder-el-1  avia-builder-el-no-sibling  avia-align-center '  itemprop=\"image\" itemscope=\"itemscope\" itemtype=\"https:\/\/schema.org\/ImageObject\"  ><div class='avia-image-container-inner'><div class='avia-image-overlay-wrap'><img decoding=\"async\" class='wp-image-26497 avia-img-lazy-loading-not-26497 avia_image' src=\"https:\/\/radiorevelacionfm.cl\/wp-content\/uploads\/2023\/01\/la-nueva-vivienda-1_optimized.jpg\" alt='' title='la-nueva-vivienda-(1)_optimized' height=\"600\" width=\"900\"  itemprop=\"thumbnailUrl\" srcset=\"https:\/\/radiorevelacionfm.cl\/wp-content\/uploads\/2023\/01\/la-nueva-vivienda-1_optimized.jpg 900w, https:\/\/radiorevelacionfm.cl\/wp-content\/uploads\/2023\/01\/la-nueva-vivienda-1_optimized-300x200.jpg 300w, https:\/\/radiorevelacionfm.cl\/wp-content\/uploads\/2023\/01\/la-nueva-vivienda-1_optimized-768x512.jpg 768w, https:\/\/radiorevelacionfm.cl\/wp-content\/uploads\/2023\/01\/la-nueva-vivienda-1_optimized-705x470.jpg 705w, https:\/\/radiorevelacionfm.cl\/wp-content\/uploads\/2023\/01\/la-nueva-vivienda-1_optimized-600x400.jpg 600w\" sizes=\"(max-width: 900px) 100vw, 900px\" \/><\/div><\/div><\/div><\/div><div class=\"flex_column av_one_full  flex_column_div av-zero-column-padding first  avia-builder-el-2  el_after_av_one_full  el_before_av_one_full  column-top-margin\" style='border-radius:0px; '><section class=\"av_textblock_section \"  itemscope=\"itemscope\" itemtype=\"https:\/\/schema.org\/BlogPosting\" itemprop=\"blogPost\" ><div class='avia_textblock  '   itemprop=\"text\" ><p style=\"text-align: center;\"><strong><span style=\"font-size: 18pt;\">Esforzada vecina de Ma\u00f1ihuales cumpli\u00f3 el sue\u00f1o de la casa propia gracias al Subsidio de Asignaci\u00f3n Directa del Minvu<\/span><\/strong><\/p>\n<div id=\"gtx-trans\" style=\"position: absolute; left: -50px; top: 4.31534px;\">\n<div class=\"gtx-trans-icon\"><\/div>\n<\/div>\n<\/div><\/section><\/div><div class=\"flex_column av_one_full  flex_column_div av-zero-column-padding first  avia-builder-el-4  el_after_av_one_full  el_before_av_hr  column-top-margin\" style='border-radius:0px; '><section class=\"av_textblock_section \"  itemscope=\"itemscope\" itemtype=\"https:\/\/schema.org\/BlogPosting\" itemprop=\"blogPost\" ><div class='avia_textblock  '   itemprop=\"text\" ><p style=\"text-align: justify;\">\u201cMe siento muy contenta y orgullosa, porque este era un antiguo sue\u00f1o que hoy por fin se hace realidad\u201d, se\u00f1al\u00f3 con emoci\u00f3n la esforzada vecina de Villa Ma\u00f1ihuales, Ana Ojeda Mu\u00f1oz, al recibir la semana pasada las llaves de su so\u00f1ada casa propia, soluci\u00f3n que esperaba desde hace m\u00e1s de 15 a\u00f1os sin resultados concretos.<\/p>\n<p style=\"text-align: justify;\">Para compartir el feliz momento junto a la familia, la Seremi de Vivienda y Urbanismo, Paulina Ruz Delf\u00edn, se traslad\u00f3 hasta dicha localidad de la comuna de Ays\u00e9n, donde junto a representantes del municipio, familiares y vecinos, recorri\u00f3 el nuevo inmueble de casi 70 metros cuadrados, el que cuenta con acceso universal y con una sala aparte que servir\u00e1 para implementar el taller de trabajo de la beneficiaria.<\/p>\n<p style=\"text-align: justify;\">Despu\u00e9s de tantos a\u00f1os de espera el proyecto se logr\u00f3 concretar gracias a un subsidio del Programa de Habitabilidad Rural que fue asignado en forma directa por la Seremi de Vivienda, modalidad que se puede aplicar en casos muy especiales, como el de la Se\u00f1ora Ana, que por sus condiciones de salud tiene dificultades de desplazamiento y donde adem\u00e1s viv\u00eda con su familia en muy malas condiciones, en una antigua vivienda que hab\u00eda sido declarada inhabitable.<\/p>\n<p style=\"text-align: justify;\">\u201cPara m\u00ed es un sue\u00f1o y una realidad hoy d\u00eda, es un regalo de Dios. Todav\u00eda no lo puedo creer, ya que he tenido que esperar tantos a\u00f1os, desde el 2005, esperando mi casa, siempre con el apoyo de mi familia, de mis hijos. Me dec\u00edan que espere, aunque siempre sal\u00eda rechazada por una cosa u otra, pero hoy el sue\u00f1o se vuelve realidad y me siento muy contenta y orgullosa, por tener mi casita y nada m\u00e1s que agradecida de Dios\u201d, se\u00f1al\u00f3 la propietaria, mientras mostraba con orgullo las dependencias de su nueva vivienda.<\/p>\n<p style=\"text-align: justify;\">\u201cMe hicieron mi local aparte para mis tejidos y ya no voy a andar con mis cosas por fuera, mis lanas, as\u00ed que hoy me siento muy contenta y orgullosa porque es una casa amplia, todos me felicitan porque es grande y agradecida tambi\u00e9n de mis padres porque ellos siempre fueron el pilar para m\u00ed, para apoyarme y decirme que tenga paciencia\u201d, agreg\u00f3.<\/p>\n<p style=\"text-align: justify;\">De igual forma la Seremi de Vivienda, Paulina Ruz, felicit\u00f3 a la se\u00f1ora Ana por su esfuerzo y perseverancia y agradeci\u00f3 la oportunidad de poder compartir el emotivo momento. \u201cConozco a la se\u00f1ora Ana desde hace bastante tiempo. La verdad es que la casa qued\u00f3 hermosa y de eso se trata tambi\u00e9n la misi\u00f3n que tenemos desde el Ministerio de Vivienda y Urbanismo, de c\u00f3mo mejoramos la calidad de vida de las vecinas y vecinos. La se\u00f1ora Ana vive con su nuera y con su nieta, ten\u00eda una casa que estaba en muy mal estado, inhabitable y ella desde el 2005 esperaba una soluci\u00f3n habitacional la cual se gestion\u00f3 r\u00e1pido y aunque la tramitaci\u00f3n previa fue muy lenta, hoy logramos darle una mejor calidad de vida a ella y su familia\u201d, precis\u00f3.<\/p>\n<p style=\"text-align: justify;\">La autoridad sectorial dijo sentirse emocionada al ver c\u00f3mo el trabajo conjunto permite que las personas tengan un mejor vivir y aseguren su derecho a la vivienda digna. \u201cAgradecer al Municipio de Ays\u00e9n, con quien hemos avanzado en todos estos procesos en materia habitacional y de espacios p\u00fablicos, y esperamos para este 2023 seguir trabajando a trav\u00e9s de los distintos programas, subsidios y asignaciones directas, para entregar nuevas soluciones a las familias de la regi\u00f3n de Ays\u00e9n\u201d, acot\u00f3 la Seremi.<\/p>\n<p style=\"text-align: justify;\">Finalmente, el representante del municipio de Ays\u00e9n, Marco Co\u00f1uecar, expres\u00f3 tambi\u00e9n su satisfacci\u00f3n de ver que en base a una excelente coordinaci\u00f3n y apoyo se cumple un compromiso que hab\u00eda contra\u00eddo personalmente el Alcalde Julio Uribe con la beneficiaria. \u201cEstamos muy contentos, este fue un desaf\u00edo que se present\u00f3 mucho antes que lleg\u00e1ramos al municipio, al igual que la Seremi, por lo tanto, esa es una muestra de que cuando uno se compromete cumple, y quiero agradecer a la Seremi Paulina Ruz porque ese compromiso fue desde el d\u00eda uno. Hemos logrado un trabajo mancomunado que ha dado muy buenos resultados y de esa forma podemos construir un mejor Ays\u00e9n, y en el caso la Seremi una mejor regi\u00f3n. Creo que hoy el Minvu ha dado una tremenda se\u00f1al del trabajo que est\u00e1 realizando y los municipios estamos muy contentos\u201d, coment\u00f3.<\/p>\n<p style=\"text-align: justify;\">La vivienda que se entreg\u00f3 fue ejecutada por la empresa de Roberto Alvarado bajo la inspecci\u00f3n t\u00e9cnica del Serviu regional, con un monto que supera los 44 millones de pesos, en el marco del Programa de Habitabilidad del Minvu. Son casi 70 metros cuadrados, incluyendo ba\u00f1o para discapacitados, dos piezas, piso frotante, cer\u00e1mico en cocina y ba\u00f1o y accesos universales que sin duda permitir\u00e1n a esta familia empezar una mejor vida y mirar con mucho m\u00e1s optimismo hacia el futuro.<\/p>\n<\/div><\/section><\/div><div  style='height:50px' class='hr hr-invisible   avia-builder-el-6  el_after_av_one_full  el_before_av_social_share '><span class='hr-inner ' ><span class='hr-inner-style'><\/span><\/span><\/div><\/p>\n<div  class='av-social-sharing-box  avia-builder-el-7  el_after_av_hr  el_before_av_hr  '><div class='av-share-box'><h5 class='av-share-link-description av-no-toc '>Compartir esta noticia<\/h5><ul class='av-share-box-list noLightbox'><li class='av-share-link av-social-link-facebook' ><a target=\"_blank\" aria-label=\"Compartir en Facebook\" href='https:\/\/www.facebook.com\/sharer.php?u=https:\/\/radiorevelacionfm.cl\/?p=26496&#038;t=Esforzada%20vecina%20de%20Ma%C3%B1ihuales%20cumpli%C3%B3%20el%20sue%C3%B1o%20de%20la%20casa%20propia%20gracias%20al%20Subsidio%20de%20Asignaci%C3%B3n%20Directa%20del%20Minvu' aria-hidden='false' data-av_icon='\ue8f3' data-av_iconfont='entypo-fontello' title='' data-avia-related-tooltip='Compartir en Facebook' rel=\"noopener\"><span class='avia_hidden_link_text'>Compartir en Facebook<\/span><\/a><\/li><li class='av-share-link av-social-link-twitter' ><a target=\"_blank\" aria-label=\"Compartir en Twitter\" href='https:\/\/twitter.com\/share?text=Esforzada%20vecina%20de%20Ma%C3%B1ihuales%20cumpli%C3%B3%20el%20sue%C3%B1o%20de%20la%20casa%20propia%20gracias%20al%20Subsidio%20de%20Asignaci%C3%B3n%20Directa%20del%20Minvu&#038;url=https:\/\/radiorevelacionfm.cl\/?p=26496' aria-hidden='false' data-av_icon='\ue8f1' data-av_iconfont='entypo-fontello' title='' data-avia-related-tooltip='Compartir en Twitter' rel=\"noopener\"><span class='avia_hidden_link_text'>Compartir en Twitter<\/span><\/a><\/li><li class='av-share-link av-social-link-whatsapp' ><a target=\"_blank\" aria-label=\"Compartir en Whatsapp\" href='https:\/\/api.whatsapp.com\/send?text=https:\/\/radiorevelacionfm.cl\/?p=26496' aria-hidden='false' data-av_icon='\uf232' data-av_iconfont='entypo-fontello' title='' data-avia-related-tooltip='Compartir en Whatsapp' rel=\"noopener\"><span class='avia_hidden_link_text'>Compartir en Whatsapp<\/span><\/a><\/li><li class='av-share-link av-social-link-linkedin' ><a target=\"_blank\" aria-label=\"Compartir en LinkedIn\" href='https:\/\/linkedin.com\/shareArticle?mini=true&#038;title=Esforzada%20vecina%20de%20Ma%C3%B1ihuales%20cumpli%C3%B3%20el%20sue%C3%B1o%20de%20la%20casa%20propia%20gracias%20al%20Subsidio%20de%20Asignaci%C3%B3n%20Directa%20del%20Minvu&#038;url=https:\/\/radiorevelacionfm.cl\/?p=26496' aria-hidden='false' data-av_icon='\ue8fc' data-av_iconfont='entypo-fontello' title='' data-avia-related-tooltip='Compartir en LinkedIn' rel=\"noopener\"><span class='avia_hidden_link_text'>Compartir en LinkedIn<\/span><\/a><\/li><li class='av-share-link av-social-link-mail' ><a  aria-label=\"Compartir por correo\" href='mailto:?subject=Esforzada%20vecina%20de%20Ma%C3%B1ihuales%20cumpli%C3%B3%20el%20sue%C3%B1o%20de%20la%20casa%20propia%20gracias%20al%20Subsidio%20de%20Asignaci%C3%B3n%20Directa%20del%20Minvu&#038;body=https:\/\/radiorevelacionfm.cl\/?p=26496' aria-hidden='false' data-av_icon='\ue805' data-av_iconfont='entypo-fontello' title='' data-avia-related-tooltip='Compartir por correo'><span class='avia_hidden_link_text'>Compartir por correo<\/span><\/a><\/li><\/ul><\/div><\/div>\n<div  style='height:50px' class='hr hr-invisible   avia-builder-el-8  el_after_av_social_share  el_before_av_comments_list '><span class='hr-inner ' ><span class='hr-inner-style'><\/span><\/span><\/div>\n<div  class='av-buildercomment  av-blog-meta-html-info-disabled av-blog-meta-tag-disabled  '><\/div>\n","protected":false},"excerpt":{"rendered":"","protected":false},"author":1,"featured_media":26497,"comment_status":"open","ping_status":"open","sticky":false,"template":"","format":"standard","meta":{"footnotes":""},"categories":[57],"tags":[],"class_list":["post-26496","post","type-post","status-publish","format-standard","has-post-thumbnail","hentry","category-vivienda"],"jetpack_featured_media_url":"https:\/\/radiorevelacionfm.cl\/wp-content\/uploads\/2023\/01\/la-nueva-vivienda-1_optimized.jpg","_links":{"self":[{"href":"https:\/\/radiorevelacionfm.cl\/index.php?rest_route=\/wp\/v2\/posts\/26496","targetHints":{"allow":["GET"]}}],"collection":[{"href":"https:\/\/radiorevelacionfm.cl\/index.php?rest_route=\/wp\/v2\/posts"}],"about":[{"href":"https:\/\/radiorevelacionfm.cl\/index.php?rest_route=\/wp\/v2\/types\/post"}],"author":[{"embeddable":true,"href":"https:\/\/radiorevelacionfm.cl\/index.php?rest_route=\/wp\/v2\/users\/1"}],"replies":[{"embeddable":true,"href":"https:\/\/radiorevelacionfm.cl\/index.php?rest_route=%2Fwp%2Fv2%2Fcomments&post=26496"}],"version-history":[{"count":2,"href":"https:\/\/radiorevelacionfm.cl\/index.php?rest_route=\/wp\/v2\/posts\/26496\/revisions"}],"predecessor-version":[{"id":26499,"href":"https:\/\/radiorevelacionfm.cl\/index.php?rest_route=\/wp\/v2\/posts\/26496\/revisions\/26499"}],"wp:featuredmedia":[{"embeddable":true,"href":"https:\/\/radiorevelacionfm.cl\/index.php?rest_route=\/wp\/v2\/media\/26497"}],"wp:attachment":[{"href":"https:\/\/radiorevelacionfm.cl\/index.php?rest_route=%2Fwp%2Fv2%2Fmedia&parent=26496"}],"wp:term":[{"taxonomy":"category","embeddable":true,"href":"https:\/\/radiorevelacionfm.cl\/index.php?rest_route=%2Fwp%2Fv2%2Fcategories&post=26496"},{"taxonomy":"post_tag","embeddable":true,"href":"https:\/\/radiorevelacionfm.cl\/index.php?rest_route=%2Fwp%2Fv2%2Ftags&post=26496"}],"curies":[{"name":"wp","href":"https:\/\/api.w.org\/{rel}","templated":true}]}}