{"id":26493,"date":"2023-01-11T19:06:21","date_gmt":"2023-01-11T22:06:21","guid":{"rendered":"https:\/\/radiorevelacionfm.cl\/?p=26493"},"modified":"2023-01-11T19:06:21","modified_gmt":"2023-01-11T22:06:21","slug":"diputada-marcia-raphael-solicita-al-gobierno-presentar-agenda-en-materia-educacional","status":"publish","type":"post","link":"https:\/\/radiorevelacionfm.cl\/?p=26493","title":{"rendered":"Diputada Marcia Raphael solicita al Gobierno presentar agenda en materia educacional"},"content":{"rendered":"<div class=\"flex_column av_one_full  flex_column_div av-zero-column-padding first  avia-builder-el-0  el_before_av_one_full  avia-builder-el-first  \" style='border-radius:0px; '><div  class='avia-image-container  av-styling-    avia-builder-el-1  avia-builder-el-no-sibling  avia-align-center '  itemprop=\"image\" itemscope=\"itemscope\" itemtype=\"https:\/\/schema.org\/ImageObject\"  ><div class='avia-image-container-inner'><div class='avia-image-overlay-wrap'><img decoding=\"async\" class='wp-image-26494 avia-img-lazy-loading-not-26494 avia_image' src=\"https:\/\/radiorevelacionfm.cl\/wp-content\/uploads\/2023\/01\/mr_02-1-1.jpeg\" alt='' title='mr_02 (1) (1)' height=\"600\" width=\"900\"  itemprop=\"thumbnailUrl\" srcset=\"https:\/\/radiorevelacionfm.cl\/wp-content\/uploads\/2023\/01\/mr_02-1-1.jpeg 900w, https:\/\/radiorevelacionfm.cl\/wp-content\/uploads\/2023\/01\/mr_02-1-1-300x200.jpeg 300w, https:\/\/radiorevelacionfm.cl\/wp-content\/uploads\/2023\/01\/mr_02-1-1-768x512.jpeg 768w, https:\/\/radiorevelacionfm.cl\/wp-content\/uploads\/2023\/01\/mr_02-1-1-705x470.jpeg 705w, https:\/\/radiorevelacionfm.cl\/wp-content\/uploads\/2023\/01\/mr_02-1-1-600x400.jpeg 600w\" sizes=\"(max-width: 900px) 100vw, 900px\" \/><\/div><\/div><\/div><\/div><div class=\"flex_column av_one_full  flex_column_div av-zero-column-padding first  avia-builder-el-2  el_after_av_one_full  el_before_av_one_full  column-top-margin\" style='border-radius:0px; '><section class=\"av_textblock_section \"  itemscope=\"itemscope\" itemtype=\"https:\/\/schema.org\/BlogPosting\" itemprop=\"blogPost\" ><div class='avia_textblock  '   itemprop=\"text\" ><p style=\"text-align: center;\"><strong><span style=\"font-size: 18pt;\">Diputada Marcia Raphael solicita al Gobierno presentar agenda en materia educacional <\/span><\/strong><\/p>\n<div id=\"gtx-trans\" style=\"position: absolute; left: -50px; top: 4.31534px;\">\n<div class=\"gtx-trans-icon\"><\/div>\n<\/div>\n<\/div><\/section><\/div><div class=\"flex_column av_one_full  flex_column_div av-zero-column-padding first  avia-builder-el-4  el_after_av_one_full  el_before_av_hr  column-top-margin\" style='border-radius:0px; '><section class=\"av_textblock_section \"  itemscope=\"itemscope\" itemtype=\"https:\/\/schema.org\/BlogPosting\" itemprop=\"blogPost\" ><div class='avia_textblock  '   itemprop=\"text\" ><p style=\"text-align: justify;\">La diputada de Renovaci\u00f3n Nacional por la Regi\u00f3n de Ays\u00e9n e integrante de la comisi\u00f3n de educaci\u00f3n intervino en la sala de la C\u00e1mara Baja, exponiendo la crisis educacional que vive Chile. En palabras de la legisladora, la crisis se traduce\u00a0 en miles de\u00a0 estudiantes desertores, que abandonaron el sistema educacional, y en la crisis del sistema SAE o com\u00fanmente conocido como sistema de \u201cT\u00f3mbola\u201d.<\/p>\n<p style=\"text-align: justify;\">En este sentido, Raphael realiz\u00f3 una dura cr\u00edtica al ejecutivo se\u00f1alando: \u201cEl Presidente de la Rep\u00fablica y lo ministros Jackson y Vallejo se hicieron famosos hablando de educaci\u00f3n y\u00a0 hoy pareciera que no tienen ni un solo minuto para legislar en favor\u00a0 de los apoderados que llevaban d\u00edas acampando para obtener un cupo para sus hijos y para los m\u00e1s de 50.000 alumnos que abandonaron el sistema educativo durante 2022\u201d.<\/p>\n<p style=\"text-align: justify;\">Para\u00a0 la diputada por Ays\u00e9n, \u201cel gobierno y el Ministerio de Educaci\u00f3n, hoy en d\u00eda no posee una agenda clara y concisa\u00a0 que se haga cargo, en primer lugar, de la crisis que vive la educaci\u00f3n, espec\u00edficamente en los temas relacionados al sistema de admisi\u00f3n escolar que se tradujo en gente acampando afuera de establecimientos educacionales en las comunas de Puerto Ays\u00e9n y Coyhaique\u201d. La legisladora expres\u00f3 adem\u00e1s su preocupaci\u00f3n por las cifras de deserci\u00f3n escolar de la regi\u00f3n, que durante el 2022, alcanz\u00f3 la quinta mayor cifra a nivel nacional.<\/p>\n<p style=\"text-align: justify;\">Por otro lado, la diputada expres\u00f3 tambi\u00e9n\u00a0 su preocupaci\u00f3n sobre algunos problemas\u00a0 presentes en la regi\u00f3n que inciden en un\u00a0 acceso equitativo y justo tanto a la educaci\u00f3n escolar como universitaria. \u201c Si bien existe una preocupaci\u00f3n debido a los problemas que aqueja al sistema educativo a nivel nacional, hay ciertas tem\u00e1ticas presentes a nivel local en las cuales estamos trabajando fuertemente, tales como modificar los requisitos del programa de residencia familiar (PRFE),el regreso\u00a0 de los vuelos FACH para los estudiantes que cursan la educaci\u00f3n superior fuera de la regi\u00f3n\u201d, sentenci\u00f3.<\/p>\n<\/div><\/section><\/div><div  style='height:50px' class='hr hr-invisible   avia-builder-el-6  el_after_av_one_full  el_before_av_social_share '><span class='hr-inner ' ><span class='hr-inner-style'><\/span><\/span><\/div><\/p>\n<div  class='av-social-sharing-box  avia-builder-el-7  el_after_av_hr  el_before_av_hr  '><div class='av-share-box'><h5 class='av-share-link-description av-no-toc '>Compartir esta noticia<\/h5><ul class='av-share-box-list noLightbox'><li class='av-share-link av-social-link-facebook' ><a target=\"_blank\" aria-label=\"Compartir en Facebook\" href='https:\/\/www.facebook.com\/sharer.php?u=https:\/\/radiorevelacionfm.cl\/?p=26493&#038;t=Diputada%20Marcia%20Raphael%20solicita%20al%20Gobierno%20presentar%20agenda%20en%20materia%20educacional' aria-hidden='false' data-av_icon='\ue8f3' data-av_iconfont='entypo-fontello' title='' data-avia-related-tooltip='Compartir en Facebook' rel=\"noopener\"><span class='avia_hidden_link_text'>Compartir en Facebook<\/span><\/a><\/li><li class='av-share-link av-social-link-twitter' ><a target=\"_blank\" aria-label=\"Compartir en Twitter\" href='https:\/\/twitter.com\/share?text=Diputada%20Marcia%20Raphael%20solicita%20al%20Gobierno%20presentar%20agenda%20en%20materia%20educacional&#038;url=https:\/\/radiorevelacionfm.cl\/?p=26493' aria-hidden='false' data-av_icon='\ue8f1' data-av_iconfont='entypo-fontello' title='' data-avia-related-tooltip='Compartir en Twitter' rel=\"noopener\"><span class='avia_hidden_link_text'>Compartir en Twitter<\/span><\/a><\/li><li class='av-share-link av-social-link-whatsapp' ><a target=\"_blank\" aria-label=\"Compartir en Whatsapp\" href='https:\/\/api.whatsapp.com\/send?text=https:\/\/radiorevelacionfm.cl\/?p=26493' aria-hidden='false' data-av_icon='\uf232' data-av_iconfont='entypo-fontello' title='' data-avia-related-tooltip='Compartir en Whatsapp' rel=\"noopener\"><span class='avia_hidden_link_text'>Compartir en Whatsapp<\/span><\/a><\/li><li class='av-share-link av-social-link-linkedin' ><a target=\"_blank\" aria-label=\"Compartir en LinkedIn\" href='https:\/\/linkedin.com\/shareArticle?mini=true&#038;title=Diputada%20Marcia%20Raphael%20solicita%20al%20Gobierno%20presentar%20agenda%20en%20materia%20educacional&#038;url=https:\/\/radiorevelacionfm.cl\/?p=26493' aria-hidden='false' data-av_icon='\ue8fc' data-av_iconfont='entypo-fontello' title='' data-avia-related-tooltip='Compartir en LinkedIn' rel=\"noopener\"><span class='avia_hidden_link_text'>Compartir en LinkedIn<\/span><\/a><\/li><li class='av-share-link av-social-link-mail' ><a  aria-label=\"Compartir por correo\" href='mailto:?subject=Diputada%20Marcia%20Raphael%20solicita%20al%20Gobierno%20presentar%20agenda%20en%20materia%20educacional&#038;body=https:\/\/radiorevelacionfm.cl\/?p=26493' aria-hidden='false' data-av_icon='\ue805' data-av_iconfont='entypo-fontello' title='' data-avia-related-tooltip='Compartir por correo'><span class='avia_hidden_link_text'>Compartir por correo<\/span><\/a><\/li><\/ul><\/div><\/div>\n<div  style='height:50px' class='hr hr-invisible   avia-builder-el-8  el_after_av_social_share  el_before_av_comments_list '><span class='hr-inner ' ><span class='hr-inner-style'><\/span><\/span><\/div>\n<div  class='av-buildercomment  av-blog-meta-html-info-disabled av-blog-meta-tag-disabled  '><\/div>\n","protected":false},"excerpt":{"rendered":"","protected":false},"author":1,"featured_media":26494,"comment_status":"open","ping_status":"open","sticky":false,"template":"","format":"standard","meta":{"footnotes":""},"categories":[35],"tags":[],"class_list":["post-26493","post","type-post","status-publish","format-standard","has-post-thumbnail","hentry","category-politica"],"jetpack_featured_media_url":"https:\/\/radiorevelacionfm.cl\/wp-content\/uploads\/2023\/01\/mr_02-1-1.jpeg","_links":{"self":[{"href":"https:\/\/radiorevelacionfm.cl\/index.php?rest_route=\/wp\/v2\/posts\/26493","targetHints":{"allow":["GET"]}}],"collection":[{"href":"https:\/\/radiorevelacionfm.cl\/index.php?rest_route=\/wp\/v2\/posts"}],"about":[{"href":"https:\/\/radiorevelacionfm.cl\/index.php?rest_route=\/wp\/v2\/types\/post"}],"author":[{"embeddable":true,"href":"https:\/\/radiorevelacionfm.cl\/index.php?rest_route=\/wp\/v2\/users\/1"}],"replies":[{"embeddable":true,"href":"https:\/\/radiorevelacionfm.cl\/index.php?rest_route=%2Fwp%2Fv2%2Fcomments&post=26493"}],"version-history":[{"count":2,"href":"https:\/\/radiorevelacionfm.cl\/index.php?rest_route=\/wp\/v2\/posts\/26493\/revisions"}],"predecessor-version":[{"id":26515,"href":"https:\/\/radiorevelacionfm.cl\/index.php?rest_route=\/wp\/v2\/posts\/26493\/revisions\/26515"}],"wp:featuredmedia":[{"embeddable":true,"href":"https:\/\/radiorevelacionfm.cl\/index.php?rest_route=\/wp\/v2\/media\/26494"}],"wp:attachment":[{"href":"https:\/\/radiorevelacionfm.cl\/index.php?rest_route=%2Fwp%2Fv2%2Fmedia&parent=26493"}],"wp:term":[{"taxonomy":"category","embeddable":true,"href":"https:\/\/radiorevelacionfm.cl\/index.php?rest_route=%2Fwp%2Fv2%2Fcategories&post=26493"},{"taxonomy":"post_tag","embeddable":true,"href":"https:\/\/radiorevelacionfm.cl\/index.php?rest_route=%2Fwp%2Fv2%2Ftags&post=26493"}],"curies":[{"name":"wp","href":"https:\/\/api.w.org\/{rel}","templated":true}]}}