{"id":26486,"date":"2023-01-11T14:34:40","date_gmt":"2023-01-11T17:34:40","guid":{"rendered":"https:\/\/radiorevelacionfm.cl\/?p=26486"},"modified":"2023-01-11T14:34:40","modified_gmt":"2023-01-11T17:34:40","slug":"las-historias-de-las-tejedoras-y-bordadoras-de-aysen-llegan-a-spotify","status":"publish","type":"post","link":"https:\/\/radiorevelacionfm.cl\/?p=26486","title":{"rendered":"Las historias de las tejedoras y bordadoras de Ays\u00e9n llegan a Spotify"},"content":{"rendered":"<div class=\"flex_column av_one_full  flex_column_div av-zero-column-padding first  avia-builder-el-0  el_before_av_one_full  avia-builder-el-first  \" style='border-radius:0px; '><div  class='avia-image-container  av-styling-    avia-builder-el-1  avia-builder-el-no-sibling  avia-align-center '  itemprop=\"image\" itemscope=\"itemscope\" itemtype=\"https:\/\/schema.org\/ImageObject\"  ><div class='avia-image-container-inner'><div class='avia-image-overlay-wrap'><img decoding=\"async\" class='wp-image-26487 avia-img-lazy-loading-not-26487 avia_image' src=\"https:\/\/radiorevelacionfm.cl\/wp-content\/uploads\/2023\/01\/atlas-textil-cap-2-mirna-0-1_optimized.jpg\" alt='' title='atlas-textil-cap-2-mirna-0-(1)_optimized' height=\"600\" width=\"700\"  itemprop=\"thumbnailUrl\" srcset=\"https:\/\/radiorevelacionfm.cl\/wp-content\/uploads\/2023\/01\/atlas-textil-cap-2-mirna-0-1_optimized.jpg 700w, https:\/\/radiorevelacionfm.cl\/wp-content\/uploads\/2023\/01\/atlas-textil-cap-2-mirna-0-1_optimized-300x257.jpg 300w, https:\/\/radiorevelacionfm.cl\/wp-content\/uploads\/2023\/01\/atlas-textil-cap-2-mirna-0-1_optimized-600x514.jpg 600w\" sizes=\"(max-width: 700px) 100vw, 700px\" \/><\/div><\/div><\/div><\/div><div class=\"flex_column av_one_full  flex_column_div av-zero-column-padding first  avia-builder-el-2  el_after_av_one_full  el_before_av_one_full  column-top-margin\" style='border-radius:0px; '><section class=\"av_textblock_section \"  itemscope=\"itemscope\" itemtype=\"https:\/\/schema.org\/BlogPosting\" itemprop=\"blogPost\" ><div class='avia_textblock  '   itemprop=\"text\" ><p style=\"text-align: center;\"><span style=\"font-size: 18pt;\"><b><span lang=\"es\">Las historias de las tejedoras y bordadoras de Ays\u00e9n llegan a Spotify\u00a0<\/span><\/b><\/span><\/p>\n<div id=\"gtx-trans\" style=\"position: absolute; left: -50px; top: 4.31534px;\">\n<div class=\"gtx-trans-icon\"><\/div>\n<\/div>\n<\/div><\/section><\/div><div class=\"flex_column av_one_full  flex_column_div av-zero-column-padding first  avia-builder-el-4  el_after_av_one_full  el_before_av_hr  column-top-margin\" style='border-radius:0px; '><section class=\"av_textblock_section \"  itemscope=\"itemscope\" itemtype=\"https:\/\/schema.org\/BlogPosting\" itemprop=\"blogPost\" ><div class='avia_textblock  '   itemprop=\"text\" ><p style=\"font-weight: 400; text-align: justify;\">La segunda temporada del podcast y programa radial Atlas Textil recorrer\u00e1 nuevas localidades de la Regi\u00f3n de Ays\u00e9n, dando vida a las historias de mujeres hilanderas, tejedoras, tintoreras y bordadoras que rescatan y preservan el oficio textil de la Patagonia.<\/p>\n<p style=\"font-weight: 400; text-align: justify;\">\u201cLos invito a conocer mis historias, mis ra\u00edces, mi historia con la lana\u201d, as\u00ed comienza el primer cap\u00edtulo de la segunda temporada de Atlas Textil, podcast de la Organizaci\u00f3n Pulso Austral que busca destacar el oficio textil y las historias de vida de artesanas de la regi\u00f3n de Ays\u00e9n, proyecto financiado por el Fondo Nacional de Desarrollo Cultural y las Artes, L\u00ednea Difusi\u00f3n, Convocatoria 2022.<\/p>\n<p style=\"font-weight: 400; text-align: justify;\">La iniciativa lanzada durante 2022, tiene por objetivo hacer un rescate del trabajo que por d\u00e9cadas han desarrollado hilanderas, bordadoras y tejedoras de la Patagonia aysenina, imprimiendo una perspectiva de g\u00e9nero para relevar la importancia de los oficios liderados por mujeres en la memoria y patrimonio de este territorio de nuestro pa\u00eds.<\/p>\n<p style=\"font-weight: 400; text-align: justify;\">Mirna Cifuentes, que se declara una amante de la tierra y la lana, habitante de Villa Ma\u00f1ihuales, da vida a la primera historia. \u201cEmpec\u00e9 a aprender escondida en un fog\u00f3n. Un d\u00eda mi abuelo me encontr\u00f3 hilando entre clavos. \u00c9l me hizo mis primeros palillos\u201d, cuenta durante la entrevista, mientras recuerda una vida en el campo, donde el tejido se convirti\u00f3 en su gran pasi\u00f3n y trabajo.<\/p>\n<p style=\"font-weight: 400; text-align: justify;\">\u201cEstamos muy contentas de poder explorar otros territorios de nuestra Patagonia y otras t\u00e9cnicas textiles\u201d, declara la profesora y tejedora Macarena Silva, una de las conductoras del espacio que en conjunto con Catalina Camus, periodista e historiadora, aportan al destacar estas entrevistas que dan vida a \u00edntimos recuerdos de mujeres que narran sus historias familiares y laborales tejidas al calor de las lanas.<\/p>\n<p style=\"font-weight: 400; text-align: justify;\">Para las conductoras, este podcast es \u201cuna ventana para poder ver lo que es la Patagonia profunda. C\u00f3mo es que la gente hace el d\u00eda a d\u00eda en este territorio que es muy hermoso, pero hay que sortear sus rigores\u201d, agrega Macarena.<\/p>\n<p style=\"font-weight: 400; text-align: justify;\">Margaret Cerda, artesana que hered\u00f3 la t\u00e9cnica de las alfombras de Puyuhuapi, nos cuenta sobre su participaci\u00f3n en Atlas Textil. \u201cYo hab\u00eda escuchado la primera temporada y no pens\u00e9 que me iba a tocar a m\u00ed. Me gust\u00f3 la experiencia y el poder dar a conocer el trabajo que se hace en la regi\u00f3n en torno a los oficios textiles. Esto es una oportunidad, sobre todo para los que vivimos fuera de Coyhaique\u201d.<\/p>\n<p style=\"font-weight: 400; text-align: justify;\">Al igual que la primera temporada, en esta nueva entrega una artista estuvo a cargo del dise\u00f1o de las portadas. En esta ocasi\u00f3n, el trabajo es de Sof\u00eda Moreno, ilustradora que en su trabajo se dedica, principalmente, a resaltar la figura femenina, con gestos sutiles, colores y l\u00edneas puras, sello que acompa\u00f1a la imagen de Atlas Textil.<\/p>\n<p style=\"font-weight: 400; text-align: justify;\">El espacio tiene en su segunda temporada diez episodios, que comenzar\u00e1n a estar disponibles desde hoy mi\u00e9rcoles 11 de enero en Spotify, tambi\u00e9n -semana a semana- las conversaciones se pueden o\u00edr en vivo por radio Santa Mar\u00eda para toda la regi\u00f3n de Ays\u00e9n. Cada mi\u00e9rcoles a las 15:00 hrs., a trav\u00e9s de esta emisora que llega a los sectores rurales de la Patagonia.<\/p>\n<p style=\"font-weight: 400; text-align: justify;\">Este nuevo viaje, tal como hab\u00edan prometido sus creadoras, ampli\u00f3 el mapa de las entrevistadas: Villa Cerro Castillo, Puyuhuapi, Chile Chico, Puerto Ib\u00e1\u00f1ez, entre otros, son parte de los territorios que inspiran los cap\u00edtulos de Atlas Textil, podcast que puedes sintonizar desde cualquier lugar del mundo.<\/p>\n<p style=\"font-weight: 400; text-align: justify;\">Puedes o\u00edr el primer cap\u00edtulo aqu\u00ed:\u00a0<a href=\"https:\/\/open.spotify.com\/episode\/6jmLl5oFmYks6XHAwokB4P?si=ammXyXUjTb6-j7PQ5K9LTw\" data-saferedirecturl=\"https:\/\/www.google.com\/url?q=https:\/\/open.spotify.com\/episode\/6jmLl5oFmYks6XHAwokB4P?si%3DammXyXUjTb6-j7PQ5K9LTw&amp;source=gmail&amp;ust=1673542872024000&amp;usg=AOvVaw23abzmUcaS6DtJwSVOBhtB\">https:\/\/open.spotify.com\/episode\/6jmLl5oFmYks6XHAwokB4P?si=ammXyXUjTb6-j7PQ5K9LTw<\/a><\/p>\n<\/div><\/section><\/div><div  style='height:50px' class='hr hr-invisible   avia-builder-el-6  el_after_av_one_full  el_before_av_social_share '><span class='hr-inner ' ><span class='hr-inner-style'><\/span><\/span><\/div><\/p>\n<div  class='av-social-sharing-box  avia-builder-el-7  el_after_av_hr  el_before_av_hr  '><div class='av-share-box'><h5 class='av-share-link-description av-no-toc '>Compartir esta noticia<\/h5><ul class='av-share-box-list noLightbox'><li class='av-share-link av-social-link-facebook' ><a target=\"_blank\" aria-label=\"Compartir en Facebook\" href='https:\/\/www.facebook.com\/sharer.php?u=https:\/\/radiorevelacionfm.cl\/?p=26486&#038;t=Las%20historias%20de%20las%20tejedoras%20y%20bordadoras%20de%20Ays%C3%A9n%20llegan%20a%20Spotify' aria-hidden='false' data-av_icon='\ue8f3' data-av_iconfont='entypo-fontello' title='' data-avia-related-tooltip='Compartir en Facebook' rel=\"noopener\"><span class='avia_hidden_link_text'>Compartir en Facebook<\/span><\/a><\/li><li class='av-share-link av-social-link-twitter' ><a target=\"_blank\" aria-label=\"Compartir en Twitter\" href='https:\/\/twitter.com\/share?text=Las%20historias%20de%20las%20tejedoras%20y%20bordadoras%20de%20Ays%C3%A9n%20llegan%20a%20Spotify&#038;url=https:\/\/radiorevelacionfm.cl\/?p=26486' aria-hidden='false' data-av_icon='\ue8f1' data-av_iconfont='entypo-fontello' title='' data-avia-related-tooltip='Compartir en Twitter' rel=\"noopener\"><span class='avia_hidden_link_text'>Compartir en Twitter<\/span><\/a><\/li><li class='av-share-link av-social-link-whatsapp' ><a target=\"_blank\" aria-label=\"Compartir en Whatsapp\" href='https:\/\/api.whatsapp.com\/send?text=https:\/\/radiorevelacionfm.cl\/?p=26486' aria-hidden='false' data-av_icon='\uf232' data-av_iconfont='entypo-fontello' title='' data-avia-related-tooltip='Compartir en Whatsapp' rel=\"noopener\"><span class='avia_hidden_link_text'>Compartir en Whatsapp<\/span><\/a><\/li><li class='av-share-link av-social-link-linkedin' ><a target=\"_blank\" aria-label=\"Compartir en LinkedIn\" href='https:\/\/linkedin.com\/shareArticle?mini=true&#038;title=Las%20historias%20de%20las%20tejedoras%20y%20bordadoras%20de%20Ays%C3%A9n%20llegan%20a%20Spotify&#038;url=https:\/\/radiorevelacionfm.cl\/?p=26486' aria-hidden='false' data-av_icon='\ue8fc' data-av_iconfont='entypo-fontello' title='' data-avia-related-tooltip='Compartir en LinkedIn' rel=\"noopener\"><span class='avia_hidden_link_text'>Compartir en LinkedIn<\/span><\/a><\/li><li class='av-share-link av-social-link-mail' ><a  aria-label=\"Compartir por correo\" href='mailto:?subject=Las%20historias%20de%20las%20tejedoras%20y%20bordadoras%20de%20Ays%C3%A9n%20llegan%20a%20Spotify&#038;body=https:\/\/radiorevelacionfm.cl\/?p=26486' aria-hidden='false' data-av_icon='\ue805' data-av_iconfont='entypo-fontello' title='' data-avia-related-tooltip='Compartir por correo'><span class='avia_hidden_link_text'>Compartir por correo<\/span><\/a><\/li><\/ul><\/div><\/div>\n<div  style='height:50px' class='hr hr-invisible   avia-builder-el-8  el_after_av_social_share  el_before_av_comments_list '><span class='hr-inner ' ><span class='hr-inner-style'><\/span><\/span><\/div>\n<div  class='av-buildercomment  av-blog-meta-html-info-disabled av-blog-meta-tag-disabled  '><\/div>\n","protected":false},"excerpt":{"rendered":"","protected":false},"author":1,"featured_media":26487,"comment_status":"open","ping_status":"open","sticky":false,"template":"","format":"standard","meta":{"footnotes":""},"categories":[38],"tags":[],"class_list":["post-26486","post","type-post","status-publish","format-standard","has-post-thumbnail","hentry","category-regional"],"jetpack_featured_media_url":"https:\/\/radiorevelacionfm.cl\/wp-content\/uploads\/2023\/01\/atlas-textil-cap-2-mirna-0-1_optimized.jpg","_links":{"self":[{"href":"https:\/\/radiorevelacionfm.cl\/index.php?rest_route=\/wp\/v2\/posts\/26486","targetHints":{"allow":["GET"]}}],"collection":[{"href":"https:\/\/radiorevelacionfm.cl\/index.php?rest_route=\/wp\/v2\/posts"}],"about":[{"href":"https:\/\/radiorevelacionfm.cl\/index.php?rest_route=\/wp\/v2\/types\/post"}],"author":[{"embeddable":true,"href":"https:\/\/radiorevelacionfm.cl\/index.php?rest_route=\/wp\/v2\/users\/1"}],"replies":[{"embeddable":true,"href":"https:\/\/radiorevelacionfm.cl\/index.php?rest_route=%2Fwp%2Fv2%2Fcomments&post=26486"}],"version-history":[{"count":2,"href":"https:\/\/radiorevelacionfm.cl\/index.php?rest_route=\/wp\/v2\/posts\/26486\/revisions"}],"predecessor-version":[{"id":26489,"href":"https:\/\/radiorevelacionfm.cl\/index.php?rest_route=\/wp\/v2\/posts\/26486\/revisions\/26489"}],"wp:featuredmedia":[{"embeddable":true,"href":"https:\/\/radiorevelacionfm.cl\/index.php?rest_route=\/wp\/v2\/media\/26487"}],"wp:attachment":[{"href":"https:\/\/radiorevelacionfm.cl\/index.php?rest_route=%2Fwp%2Fv2%2Fmedia&parent=26486"}],"wp:term":[{"taxonomy":"category","embeddable":true,"href":"https:\/\/radiorevelacionfm.cl\/index.php?rest_route=%2Fwp%2Fv2%2Fcategories&post=26486"},{"taxonomy":"post_tag","embeddable":true,"href":"https:\/\/radiorevelacionfm.cl\/index.php?rest_route=%2Fwp%2Fv2%2Ftags&post=26486"}],"curies":[{"name":"wp","href":"https:\/\/api.w.org\/{rel}","templated":true}]}}