{"id":26478,"date":"2023-01-10T19:19:12","date_gmt":"2023-01-10T22:19:12","guid":{"rendered":"https:\/\/radiorevelacionfm.cl\/?p=26478"},"modified":"2023-01-10T19:19:12","modified_gmt":"2023-01-10T22:19:12","slug":"carabineros-detuvo-a-sujetos-en-cisnes-aysen-y-coyhaique-que-registran-multiples-aprehensiones-previas","status":"publish","type":"post","link":"https:\/\/radiorevelacionfm.cl\/?p=26478","title":{"rendered":"Carabineros detuvo a sujetos en Cisnes, Ays\u00e9n y Coyhaique que registran m\u00faltiples aprehensiones previas"},"content":{"rendered":"<div class=\"flex_column av_one_full  flex_column_div av-zero-column-padding first  avia-builder-el-0  el_before_av_one_full  avia-builder-el-first  \" style='border-radius:0px; '><div  class='avia-image-container  av-styling-    avia-builder-el-1  avia-builder-el-no-sibling  avia-align-center '  itemprop=\"image\" itemscope=\"itemscope\" itemtype=\"https:\/\/schema.org\/ImageObject\"  ><div class='avia-image-container-inner'><div class='avia-image-overlay-wrap'><img decoding=\"async\" class='wp-image-26479 avia-img-lazy-loading-not-26479 avia_image' src=\"https:\/\/radiorevelacionfm.cl\/wp-content\/uploads\/2023\/01\/ccccc-1-1-1.jpg\" alt='' title='ccccc-1 (1) (1)' height=\"600\" width=\"884\"  itemprop=\"thumbnailUrl\" srcset=\"https:\/\/radiorevelacionfm.cl\/wp-content\/uploads\/2023\/01\/ccccc-1-1-1.jpg 884w, https:\/\/radiorevelacionfm.cl\/wp-content\/uploads\/2023\/01\/ccccc-1-1-1-300x204.jpg 300w, https:\/\/radiorevelacionfm.cl\/wp-content\/uploads\/2023\/01\/ccccc-1-1-1-768x521.jpg 768w, https:\/\/radiorevelacionfm.cl\/wp-content\/uploads\/2023\/01\/ccccc-1-1-1-705x479.jpg 705w, https:\/\/radiorevelacionfm.cl\/wp-content\/uploads\/2023\/01\/ccccc-1-1-1-600x407.jpg 600w\" sizes=\"(max-width: 884px) 100vw, 884px\" \/><\/div><\/div><\/div><\/div><div class=\"flex_column av_one_full  flex_column_div av-zero-column-padding first  avia-builder-el-2  el_after_av_one_full  el_before_av_one_full  column-top-margin\" style='border-radius:0px; '><section class=\"av_textblock_section \"  itemscope=\"itemscope\" itemtype=\"https:\/\/schema.org\/BlogPosting\" itemprop=\"blogPost\" ><div class='avia_textblock  '   itemprop=\"text\" ><p style=\"text-align: center;\"><strong><span style=\"font-size: 18pt;\">Carabineros detuvo a sujetos en Cisnes, Ays\u00e9n y Coyhaique que registran m\u00faltiples aprehensiones previas<\/span><\/strong><\/p>\n<div id=\"gtx-trans\" style=\"position: absolute; left: -50px; top: 4.31534px;\">\n<div class=\"gtx-trans-icon\"><\/div>\n<\/div>\n<\/div><\/section><\/div><div class=\"flex_column av_one_full  flex_column_div av-zero-column-padding first  avia-builder-el-4  el_after_av_one_full  el_before_av_hr  column-top-margin\" style='border-radius:0px; '><section class=\"av_textblock_section \"  itemscope=\"itemscope\" itemtype=\"https:\/\/schema.org\/BlogPosting\" itemprop=\"blogPost\" ><div class='avia_textblock  '   itemprop=\"text\" ><p class=\"v1gmail-MsoListParagraphCxSpLast\" style=\"text-align: justify;\">En las \u00faltimas horas, Carabineros captur\u00f3 a dos personas por robo en lugar habitado en Puerto Cisnes, en tanto que otro individuo fue detenido por amenazas de muerte en Puerto Ays\u00e9n, el cual registra antecedentes por robo con intimidaci\u00f3n, da\u00f1os simples, lesiones menos graves, receptaci\u00f3n y porte de arma blanca, entre otros, siendo los antecedentes puestos en conocimiento de los Tribunales de Justicia.<\/p>\n<p class=\"v1MsoNormal\" style=\"text-align: justify;\">Un despliegue de recursos humanos y log\u00edsticos mantiene Carabineros de Chile en la regi\u00f3n de Ays\u00e9n, con la finalidad de resguardar la seguridad durante el periodo estival como parte de la estrategia desarrollada en el contexto del Plan Verano Seguro.<\/p>\n<p class=\"v1MsoNormal\" style=\"text-align: justify;\">Diligencias efectuadas por personal de Carabineros en Puerto Cisnes culminaron con la detenci\u00f3n de dos personas \u2013de sexo femenino y masculino respectivamente- tras una denuncia que daba cuenta de un delito de robo en lugar habitado en el transcurso de la madrugada del lunes.<\/p>\n<p class=\"v1MsoNormal\" style=\"text-align: justify;\">En otro hecho, Carabineros de Puerto Ays\u00e9n detuvo a un sujeto de 23 a\u00f1os de edad quien -tras ser sorprendido por un ciudadano en momentos en que intentaba ingresar a un veh\u00edculo estacionado en la v\u00eda p\u00fablica- extrajo un elemento cortante desde entre sus vestimentas, profiriendo amenazas de muerte.<\/p>\n<p class=\"v1MsoNormal\" style=\"text-align: justify;\">El aprehendido registra antecedentes anteriores por los delitos de robo con intimidaci\u00f3n, da\u00f1os simples, lesiones menos graves, receptaci\u00f3n y porte de arma blanca, entre otros.<\/p>\n<p class=\"v1MsoNormal\" style=\"text-align: justify;\"><b>\u00d3rdenes de detenci\u00f3n vigente<\/b><\/p>\n<p class=\"v1MsoNormal\" style=\"text-align: justify;\">En Coyhaique por su parte Carabineros mantiene un servicio permanente de resguardo en el sector central de la ciudad de Coyhaique -en apoyo al despliegue territorial de la 1ra. Comisar\u00eda- con la finalidad de actuar en flagrancia y prevenir la ocurrencia de delitos.<\/p>\n<p class=\"v1MsoNormal\" style=\"text-align: justify;\">Pasadas las 20:00 horas del lunes, Carabineros efectu\u00f3 un control de identidad a un sujeto de 20 a\u00f1os \u2013al interior de un sitio eriazo- instante en que al verificar los antecedentes, el personal se percat\u00f3 que \u00e9ste registraba una orden de detenci\u00f3n vigente emanada desde el Juzgado de Garant\u00eda de Coyhaique por el delito de robo en lugar no habitado, siendo detenido y derivado a la audiencia de control de detenci\u00f3n.<\/p>\n<p class=\"v1MsoNormal\" style=\"text-align: justify;\">Cabe consignar que el sujeto registra 13 detenciones anteriores, entre las que destacan robo en bienes nacionales de uso p\u00fablico, robo en lugar no habitado, da\u00f1os, hurto, robo de veh\u00edculo motorizado y microtr\u00e1fico, entre otras.<\/p>\n<p class=\"v1MsoNormal\" style=\"text-align: justify;\">Paralelamente, esta ma\u00f1ana, Carabineros mientras efectuaba controles a personas en el centro de la ciudad de Coyhaique, al verificar los antecedentes de dos ciudadanos advirtieron que uno de ellos registraba una orden de detenci\u00f3n vigente por conducci\u00f3n en estado de ebriedad, en tanto que un segundo individuo al ser controlado por el personal, arroj\u00f3 que manten\u00eda una orden de aprehensi\u00f3n pendiente por el delito de lesiones menos graves, emanadas desde el Juzgado de Garant\u00eda de Puerto Ays\u00e9n.<\/p>\n<p class=\"v1MsoNormal\" style=\"text-align: justify;\">No obstante lo anterior, es dable hacer presente que el segundo de los aprehendidos registra 22 detenciones anteriores por los delitos de violencia intrafamiliar, da\u00f1os, hurto, robo en lugar no habitado, infracci\u00f3n a la ley de drogas y porte de arma blanca, entre otros.<\/p>\n<p class=\"v1MsoNormal\" style=\"text-align: justify;\">Durante la presente temporada estival, Carabineros mantiene servicios de fiscalizaci\u00f3n y control a lo largo de las rutas, localidades y comunas de la regi\u00f3n de Ays\u00e9n, con la finalidad de prevenir la ocurrencia de delitos, internaci\u00f3n de sustancias prohibidas al territorio, actuar en flagrancia, resguardando as\u00ed la seguridad y la tranquilidad tanto de la comunidad residente como de quienes nos visitan.<\/p>\n<\/div><\/section><\/div><div  style='height:50px' class='hr hr-invisible   avia-builder-el-6  el_after_av_one_full  el_before_av_social_share '><span class='hr-inner ' ><span class='hr-inner-style'><\/span><\/span><\/div><\/p>\n<div  class='av-social-sharing-box  avia-builder-el-7  el_after_av_hr  el_before_av_hr  '><div class='av-share-box'><h5 class='av-share-link-description av-no-toc '>Compartir esta noticia<\/h5><ul class='av-share-box-list noLightbox'><li class='av-share-link av-social-link-facebook' ><a target=\"_blank\" aria-label=\"Compartir en Facebook\" href='https:\/\/www.facebook.com\/sharer.php?u=https:\/\/radiorevelacionfm.cl\/?p=26478&#038;t=Carabineros%20detuvo%20a%20sujetos%20en%20Cisnes%2C%20Ays%C3%A9n%20y%20Coyhaique%20que%20registran%20m%C3%BAltiples%20aprehensiones%20previas' aria-hidden='false' data-av_icon='\ue8f3' data-av_iconfont='entypo-fontello' title='' data-avia-related-tooltip='Compartir en Facebook' rel=\"noopener\"><span class='avia_hidden_link_text'>Compartir en Facebook<\/span><\/a><\/li><li class='av-share-link av-social-link-twitter' ><a target=\"_blank\" aria-label=\"Compartir en Twitter\" href='https:\/\/twitter.com\/share?text=Carabineros%20detuvo%20a%20sujetos%20en%20Cisnes%2C%20Ays%C3%A9n%20y%20Coyhaique%20que%20registran%20m%C3%BAltiples%20aprehensiones%20previas&#038;url=https:\/\/radiorevelacionfm.cl\/?p=26478' aria-hidden='false' data-av_icon='\ue8f1' data-av_iconfont='entypo-fontello' title='' data-avia-related-tooltip='Compartir en Twitter' rel=\"noopener\"><span class='avia_hidden_link_text'>Compartir en Twitter<\/span><\/a><\/li><li class='av-share-link av-social-link-whatsapp' ><a target=\"_blank\" aria-label=\"Compartir en Whatsapp\" href='https:\/\/api.whatsapp.com\/send?text=https:\/\/radiorevelacionfm.cl\/?p=26478' aria-hidden='false' data-av_icon='\uf232' data-av_iconfont='entypo-fontello' title='' data-avia-related-tooltip='Compartir en Whatsapp' rel=\"noopener\"><span class='avia_hidden_link_text'>Compartir en Whatsapp<\/span><\/a><\/li><li class='av-share-link av-social-link-linkedin' ><a target=\"_blank\" aria-label=\"Compartir en LinkedIn\" href='https:\/\/linkedin.com\/shareArticle?mini=true&#038;title=Carabineros%20detuvo%20a%20sujetos%20en%20Cisnes%2C%20Ays%C3%A9n%20y%20Coyhaique%20que%20registran%20m%C3%BAltiples%20aprehensiones%20previas&#038;url=https:\/\/radiorevelacionfm.cl\/?p=26478' aria-hidden='false' data-av_icon='\ue8fc' data-av_iconfont='entypo-fontello' title='' data-avia-related-tooltip='Compartir en LinkedIn' rel=\"noopener\"><span class='avia_hidden_link_text'>Compartir en LinkedIn<\/span><\/a><\/li><li class='av-share-link av-social-link-mail' ><a  aria-label=\"Compartir por correo\" href='mailto:?subject=Carabineros%20detuvo%20a%20sujetos%20en%20Cisnes%2C%20Ays%C3%A9n%20y%20Coyhaique%20que%20registran%20m%C3%BAltiples%20aprehensiones%20previas&#038;body=https:\/\/radiorevelacionfm.cl\/?p=26478' aria-hidden='false' data-av_icon='\ue805' data-av_iconfont='entypo-fontello' title='' data-avia-related-tooltip='Compartir por correo'><span class='avia_hidden_link_text'>Compartir por correo<\/span><\/a><\/li><\/ul><\/div><\/div>\n<div  style='height:50px' class='hr hr-invisible   avia-builder-el-8  el_after_av_social_share  el_before_av_comments_list '><span class='hr-inner ' ><span class='hr-inner-style'><\/span><\/span><\/div>\n<div  class='av-buildercomment  av-blog-meta-html-info-disabled av-blog-meta-tag-disabled  '><\/div>\n","protected":false},"excerpt":{"rendered":"","protected":false},"author":1,"featured_media":26479,"comment_status":"open","ping_status":"open","sticky":false,"template":"","format":"standard","meta":{"footnotes":""},"categories":[36],"tags":[],"class_list":["post-26478","post","type-post","status-publish","format-standard","has-post-thumbnail","hentry","category-policial"],"jetpack_featured_media_url":"https:\/\/radiorevelacionfm.cl\/wp-content\/uploads\/2023\/01\/ccccc-1-1-1.jpg","_links":{"self":[{"href":"https:\/\/radiorevelacionfm.cl\/index.php?rest_route=\/wp\/v2\/posts\/26478","targetHints":{"allow":["GET"]}}],"collection":[{"href":"https:\/\/radiorevelacionfm.cl\/index.php?rest_route=\/wp\/v2\/posts"}],"about":[{"href":"https:\/\/radiorevelacionfm.cl\/index.php?rest_route=\/wp\/v2\/types\/post"}],"author":[{"embeddable":true,"href":"https:\/\/radiorevelacionfm.cl\/index.php?rest_route=\/wp\/v2\/users\/1"}],"replies":[{"embeddable":true,"href":"https:\/\/radiorevelacionfm.cl\/index.php?rest_route=%2Fwp%2Fv2%2Fcomments&post=26478"}],"version-history":[{"count":2,"href":"https:\/\/radiorevelacionfm.cl\/index.php?rest_route=\/wp\/v2\/posts\/26478\/revisions"}],"predecessor-version":[{"id":26481,"href":"https:\/\/radiorevelacionfm.cl\/index.php?rest_route=\/wp\/v2\/posts\/26478\/revisions\/26481"}],"wp:featuredmedia":[{"embeddable":true,"href":"https:\/\/radiorevelacionfm.cl\/index.php?rest_route=\/wp\/v2\/media\/26479"}],"wp:attachment":[{"href":"https:\/\/radiorevelacionfm.cl\/index.php?rest_route=%2Fwp%2Fv2%2Fmedia&parent=26478"}],"wp:term":[{"taxonomy":"category","embeddable":true,"href":"https:\/\/radiorevelacionfm.cl\/index.php?rest_route=%2Fwp%2Fv2%2Fcategories&post=26478"},{"taxonomy":"post_tag","embeddable":true,"href":"https:\/\/radiorevelacionfm.cl\/index.php?rest_route=%2Fwp%2Fv2%2Ftags&post=26478"}],"curies":[{"name":"wp","href":"https:\/\/api.w.org\/{rel}","templated":true}]}}