{"id":26474,"date":"2023-01-11T10:59:54","date_gmt":"2023-01-11T13:59:54","guid":{"rendered":"https:\/\/radiorevelacionfm.cl\/?p=26474"},"modified":"2023-01-11T10:59:54","modified_gmt":"2023-01-11T13:59:54","slug":"gobernadora-se-reune-con-contralor-general-estamos-avanzando-en-un-convenio-que-permita-dar-agilidad-al-sistema-de-rendicion-de-cuentas","status":"publish","type":"post","link":"https:\/\/radiorevelacionfm.cl\/?p=26474","title":{"rendered":"Gobernadora se re\u00fane con Contralor General: \u00abEstamos avanzando en un convenio que permita dar agilidad al sistema de rendici\u00f3n de cuentas\u00bb"},"content":{"rendered":"<div class=\"flex_column av_one_full  flex_column_div av-zero-column-padding first  avia-builder-el-0  el_before_av_one_full  avia-builder-el-first  \" style='border-radius:0px; '><div  class='avia-image-container  av-styling-    avia-builder-el-1  avia-builder-el-no-sibling  avia-align-center '  itemprop=\"image\" itemscope=\"itemscope\" itemtype=\"https:\/\/schema.org\/ImageObject\"  ><div class='avia-image-container-inner'><div class='avia-image-overlay-wrap'><img decoding=\"async\" class='wp-image-26475 avia-img-lazy-loading-not-26475 avia_image' src=\"https:\/\/radiorevelacionfm.cl\/wp-content\/uploads\/2023\/01\/WhatsApp-Image-2023-01-10-at-12.52.16-2-1-1.jpeg\" alt='' title='WhatsApp Image 2023-01-10 at 12.52.16 (2) (1) (1)' height=\"600\" width=\"900\"  itemprop=\"thumbnailUrl\" srcset=\"https:\/\/radiorevelacionfm.cl\/wp-content\/uploads\/2023\/01\/WhatsApp-Image-2023-01-10-at-12.52.16-2-1-1.jpeg 900w, https:\/\/radiorevelacionfm.cl\/wp-content\/uploads\/2023\/01\/WhatsApp-Image-2023-01-10-at-12.52.16-2-1-1-300x200.jpeg 300w, https:\/\/radiorevelacionfm.cl\/wp-content\/uploads\/2023\/01\/WhatsApp-Image-2023-01-10-at-12.52.16-2-1-1-768x512.jpeg 768w, https:\/\/radiorevelacionfm.cl\/wp-content\/uploads\/2023\/01\/WhatsApp-Image-2023-01-10-at-12.52.16-2-1-1-705x470.jpeg 705w, https:\/\/radiorevelacionfm.cl\/wp-content\/uploads\/2023\/01\/WhatsApp-Image-2023-01-10-at-12.52.16-2-1-1-600x400.jpeg 600w\" sizes=\"(max-width: 900px) 100vw, 900px\" \/><\/div><\/div><\/div><\/div><div class=\"flex_column av_one_full  flex_column_div av-zero-column-padding first  avia-builder-el-2  el_after_av_one_full  el_before_av_one_full  column-top-margin\" style='border-radius:0px; '><section class=\"av_textblock_section \"  itemscope=\"itemscope\" itemtype=\"https:\/\/schema.org\/BlogPosting\" itemprop=\"blogPost\" ><div class='avia_textblock  '   itemprop=\"text\" ><p style=\"text-align: center;\"><strong><span style=\"font-size: 18pt;\">Gobernadora se re\u00fane con Contralor General: \u00abEstamos avanzando en un convenio que permita dar agilidad al sistema de rendici\u00f3n de cuentas\u00bb<\/span><\/strong><\/p>\n<div id=\"gtx-trans\" style=\"position: absolute; left: -50px; top: 4.31534px;\">\n<div class=\"gtx-trans-icon\"><\/div>\n<\/div>\n<\/div><\/section><\/div><div class=\"flex_column av_one_full  flex_column_div av-zero-column-padding first  avia-builder-el-4  el_after_av_one_full  el_before_av_hr  column-top-margin\" style='border-radius:0px; '><section class=\"av_textblock_section \"  itemscope=\"itemscope\" itemtype=\"https:\/\/schema.org\/BlogPosting\" itemprop=\"blogPost\" ><div class='avia_textblock  '   itemprop=\"text\" ><p dir=\"ltr\" style=\"text-align: justify;\">Este martes la Gobernadora Regional, Andrea Mac\u00edas Palma, se reuni\u00f3 con el Contralor General de la Rep\u00fablica, Jorge Berm\u00fadez, y con el Contralor Regional, Ricardo Hevia, para planificar el trabajo conjunto entre ambas instituciones durante este a\u00f1o y desarrollar un convenio que permita dar celeridad a las rendiciones, tanto del Ejecutivo de Ays\u00e9n como a las municipalidades del territorio.<\/p>\n<p dir=\"ltr\" style=\"text-align: justify;\">\u00abEstamos avanzando en la firma de un convenio de colaboraci\u00f3n que nos permita dar agilidad y digitalizar adem\u00e1s, a trav\u00e9s de plataformas que hoy se encuentran disponibles, el sistema de rendici\u00f3n de cuentas de algunos de los subt\u00edtulos que trabaja el Gobierno Regional. Estamos viendo de manera espec\u00edfica la oportunidad que esto significa para poder mejorar tambi\u00e9n los sistemas de rendiciones de los municipios, respecto de los recursos que reciben del Gobierno Regional, as\u00ed como otras materias a nivel interno\u00bb, explic\u00f3 tras la cita la m\u00e1xima autoridad de la Regi\u00f3n de Ays\u00e9n.<\/p>\n<p dir=\"ltr\" style=\"text-align: justify;\">Dentro de la reuni\u00f3n tambi\u00e9n se plantearon temas como, por ejemplo, los problemas de conectividad y las auditor\u00edas que est\u00e1 realizando la Contralor\u00eda en esa materia, y el rol que cumpli\u00f3 el ente contralor en la ejecuci\u00f3n presupuestaria del Gobierno Regional en 2022, entre otros.<\/p>\n<p dir=\"ltr\" style=\"text-align: justify;\">El Contralor General destac\u00f3 que es parte del trabajo de la Contralor\u00eda Nacional estar en terreno en las distintas reparticiones que la instituci\u00f3n tiene en regiones para corroborar que la labor fiscalizadora se est\u00e9 realizando. En ese sentido, Berm\u00fadez evalu\u00f3 positivamente el desempe\u00f1o de la entidad en la regi\u00f3n.<\/p>\n<p dir=\"ltr\" style=\"text-align: justify;\">\u00abLa Contralor\u00eda Regional de Ays\u00e9n es una de las que rankea bien, podr\u00edamos decir, desde el punto de vista de la gesti\u00f3n y la eficacia de la actuaci\u00f3n (&#8230;) creo que una muestra de eso es la confianza que existe de parte de otras instituciones como el Gobierno Regional, respecto de la Contralor\u00eda Regional, para poder, por ejemplo, suscribir el convenio\u00bb, concluy\u00f3 el Contralor Jorge Berm\u00fadez.<\/p>\n<\/div><\/section><\/div><div  style='height:50px' class='hr hr-invisible   avia-builder-el-6  el_after_av_one_full  el_before_av_social_share '><span class='hr-inner ' ><span class='hr-inner-style'><\/span><\/span><\/div><\/p>\n<div  class='av-social-sharing-box  avia-builder-el-7  el_after_av_hr  el_before_av_hr  '><div class='av-share-box'><h5 class='av-share-link-description av-no-toc '>Compartir esta noticia<\/h5><ul class='av-share-box-list noLightbox'><li class='av-share-link av-social-link-facebook' ><a target=\"_blank\" aria-label=\"Compartir en Facebook\" href='https:\/\/www.facebook.com\/sharer.php?u=https:\/\/radiorevelacionfm.cl\/?p=26474&#038;t=Gobernadora%20se%20re%C3%BAne%20con%20Contralor%20General%3A%20%C2%ABEstamos%20avanzando%20en%20un%20convenio%20que%20permita%20dar%20agilidad%20al%20sistema%20de%20rendici%C3%B3n%20de%20cuentas%C2%BB' aria-hidden='false' data-av_icon='\ue8f3' data-av_iconfont='entypo-fontello' title='' data-avia-related-tooltip='Compartir en Facebook' rel=\"noopener\"><span class='avia_hidden_link_text'>Compartir en Facebook<\/span><\/a><\/li><li class='av-share-link av-social-link-twitter' ><a target=\"_blank\" aria-label=\"Compartir en Twitter\" href='https:\/\/twitter.com\/share?text=Gobernadora%20se%20re%C3%BAne%20con%20Contralor%20General%3A%20%C2%ABEstamos%20avanzando%20en%20un%20convenio%20que%20permita%20dar%20agilidad%20al%20sistema%20de%20rendici%C3%B3n%20de%20cuentas%C2%BB&#038;url=https:\/\/radiorevelacionfm.cl\/?p=26474' aria-hidden='false' data-av_icon='\ue8f1' data-av_iconfont='entypo-fontello' title='' data-avia-related-tooltip='Compartir en Twitter' rel=\"noopener\"><span class='avia_hidden_link_text'>Compartir en Twitter<\/span><\/a><\/li><li class='av-share-link av-social-link-whatsapp' ><a target=\"_blank\" aria-label=\"Compartir en Whatsapp\" href='https:\/\/api.whatsapp.com\/send?text=https:\/\/radiorevelacionfm.cl\/?p=26474' aria-hidden='false' data-av_icon='\uf232' data-av_iconfont='entypo-fontello' title='' data-avia-related-tooltip='Compartir en Whatsapp' rel=\"noopener\"><span class='avia_hidden_link_text'>Compartir en Whatsapp<\/span><\/a><\/li><li class='av-share-link av-social-link-linkedin' ><a target=\"_blank\" aria-label=\"Compartir en LinkedIn\" href='https:\/\/linkedin.com\/shareArticle?mini=true&#038;title=Gobernadora%20se%20re%C3%BAne%20con%20Contralor%20General%3A%20%C2%ABEstamos%20avanzando%20en%20un%20convenio%20que%20permita%20dar%20agilidad%20al%20sistema%20de%20rendici%C3%B3n%20de%20cuentas%C2%BB&#038;url=https:\/\/radiorevelacionfm.cl\/?p=26474' aria-hidden='false' data-av_icon='\ue8fc' data-av_iconfont='entypo-fontello' title='' data-avia-related-tooltip='Compartir en LinkedIn' rel=\"noopener\"><span class='avia_hidden_link_text'>Compartir en LinkedIn<\/span><\/a><\/li><li class='av-share-link av-social-link-mail' ><a  aria-label=\"Compartir por correo\" href='mailto:?subject=Gobernadora%20se%20re%C3%BAne%20con%20Contralor%20General%3A%20%C2%ABEstamos%20avanzando%20en%20un%20convenio%20que%20permita%20dar%20agilidad%20al%20sistema%20de%20rendici%C3%B3n%20de%20cuentas%C2%BB&#038;body=https:\/\/radiorevelacionfm.cl\/?p=26474' aria-hidden='false' data-av_icon='\ue805' data-av_iconfont='entypo-fontello' title='' data-avia-related-tooltip='Compartir por correo'><span class='avia_hidden_link_text'>Compartir por correo<\/span><\/a><\/li><\/ul><\/div><\/div>\n<div  style='height:50px' class='hr hr-invisible   avia-builder-el-8  el_after_av_social_share  el_before_av_comments_list '><span class='hr-inner ' ><span class='hr-inner-style'><\/span><\/span><\/div>\n<div  class='av-buildercomment  av-blog-meta-html-info-disabled av-blog-meta-tag-disabled  '><\/div>\n","protected":false},"excerpt":{"rendered":"","protected":false},"author":1,"featured_media":26475,"comment_status":"open","ping_status":"open","sticky":false,"template":"","format":"standard","meta":{"footnotes":""},"categories":[38],"tags":[],"class_list":["post-26474","post","type-post","status-publish","format-standard","has-post-thumbnail","hentry","category-regional"],"jetpack_featured_media_url":"https:\/\/radiorevelacionfm.cl\/wp-content\/uploads\/2023\/01\/WhatsApp-Image-2023-01-10-at-12.52.16-2-1-1.jpeg","_links":{"self":[{"href":"https:\/\/radiorevelacionfm.cl\/index.php?rest_route=\/wp\/v2\/posts\/26474","targetHints":{"allow":["GET"]}}],"collection":[{"href":"https:\/\/radiorevelacionfm.cl\/index.php?rest_route=\/wp\/v2\/posts"}],"about":[{"href":"https:\/\/radiorevelacionfm.cl\/index.php?rest_route=\/wp\/v2\/types\/post"}],"author":[{"embeddable":true,"href":"https:\/\/radiorevelacionfm.cl\/index.php?rest_route=\/wp\/v2\/users\/1"}],"replies":[{"embeddable":true,"href":"https:\/\/radiorevelacionfm.cl\/index.php?rest_route=%2Fwp%2Fv2%2Fcomments&post=26474"}],"version-history":[{"count":2,"href":"https:\/\/radiorevelacionfm.cl\/index.php?rest_route=\/wp\/v2\/posts\/26474\/revisions"}],"predecessor-version":[{"id":26485,"href":"https:\/\/radiorevelacionfm.cl\/index.php?rest_route=\/wp\/v2\/posts\/26474\/revisions\/26485"}],"wp:featuredmedia":[{"embeddable":true,"href":"https:\/\/radiorevelacionfm.cl\/index.php?rest_route=\/wp\/v2\/media\/26475"}],"wp:attachment":[{"href":"https:\/\/radiorevelacionfm.cl\/index.php?rest_route=%2Fwp%2Fv2%2Fmedia&parent=26474"}],"wp:term":[{"taxonomy":"category","embeddable":true,"href":"https:\/\/radiorevelacionfm.cl\/index.php?rest_route=%2Fwp%2Fv2%2Fcategories&post=26474"},{"taxonomy":"post_tag","embeddable":true,"href":"https:\/\/radiorevelacionfm.cl\/index.php?rest_route=%2Fwp%2Fv2%2Ftags&post=26474"}],"curies":[{"name":"wp","href":"https:\/\/api.w.org\/{rel}","templated":true}]}}