{"id":26471,"date":"2023-01-11T09:51:17","date_gmt":"2023-01-11T12:51:17","guid":{"rendered":"https:\/\/radiorevelacionfm.cl\/?p=26471"},"modified":"2023-01-11T09:51:17","modified_gmt":"2023-01-11T12:51:17","slug":"planificacion-con-enfoque-en-los-territorios-realizan-el-seremi-de-trabajo-y-prevision-social-junto-a-servicios-de-la-cartera","status":"publish","type":"post","link":"https:\/\/radiorevelacionfm.cl\/?p=26471","title":{"rendered":"Planificaci\u00f3n con enfoque en los territorios realizan el Seremi de Trabajo y Previsi\u00f3n Social junto a servicios de la cartera"},"content":{"rendered":"<div class=\"flex_column av_one_full  flex_column_div av-zero-column-padding first  avia-builder-el-0  el_before_av_one_full  avia-builder-el-first  \" style='border-radius:0px; '><div  class='avia-image-container  av-styling-    avia-builder-el-1  avia-builder-el-no-sibling  avia-align-center '  itemprop=\"image\" itemscope=\"itemscope\" itemtype=\"https:\/\/schema.org\/ImageObject\"  ><div class='avia-image-container-inner'><div class='avia-image-overlay-wrap'><img decoding=\"async\" class='wp-image-26472 avia-img-lazy-loading-not-26472 avia_image' src=\"https:\/\/radiorevelacionfm.cl\/wp-content\/uploads\/2023\/01\/Coordinaciones_Tortel-1-1.jpg\" alt='' title='Coordinaciones_Tortel (1) (1)' height=\"600\" width=\"800\"  itemprop=\"thumbnailUrl\" srcset=\"https:\/\/radiorevelacionfm.cl\/wp-content\/uploads\/2023\/01\/Coordinaciones_Tortel-1-1.jpg 800w, https:\/\/radiorevelacionfm.cl\/wp-content\/uploads\/2023\/01\/Coordinaciones_Tortel-1-1-300x225.jpg 300w, https:\/\/radiorevelacionfm.cl\/wp-content\/uploads\/2023\/01\/Coordinaciones_Tortel-1-1-768x576.jpg 768w, https:\/\/radiorevelacionfm.cl\/wp-content\/uploads\/2023\/01\/Coordinaciones_Tortel-1-1-705x529.jpg 705w, https:\/\/radiorevelacionfm.cl\/wp-content\/uploads\/2023\/01\/Coordinaciones_Tortel-1-1-600x450.jpg 600w\" sizes=\"(max-width: 800px) 100vw, 800px\" \/><\/div><\/div><\/div><\/div><div class=\"flex_column av_one_full  flex_column_div av-zero-column-padding first  avia-builder-el-2  el_after_av_one_full  el_before_av_one_full  column-top-margin\" style='border-radius:0px; '><section class=\"av_textblock_section \"  itemscope=\"itemscope\" itemtype=\"https:\/\/schema.org\/BlogPosting\" itemprop=\"blogPost\" ><div class='avia_textblock  '   itemprop=\"text\" ><p style=\"text-align: center;\"><span style=\"font-size: 18pt;\"><strong>Planificaci\u00f3n con enfoque en los territorios realizan el Seremi de Trabajo y Previsi\u00f3n Social junto a servicios de la cartera \u00a0<\/strong><\/span><\/p>\n<div id=\"gtx-trans\" style=\"position: absolute; left: -50px; top: 4.31534px;\">\n<div class=\"gtx-trans-icon\"><\/div>\n<\/div>\n<\/div><\/section><\/div><div class=\"flex_column av_one_full  flex_column_div av-zero-column-padding first  avia-builder-el-4  el_after_av_one_full  el_before_av_hr  column-top-margin\" style='border-radius:0px; '><section class=\"av_textblock_section \"  itemscope=\"itemscope\" itemtype=\"https:\/\/schema.org\/BlogPosting\" itemprop=\"blogPost\" ><div class='avia_textblock  '   itemprop=\"text\" ><p style=\"text-align: justify;\">Reuniones con los Alcaldes y sus equipos ha sostenido el Seremi de Trabajo y Previsi\u00f3n Social con los servicios de la cartera, para realizar una planificaci\u00f3n con sello territorial, detectando las necesidades particulares de cada comuna. Esta semana se reunieron con el Alcalde de Tortel, Abel Becerra, para proyectar capacitaciones para la comunidad.<\/p>\n<p style=\"text-align: justify;\">Con el prop\u00f3sito de conversar con cada uno de los alcaldes de los municipios de la Regi\u00f3n de Ays\u00e9n, levantando las necesidades de cada uno de los territorios, el Seremi del Trabajo y Previsi\u00f3n Social, Rodrigo D\u00edaz, acompa\u00f1ado de servicios de la cartera seg\u00fan la localidad, ya se ha reunido con 9 de los 10 ediles de la regi\u00f3n, esperando reunirse prontamente con el Alcalde Lago Verde.<\/p>\n<p style=\"text-align: justify;\">En una primera instancia se han realizado acercamientos seg\u00fan las necesidades detectadas previamente, para luego abordar cada una de las particularidades de los territorios y requerimientos que los propios alcaldes manifiestan, como es el caso de capacitaciones a trav\u00e9s del Instituto de Seguridad Laboral, ISL, a los trabajadores independientes de las comunas y a los funcionarios a honorarios, coordinaciones con el Instituto de Previsi\u00f3n Social, IPS, en prestaciones de servicios y convenios, proyectar capacitaciones con el Servicio Nacional de Capacitaci\u00f3n y Empleo, SENCE y potenciar las OMIL; activar certificaciones laborales con apoyo de los municipios con ChileValora, charlas a trabajadores y empleadores por parte de la Direcci\u00f3n del Trabajo, entre otros.<\/p>\n<p style=\"text-align: justify;\">El Seremi de Trabajo y Previsi\u00f3n Social, Rodrigo D\u00edaz, afirm\u00f3 al respecto, \u201cLos \u00faltimos meses hemos estado en los territorios, en Villa O\u00b4Higgins, Caleta Tortel, Melinka, y nos hemos reunido virtualmente tambi\u00e9n con los alcaldes y sus equipos para empaparnos desde sus propias visiones de las necesidades del territorio y c\u00f3mo a trav\u00e9s del Ministerio de Trabajo y Previsi\u00f3n Social podemos responder a esas necesidades, no con una mirada centralista, sino con la visi\u00f3n del territorio. Hace unos d\u00edas conversamos con el Alcalde(s) de Ays\u00e9n, Marco Co\u00f1uecar, donde esta semana certificaremos a 20 personas en licencias A2 gracias a un curso de capacitaci\u00f3n de SENCE con fondos del Gobierno Regional, y estamos coordinando iniciativas que refuercen la comuna\u201d mencion\u00f3.<\/p>\n<p style=\"text-align: justify;\">La autoridad a\u00f1adi\u00f3, \u201cTambi\u00e9n nos reunimos con el Alcalde Marcelo Santana de R\u00edo Ib\u00e1\u00f1ez con quien pronto esperamos capacitar a los funcionarios a honorarios sobre seguridad y la ley de accidentes del trabajo y enfermedades profesionales por parte del Instituto de Seguridad Laboral, ISL; en Chile Chico nos reunimos con el Alcalde Mu\u00f1oz y apoyamos la importante firma del convenio con el Instituto de Previsi\u00f3n Social, IPS, para que el municipio apoye la llegada de los beneficios del IPS a las localidades m\u00e1s alejadas como Fachinal, Mall\u00edn Grande y Guadal. En fin, estamos intentando llegar a la comunidad como ministerio desde distintos \u00e1mbitos, dando cuenta de la realidad regional al nivel central, los temas de conectividad, la lejan\u00eda de ciertos lugares de la capital regional, reforzando la labor de las Oficinas Municipales de Intermediaci\u00f3n Laboral, OMIL, junto al SENCE, revisando c\u00f3mo lograr convenios que puedan dar cuenta de las particularidades de cada una de las comunas. Como autoridad laboral y previsional, junto a cada uno de los directores regionales y sus equipos, estamos abocados en este tema, a llegar a los territorios\u201d, coment\u00f3 el Seremi Rodrigo D\u00edaz.<\/p>\n<p style=\"text-align: justify;\"><strong><u>Coordinaciones con el Alcalde de Tortel<\/u><\/strong><\/p>\n<p style=\"text-align: justify;\">Este lunes el Seremi de Trabajo y Previsi\u00f3n Social, Rodrigo D\u00edaz sostuvo una reuni\u00f3n con el Alcalde Abel Becerra de Tortel y el encargado municipal de turismo, Sebasti\u00e1n Guti\u00e9rrez, junto al director regional(s) de SENCE, Andro Valdenegro; la Directora regional(s) del ISL, Mery Fontecha y el jefe del \u00e1rea de prevenci\u00f3n, Gonzalo Soto, en la cual se revisaron las acciones que se realizaron durante el segundo semestre, como capacitaciones sobre los derechos a seguridad social de los trabajadores a honorarios, proyectando un trabajo durante las siguientes semanas en materia de capacitaci\u00f3n, donde SENCE trabaja para acercar la oferta telem\u00e1tica de cursos de capacitaci\u00f3n y su oferta presencial a la comuna, articulando tambi\u00e9n con la demanda de la provincia de Capit\u00e1n Prat en rubros de turismo, forestal, transporte, construcci\u00f3n, hoteler\u00eda y servicios.<\/p>\n<p style=\"text-align: justify;\">El Alcalde Abel Becerra de Tortel recalc\u00f3 la importancia de las instancias de coordinaci\u00f3n para adaptar los programas a las necesidades comunales, \u201cPara nosotros desde que tomamos la administraci\u00f3n en la Comuna de Caleta Tortel, es s\u00faper importante poder coordinarlo con los servicios, y sobre todo, los servicios que tienen la injerencia directamente con lo que pasa en los sectores. Nosotros tenemos trabajadores y usuarios que pueden ser del ISL, algunos ya lo son, y sobre todo estas reuniones son muy productivas porque se coordinan otras acciones a veces que no van muy en el enfoque con la pol\u00edtica p\u00fablica del nivel central, sino que la podemos bajar a lo que necesitamos realmente en cada sector, espec\u00edficamente como Tortel, en caso nuestro, pero hay otras comunas que sufren la misma condici\u00f3n, y la idea es adaptar las pol\u00edticas p\u00fablicas a esa zona\u201d, sostuvo.<\/p>\n<p style=\"text-align: justify;\">Por su parte, el Seremi Rodrigo D\u00edaz entreg\u00f3 detalles sobre esta reuni\u00f3n, \u201cComo hemos dicho, nos interesa aportar a cada una de las comunidades seg\u00fan su realidad y particularidades. En la comuna de Tortel, donde el turismo est\u00e1 presente en gran manera, estamos coordinando acciones con el Instituto de Seguridad Laboral, ISL, queremos seguir capacitando, por ejemplo, a todos trabajadores independientes, a honorarios del municipio y apoyarlos en el tema de seguridad laboral, en primeros auxilios, en uso de extintores, en c\u00f3mo reaccionar frente a accidentes laborales, entre otros temas. Prontamente tambi\u00e9n comenzaremos un curso de Licencia A2 de SENCE con fondos del Gobierno Regional en Cochrane, donde, por primera vez, participar\u00e1n personas de Caleta Tortel y eso es fundamental. Esto por solicitud del Alcalde Abel Becerra, en conversaciones previas, junto con reforzar cursos de capacitaci\u00f3n online de Sence. Otro de los temas que conversamos con el Alcalde Becerra fue la Pensi\u00f3n Garantizada Universal, ya que tenemos personas en Tortel que pudiendo hacerlo, no han postulado a la Pensi\u00f3n Garantizada Universal, PGU, y \u00e9l nos va a cooperar en eso, lo que tiene relaci\u00f3n con una buena coordinaci\u00f3n con el Instituto de Previsi\u00f3n Social, IPS\u201d, afirm\u00f3 la autoridad laboral y previsional.<\/p>\n<p style=\"text-align: justify;\">La autoridad adem\u00e1s coment\u00f3 que en las visitas a las localidades se ha reunido con sindicatos, juntas de vecinos, clubes de adultos mayores, empleadores, entre otros, difundiendo algunos de los temas en los que est\u00e1 abocado el Ministerio de Trabajo y Previsi\u00f3n Social, como son el trabajo decente para el buen vivir, las postulaciones a la PGU, Reforma Previsional, proyecto de ley de 40 horas, entre otros, conociendo las percepciones de cada uno de los sectores de la comunidad.<\/p>\n<\/div><\/section><\/div><div  style='height:50px' class='hr hr-invisible   avia-builder-el-6  el_after_av_one_full  el_before_av_social_share '><span class='hr-inner ' ><span class='hr-inner-style'><\/span><\/span><\/div><\/p>\n<div  class='av-social-sharing-box  avia-builder-el-7  el_after_av_hr  el_before_av_hr  '><div class='av-share-box'><h5 class='av-share-link-description av-no-toc '>Compartir esta noticia<\/h5><ul class='av-share-box-list noLightbox'><li class='av-share-link av-social-link-facebook' ><a target=\"_blank\" aria-label=\"Compartir en Facebook\" href='https:\/\/www.facebook.com\/sharer.php?u=https:\/\/radiorevelacionfm.cl\/?p=26471&#038;t=Planificaci%C3%B3n%20con%20enfoque%20en%20los%20territorios%20realizan%20el%20Seremi%20de%20Trabajo%20y%20Previsi%C3%B3n%20Social%20junto%20a%20servicios%20de%20la%20cartera' aria-hidden='false' data-av_icon='\ue8f3' data-av_iconfont='entypo-fontello' title='' data-avia-related-tooltip='Compartir en Facebook' rel=\"noopener\"><span class='avia_hidden_link_text'>Compartir en Facebook<\/span><\/a><\/li><li class='av-share-link av-social-link-twitter' ><a target=\"_blank\" aria-label=\"Compartir en Twitter\" href='https:\/\/twitter.com\/share?text=Planificaci%C3%B3n%20con%20enfoque%20en%20los%20territorios%20realizan%20el%20Seremi%20de%20Trabajo%20y%20Previsi%C3%B3n%20Social%20junto%20a%20servicios%20de%20la%20cartera&#038;url=https:\/\/radiorevelacionfm.cl\/?p=26471' aria-hidden='false' data-av_icon='\ue8f1' data-av_iconfont='entypo-fontello' title='' data-avia-related-tooltip='Compartir en Twitter' rel=\"noopener\"><span class='avia_hidden_link_text'>Compartir en Twitter<\/span><\/a><\/li><li class='av-share-link av-social-link-whatsapp' ><a target=\"_blank\" aria-label=\"Compartir en Whatsapp\" href='https:\/\/api.whatsapp.com\/send?text=https:\/\/radiorevelacionfm.cl\/?p=26471' aria-hidden='false' data-av_icon='\uf232' data-av_iconfont='entypo-fontello' title='' data-avia-related-tooltip='Compartir en Whatsapp' rel=\"noopener\"><span class='avia_hidden_link_text'>Compartir en Whatsapp<\/span><\/a><\/li><li class='av-share-link av-social-link-linkedin' ><a target=\"_blank\" aria-label=\"Compartir en LinkedIn\" href='https:\/\/linkedin.com\/shareArticle?mini=true&#038;title=Planificaci%C3%B3n%20con%20enfoque%20en%20los%20territorios%20realizan%20el%20Seremi%20de%20Trabajo%20y%20Previsi%C3%B3n%20Social%20junto%20a%20servicios%20de%20la%20cartera&#038;url=https:\/\/radiorevelacionfm.cl\/?p=26471' aria-hidden='false' data-av_icon='\ue8fc' data-av_iconfont='entypo-fontello' title='' data-avia-related-tooltip='Compartir en LinkedIn' rel=\"noopener\"><span class='avia_hidden_link_text'>Compartir en LinkedIn<\/span><\/a><\/li><li class='av-share-link av-social-link-mail' ><a  aria-label=\"Compartir por correo\" href='mailto:?subject=Planificaci%C3%B3n%20con%20enfoque%20en%20los%20territorios%20realizan%20el%20Seremi%20de%20Trabajo%20y%20Previsi%C3%B3n%20Social%20junto%20a%20servicios%20de%20la%20cartera&#038;body=https:\/\/radiorevelacionfm.cl\/?p=26471' aria-hidden='false' data-av_icon='\ue805' data-av_iconfont='entypo-fontello' title='' data-avia-related-tooltip='Compartir por correo'><span class='avia_hidden_link_text'>Compartir por correo<\/span><\/a><\/li><\/ul><\/div><\/div>\n<div  style='height:50px' class='hr hr-invisible   avia-builder-el-8  el_after_av_social_share  el_before_av_comments_list '><span class='hr-inner ' ><span class='hr-inner-style'><\/span><\/span><\/div>\n<div  class='av-buildercomment  av-blog-meta-html-info-disabled av-blog-meta-tag-disabled  '><\/div>\n","protected":false},"excerpt":{"rendered":"","protected":false},"author":1,"featured_media":26472,"comment_status":"open","ping_status":"open","sticky":false,"template":"","format":"standard","meta":{"footnotes":""},"categories":[56],"tags":[],"class_list":["post-26471","post","type-post","status-publish","format-standard","has-post-thumbnail","hentry","category-trabajo"],"jetpack_featured_media_url":"https:\/\/radiorevelacionfm.cl\/wp-content\/uploads\/2023\/01\/Coordinaciones_Tortel-1-1.jpg","_links":{"self":[{"href":"https:\/\/radiorevelacionfm.cl\/index.php?rest_route=\/wp\/v2\/posts\/26471","targetHints":{"allow":["GET"]}}],"collection":[{"href":"https:\/\/radiorevelacionfm.cl\/index.php?rest_route=\/wp\/v2\/posts"}],"about":[{"href":"https:\/\/radiorevelacionfm.cl\/index.php?rest_route=\/wp\/v2\/types\/post"}],"author":[{"embeddable":true,"href":"https:\/\/radiorevelacionfm.cl\/index.php?rest_route=\/wp\/v2\/users\/1"}],"replies":[{"embeddable":true,"href":"https:\/\/radiorevelacionfm.cl\/index.php?rest_route=%2Fwp%2Fv2%2Fcomments&post=26471"}],"version-history":[{"count":2,"href":"https:\/\/radiorevelacionfm.cl\/index.php?rest_route=\/wp\/v2\/posts\/26471\/revisions"}],"predecessor-version":[{"id":26483,"href":"https:\/\/radiorevelacionfm.cl\/index.php?rest_route=\/wp\/v2\/posts\/26471\/revisions\/26483"}],"wp:featuredmedia":[{"embeddable":true,"href":"https:\/\/radiorevelacionfm.cl\/index.php?rest_route=\/wp\/v2\/media\/26472"}],"wp:attachment":[{"href":"https:\/\/radiorevelacionfm.cl\/index.php?rest_route=%2Fwp%2Fv2%2Fmedia&parent=26471"}],"wp:term":[{"taxonomy":"category","embeddable":true,"href":"https:\/\/radiorevelacionfm.cl\/index.php?rest_route=%2Fwp%2Fv2%2Fcategories&post=26471"},{"taxonomy":"post_tag","embeddable":true,"href":"https:\/\/radiorevelacionfm.cl\/index.php?rest_route=%2Fwp%2Fv2%2Ftags&post=26471"}],"curies":[{"name":"wp","href":"https:\/\/api.w.org\/{rel}","templated":true}]}}