{"id":26467,"date":"2023-01-10T18:46:38","date_gmt":"2023-01-10T21:46:38","guid":{"rendered":"https:\/\/radiorevelacionfm.cl\/?p=26467"},"modified":"2023-01-10T18:46:38","modified_gmt":"2023-01-10T21:46:38","slug":"medio-ambiente-activa-punto-de-reciclaje-durante-el-verano","status":"publish","type":"post","link":"https:\/\/radiorevelacionfm.cl\/?p=26467","title":{"rendered":"Medio Ambiente activa Punto de Reciclaje durante el verano"},"content":{"rendered":"<div class=\"flex_column av_one_full  flex_column_div av-zero-column-padding first  avia-builder-el-0  el_before_av_one_full  avia-builder-el-first  \" style='border-radius:0px; '><div  class='avia-image-container  av-styling-    avia-builder-el-1  avia-builder-el-no-sibling  avia-align-center '  itemprop=\"image\" itemscope=\"itemscope\" itemtype=\"https:\/\/schema.org\/ImageObject\"  ><div class='avia-image-container-inner'><div class='avia-image-overlay-wrap'><img decoding=\"async\" class='wp-image-26468 avia-img-lazy-loading-not-26468 avia_image' src=\"https:\/\/radiorevelacionfm.cl\/wp-content\/uploads\/2023\/01\/whatsapp-image-2023-01-09-at-9_optimized.04.55-am-1-1-1.jpeg\" alt='' title='whatsapp-image-2023-01-09-at-9_optimized.04.55-am-(1)-(1) (1)' height=\"600\" width=\"785\"  itemprop=\"thumbnailUrl\" srcset=\"https:\/\/radiorevelacionfm.cl\/wp-content\/uploads\/2023\/01\/whatsapp-image-2023-01-09-at-9_optimized.04.55-am-1-1-1.jpeg 785w, https:\/\/radiorevelacionfm.cl\/wp-content\/uploads\/2023\/01\/whatsapp-image-2023-01-09-at-9_optimized.04.55-am-1-1-1-300x229.jpeg 300w, https:\/\/radiorevelacionfm.cl\/wp-content\/uploads\/2023\/01\/whatsapp-image-2023-01-09-at-9_optimized.04.55-am-1-1-1-768x587.jpeg 768w, https:\/\/radiorevelacionfm.cl\/wp-content\/uploads\/2023\/01\/whatsapp-image-2023-01-09-at-9_optimized.04.55-am-1-1-1-705x539.jpeg 705w, https:\/\/radiorevelacionfm.cl\/wp-content\/uploads\/2023\/01\/whatsapp-image-2023-01-09-at-9_optimized.04.55-am-1-1-1-600x459.jpeg 600w\" sizes=\"(max-width: 785px) 100vw, 785px\" \/><\/div><\/div><\/div><\/div><div class=\"flex_column av_one_full  flex_column_div av-zero-column-padding first  avia-builder-el-2  el_after_av_one_full  el_before_av_one_full  column-top-margin\" style='border-radius:0px; '><section class=\"av_textblock_section \"  itemscope=\"itemscope\" itemtype=\"https:\/\/schema.org\/BlogPosting\" itemprop=\"blogPost\" ><div class='avia_textblock  '   itemprop=\"text\" ><p style=\"text-align: center;\" align=\"center\"><span style=\"font-size: 18pt;\"><strong>Medio Ambiente activa <\/strong><\/span><span style=\"font-size: 18pt;\"><strong>Punto de Reciclaje durante el verano<\/strong><\/span><\/p>\n<div id=\"gtx-trans\" style=\"position: absolute; left: -50px; top: 4.31534px;\">\n<div class=\"gtx-trans-icon\"><\/div>\n<\/div>\n<\/div><\/section><\/div><div class=\"flex_column av_one_full  flex_column_div av-zero-column-padding first  avia-builder-el-4  el_after_av_one_full  el_before_av_hr  column-top-margin\" style='border-radius:0px; '><section class=\"av_textblock_section \"  itemscope=\"itemscope\" itemtype=\"https:\/\/schema.org\/BlogPosting\" itemprop=\"blogPost\" ><div class='avia_textblock  '   itemprop=\"text\" ><p style=\"font-weight: 400; text-align: justify;\">Debido a la adherencia que ha logrado por parte de la comunidad el punto limpio implementado en la Seremi del Medio Ambiente de la Regi\u00f3n de Ays\u00e9n, la cartera ambiental puso en marcha una nueva campa\u00f1a ciudadana durante los meses de enero y febrero.<\/p>\n<p style=\"font-weight: 400; text-align: justify;\">\u201cComo equipo de la Seremi del Medio Ambiente buscamos facilitar el reciclaje de residuos y la adopci\u00f3n de pr\u00e1cticas sustentables, acordes a las transformaciones que nuestra sociedad requiere para una relaci\u00f3n m\u00e1s bondadosa con nuestro medio. De esta manera, junto a las y los funcionarios de nuestro equipo hemos implementado un sistema de turnos durante todos los jueves de enero y febrero, para extender nuestra jornada y acompa\u00f1ar a la comunidad al recibir sus residuos, donde lo chequeamos y almacenamos temporalmente para luego llevarlo al centro de acopio para su posterior reciclaje; as\u00ed es que aprovecho de agradecer el compromiso y la voluntad de todas y todos los funcionarios de nuestra oficina\u201d<strong>,\u00a0<\/strong>explic\u00f3 el SEREMI, Juli\u00e1n C\u00e1rdenas.<\/p>\n<p style=\"font-weight: 400; text-align: justify;\">La iniciativa se realiza en convenio con Patagonia sin Residuos, empresa que recibe y env\u00eda a reciclaje lo recolectado en el Punto Limpio temporal. Al igual que la campa\u00f1a anterior, los materiales permitidos corresponden a botellas pl\u00e1sticas PET (limpias y sin etiquetas), tapas pl\u00e1sticas de bebidas, latas de aluminio (no conservas) y este a\u00f1o se recibir\u00e1n adem\u00e1s pilas en desuso.<\/p>\n<p style=\"font-weight: 400; text-align: justify;\">\u201cEl a\u00f1o pasado en un solo mes recolectamos alrededor de 100 kg de pl\u00e1stico PET, por lo que sabemos que la comunidad est\u00e1 atenta a participar y reciclar. As\u00ed que, les pedimos correr la voz, e invitar a sus vecinas y vecinos a que se sumen y traigan sus residuos limpios, para que juntas y juntos cuidemos esta iniciativa\u201d, concluy\u00f3 el Seremi.<\/p>\n<p style=\"font-weight: 400; text-align: justify;\">Adicionalmente, se suma a esta campa\u00f1a Retorna Austral, quienes colaborar\u00e1n en los jueves de reciclaje recibiendo botellas de vidrio reutilizadas por el comercio local, apostando as\u00ed por la econom\u00eda circular en nuestra regi\u00f3n de Ays\u00e9n.<\/p>\n<p style=\"font-weight: 400; text-align: justify;\">Para conocer el tipo de botellas permitidas, la empresa invit\u00f3 a revisar su cuenta de Instagram @retornaustral.<\/p>\n<p style=\"font-weight: 400; text-align: justify;\">El punto estar\u00e1 habilitado todos los d\u00edas jueves de enero y febrero desde las 12:00 y hasta las 19.00 hrs. en las dependencias de la SEREMI del Medio Ambiente, ubicadas en calle Portales 125, Coyhaique.<\/p>\n<\/div><\/section><\/div><div  style='height:50px' class='hr hr-invisible   avia-builder-el-6  el_after_av_one_full  el_before_av_social_share '><span class='hr-inner ' ><span class='hr-inner-style'><\/span><\/span><\/div><\/p>\n<div  class='av-social-sharing-box  avia-builder-el-7  el_after_av_hr  el_before_av_hr  '><div class='av-share-box'><h5 class='av-share-link-description av-no-toc '>Compartir esta noticia<\/h5><ul class='av-share-box-list noLightbox'><li class='av-share-link av-social-link-facebook' ><a target=\"_blank\" aria-label=\"Compartir en Facebook\" href='https:\/\/www.facebook.com\/sharer.php?u=https:\/\/radiorevelacionfm.cl\/?p=26467&#038;t=Medio%20Ambiente%20activa%20Punto%20de%20Reciclaje%20durante%20el%20verano' aria-hidden='false' data-av_icon='\ue8f3' data-av_iconfont='entypo-fontello' title='' data-avia-related-tooltip='Compartir en Facebook' rel=\"noopener\"><span class='avia_hidden_link_text'>Compartir en Facebook<\/span><\/a><\/li><li class='av-share-link av-social-link-twitter' ><a target=\"_blank\" aria-label=\"Compartir en Twitter\" href='https:\/\/twitter.com\/share?text=Medio%20Ambiente%20activa%20Punto%20de%20Reciclaje%20durante%20el%20verano&#038;url=https:\/\/radiorevelacionfm.cl\/?p=26467' aria-hidden='false' data-av_icon='\ue8f1' data-av_iconfont='entypo-fontello' title='' data-avia-related-tooltip='Compartir en Twitter' rel=\"noopener\"><span class='avia_hidden_link_text'>Compartir en Twitter<\/span><\/a><\/li><li class='av-share-link av-social-link-whatsapp' ><a target=\"_blank\" aria-label=\"Compartir en Whatsapp\" href='https:\/\/api.whatsapp.com\/send?text=https:\/\/radiorevelacionfm.cl\/?p=26467' aria-hidden='false' data-av_icon='\uf232' data-av_iconfont='entypo-fontello' title='' data-avia-related-tooltip='Compartir en Whatsapp' rel=\"noopener\"><span class='avia_hidden_link_text'>Compartir en Whatsapp<\/span><\/a><\/li><li class='av-share-link av-social-link-linkedin' ><a target=\"_blank\" aria-label=\"Compartir en LinkedIn\" href='https:\/\/linkedin.com\/shareArticle?mini=true&#038;title=Medio%20Ambiente%20activa%20Punto%20de%20Reciclaje%20durante%20el%20verano&#038;url=https:\/\/radiorevelacionfm.cl\/?p=26467' aria-hidden='false' data-av_icon='\ue8fc' data-av_iconfont='entypo-fontello' title='' data-avia-related-tooltip='Compartir en LinkedIn' rel=\"noopener\"><span class='avia_hidden_link_text'>Compartir en LinkedIn<\/span><\/a><\/li><li class='av-share-link av-social-link-mail' ><a  aria-label=\"Compartir por correo\" href='mailto:?subject=Medio%20Ambiente%20activa%20Punto%20de%20Reciclaje%20durante%20el%20verano&#038;body=https:\/\/radiorevelacionfm.cl\/?p=26467' aria-hidden='false' data-av_icon='\ue805' data-av_iconfont='entypo-fontello' title='' data-avia-related-tooltip='Compartir por correo'><span class='avia_hidden_link_text'>Compartir por correo<\/span><\/a><\/li><\/ul><\/div><\/div>\n<div  style='height:50px' class='hr hr-invisible   avia-builder-el-8  el_after_av_social_share  el_before_av_comments_list '><span class='hr-inner ' ><span class='hr-inner-style'><\/span><\/span><\/div>\n<div  class='av-buildercomment  av-blog-meta-html-info-disabled av-blog-meta-tag-disabled  '><\/div>\n","protected":false},"excerpt":{"rendered":"","protected":false},"author":1,"featured_media":26468,"comment_status":"open","ping_status":"open","sticky":false,"template":"","format":"standard","meta":{"footnotes":""},"categories":[39],"tags":[],"class_list":["post-26467","post","type-post","status-publish","format-standard","has-post-thumbnail","hentry","category-medio-ambiente"],"jetpack_featured_media_url":"https:\/\/radiorevelacionfm.cl\/wp-content\/uploads\/2023\/01\/whatsapp-image-2023-01-09-at-9_optimized.04.55-am-1-1-1.jpeg","_links":{"self":[{"href":"https:\/\/radiorevelacionfm.cl\/index.php?rest_route=\/wp\/v2\/posts\/26467","targetHints":{"allow":["GET"]}}],"collection":[{"href":"https:\/\/radiorevelacionfm.cl\/index.php?rest_route=\/wp\/v2\/posts"}],"about":[{"href":"https:\/\/radiorevelacionfm.cl\/index.php?rest_route=\/wp\/v2\/types\/post"}],"author":[{"embeddable":true,"href":"https:\/\/radiorevelacionfm.cl\/index.php?rest_route=\/wp\/v2\/users\/1"}],"replies":[{"embeddable":true,"href":"https:\/\/radiorevelacionfm.cl\/index.php?rest_route=%2Fwp%2Fv2%2Fcomments&post=26467"}],"version-history":[{"count":2,"href":"https:\/\/radiorevelacionfm.cl\/index.php?rest_route=\/wp\/v2\/posts\/26467\/revisions"}],"predecessor-version":[{"id":26477,"href":"https:\/\/radiorevelacionfm.cl\/index.php?rest_route=\/wp\/v2\/posts\/26467\/revisions\/26477"}],"wp:featuredmedia":[{"embeddable":true,"href":"https:\/\/radiorevelacionfm.cl\/index.php?rest_route=\/wp\/v2\/media\/26468"}],"wp:attachment":[{"href":"https:\/\/radiorevelacionfm.cl\/index.php?rest_route=%2Fwp%2Fv2%2Fmedia&parent=26467"}],"wp:term":[{"taxonomy":"category","embeddable":true,"href":"https:\/\/radiorevelacionfm.cl\/index.php?rest_route=%2Fwp%2Fv2%2Fcategories&post=26467"},{"taxonomy":"post_tag","embeddable":true,"href":"https:\/\/radiorevelacionfm.cl\/index.php?rest_route=%2Fwp%2Fv2%2Ftags&post=26467"}],"curies":[{"name":"wp","href":"https:\/\/api.w.org\/{rel}","templated":true}]}}