{"id":26464,"date":"2023-01-13T09:31:21","date_gmt":"2023-01-13T12:31:21","guid":{"rendered":"https:\/\/radiorevelacionfm.cl\/?p=26464"},"modified":"2023-01-13T09:31:21","modified_gmt":"2023-01-13T12:31:21","slug":"12-anos-de-congreso-futuro-senadora-ordenes-esta-es-una-invitacion-a-prepararnos-y-desarrollar-capacidades-para-enfrentar-los-cambios","status":"publish","type":"post","link":"https:\/\/radiorevelacionfm.cl\/?p=26464","title":{"rendered":"12 a\u00f1os de Congreso Futuro: Senadora \u00d3rdenes \u201cesta es una invitaci\u00f3n a prepararnos y desarrollar capacidades para enfrentar los cambios\u201d"},"content":{"rendered":"<div class=\"flex_column av_one_full  flex_column_div av-zero-column-padding first  avia-builder-el-0  el_before_av_one_full  avia-builder-el-first  \" style='border-radius:0px; '><div  class='avia-image-container  av-styling-    avia-builder-el-1  avia-builder-el-no-sibling  avia-align-center '  itemprop=\"image\" itemscope=\"itemscope\" itemtype=\"https:\/\/schema.org\/ImageObject\"  ><div class='avia-image-container-inner'><div class='avia-image-overlay-wrap'><img decoding=\"async\" class='wp-image-26465 avia-img-lazy-loading-not-26465 avia_image' src=\"https:\/\/radiorevelacionfm.cl\/wp-content\/uploads\/2023\/01\/senadora-xordenes2-1_optimized-1.jpg\" alt='' title='senadora-xordenes2-(1)_optimized (1)' height=\"600\" width=\"1170\"  itemprop=\"thumbnailUrl\" srcset=\"https:\/\/radiorevelacionfm.cl\/wp-content\/uploads\/2023\/01\/senadora-xordenes2-1_optimized-1.jpg 1170w, https:\/\/radiorevelacionfm.cl\/wp-content\/uploads\/2023\/01\/senadora-xordenes2-1_optimized-1-300x154.jpg 300w, https:\/\/radiorevelacionfm.cl\/wp-content\/uploads\/2023\/01\/senadora-xordenes2-1_optimized-1-1030x528.jpg 1030w, https:\/\/radiorevelacionfm.cl\/wp-content\/uploads\/2023\/01\/senadora-xordenes2-1_optimized-1-768x394.jpg 768w, https:\/\/radiorevelacionfm.cl\/wp-content\/uploads\/2023\/01\/senadora-xordenes2-1_optimized-1-705x362.jpg 705w, https:\/\/radiorevelacionfm.cl\/wp-content\/uploads\/2023\/01\/senadora-xordenes2-1_optimized-1-600x308.jpg 600w\" sizes=\"(max-width: 1170px) 100vw, 1170px\" \/><\/div><\/div><\/div><\/div><div class=\"flex_column av_one_full  flex_column_div av-zero-column-padding first  avia-builder-el-2  el_after_av_one_full  el_before_av_one_full  column-top-margin\" style='border-radius:0px; '><section class=\"av_textblock_section \"  itemscope=\"itemscope\" itemtype=\"https:\/\/schema.org\/BlogPosting\" itemprop=\"blogPost\" ><div class='avia_textblock  '   itemprop=\"text\" ><p style=\"text-align: center;\"><strong><span style=\"font-size: 18pt;\">12 a\u00f1os de Congreso Futuro: Senadora \u00d3rdenes \u201cesta es una invitaci\u00f3n a prepararnos y desarrollar capacidades para enfrentar los cambios\u201d<\/span><\/strong><\/p>\n<div id=\"gtx-trans\" style=\"position: absolute; left: -50px; top: 4.31534px;\">\n<div class=\"gtx-trans-icon\"><\/div>\n<\/div>\n<\/div><\/section><\/div><div class=\"flex_column av_one_full  flex_column_div av-zero-column-padding first  avia-builder-el-4  el_after_av_one_full  el_before_av_hr  column-top-margin\" style='border-radius:0px; '><section class=\"av_textblock_section \"  itemscope=\"itemscope\" itemtype=\"https:\/\/schema.org\/BlogPosting\" itemprop=\"blogPost\" ><div class='avia_textblock  '   itemprop=\"text\" ><p style=\"text-align: justify;\">La parlamentaria por la regi\u00f3n de Ays\u00e9n, precis\u00f3 que en esta nueva versi\u00f3n de Congreso Futuro \u201cnos abocaremos al concepto #Sinl\u00edmitereal pues lo que queremos abordar son los escenarios que han cambiado estilos de vida y nuestras sociedades\u201d.<\/p>\n<p style=\"text-align: justify;\">\u201cNos encontraremos en una nueva versi\u00f3n de Congreso Futuro que es una plataforma de divulgaci\u00f3n cient\u00edfica con m\u00e1s de una d\u00e9cada de recorrido\u201d, con esta invitaci\u00f3n la\u00a0<a href=\"https:\/\/www.senado.cl\/appsenado\/index.php?mo=comisiones&amp;ac=ficha&amp;id=941&amp;tipo_comision=10\">senadora Ximena \u00d3rdenes, integrante de la Comisi\u00f3n Desaf\u00edos de Futuro<\/a>\u00a0se refiri\u00f3 a los principales desaf\u00edos de este encuentro que se desarrollar\u00e1 entre el 16 y el 21 de enero, en las 16 regiones del pa\u00eds.<\/p>\n<p style=\"text-align: justify;\">\u201cQueremos abordar escenarios futuros que generan incertidumbre, que han cambiado estilos de vida y sociedades. Tenemos que abordar estos desaf\u00edos en conjunto para ver qu\u00e9 capacidades tenemos que desarrollar y \u00a0c\u00f3mo resguardar los derechos de las personas, en estas nuevas l\u00f3gicas\u201d, afirm\u00f3 la legisladora por Ays\u00e9n.<\/p>\n<p style=\"text-align: justify;\">Asimismo asever\u00f3 que \u201ceste es un espacio para poder imaginar escenarios futuros, y creo que la pr\u00f3xima d\u00e9cada ser\u00e1 de cambios tan vertiginosos como los vividos en la reci\u00e9n pasada. Por lo tanto, la construcci\u00f3n de nuevas miradas tiene que ser colectiva de mano de expertos y considerar c\u00f3mo se desarrollar\u00e1n los derechos ciudadanos y entender que las nuevas realidades cambian las modalidades de c\u00f3mo interactuamos como seres humanos\u201d.<\/p>\n<p>M\u00e1s detalles del\u00a0<a href=\"https:\/\/www.senado.cl\/%20M%C3%A1s%20detalles%20del%20programa%20e%20inscripciones%20aqu%C3%AD.\">programa e inscripciones aqu\u00ed<\/a>.<\/p>\n<\/div><\/section><\/div><div  style='height:50px' class='hr hr-invisible   avia-builder-el-6  el_after_av_one_full  el_before_av_social_share '><span class='hr-inner ' ><span class='hr-inner-style'><\/span><\/span><\/div><\/p>\n<div  class='av-social-sharing-box  avia-builder-el-7  el_after_av_hr  el_before_av_hr  '><div class='av-share-box'><h5 class='av-share-link-description av-no-toc '>Compartir esta noticia<\/h5><ul class='av-share-box-list noLightbox'><li class='av-share-link av-social-link-facebook' ><a target=\"_blank\" aria-label=\"Compartir en Facebook\" href='https:\/\/www.facebook.com\/sharer.php?u=https:\/\/radiorevelacionfm.cl\/?p=26464&#038;t=12%20a%C3%B1os%20de%20Congreso%20Futuro%3A%20Senadora%20%C3%93rdenes%20%E2%80%9Cesta%20es%20una%20invitaci%C3%B3n%20a%20prepararnos%20y%20desarrollar%20capacidades%20para%20enfrentar%20los%20cambios%E2%80%9D' aria-hidden='false' data-av_icon='\ue8f3' data-av_iconfont='entypo-fontello' title='' data-avia-related-tooltip='Compartir en Facebook' rel=\"noopener\"><span class='avia_hidden_link_text'>Compartir en Facebook<\/span><\/a><\/li><li class='av-share-link av-social-link-twitter' ><a target=\"_blank\" aria-label=\"Compartir en Twitter\" href='https:\/\/twitter.com\/share?text=12%20a%C3%B1os%20de%20Congreso%20Futuro%3A%20Senadora%20%C3%93rdenes%20%E2%80%9Cesta%20es%20una%20invitaci%C3%B3n%20a%20prepararnos%20y%20desarrollar%20capacidades%20para%20enfrentar%20los%20cambios%E2%80%9D&#038;url=https:\/\/radiorevelacionfm.cl\/?p=26464' aria-hidden='false' data-av_icon='\ue8f1' data-av_iconfont='entypo-fontello' title='' data-avia-related-tooltip='Compartir en Twitter' rel=\"noopener\"><span class='avia_hidden_link_text'>Compartir en Twitter<\/span><\/a><\/li><li class='av-share-link av-social-link-whatsapp' ><a target=\"_blank\" aria-label=\"Compartir en Whatsapp\" href='https:\/\/api.whatsapp.com\/send?text=https:\/\/radiorevelacionfm.cl\/?p=26464' aria-hidden='false' data-av_icon='\uf232' data-av_iconfont='entypo-fontello' title='' data-avia-related-tooltip='Compartir en Whatsapp' rel=\"noopener\"><span class='avia_hidden_link_text'>Compartir en Whatsapp<\/span><\/a><\/li><li class='av-share-link av-social-link-linkedin' ><a target=\"_blank\" aria-label=\"Compartir en LinkedIn\" href='https:\/\/linkedin.com\/shareArticle?mini=true&#038;title=12%20a%C3%B1os%20de%20Congreso%20Futuro%3A%20Senadora%20%C3%93rdenes%20%E2%80%9Cesta%20es%20una%20invitaci%C3%B3n%20a%20prepararnos%20y%20desarrollar%20capacidades%20para%20enfrentar%20los%20cambios%E2%80%9D&#038;url=https:\/\/radiorevelacionfm.cl\/?p=26464' aria-hidden='false' data-av_icon='\ue8fc' data-av_iconfont='entypo-fontello' title='' data-avia-related-tooltip='Compartir en LinkedIn' rel=\"noopener\"><span class='avia_hidden_link_text'>Compartir en LinkedIn<\/span><\/a><\/li><li class='av-share-link av-social-link-mail' ><a  aria-label=\"Compartir por correo\" href='mailto:?subject=12%20a%C3%B1os%20de%20Congreso%20Futuro%3A%20Senadora%20%C3%93rdenes%20%E2%80%9Cesta%20es%20una%20invitaci%C3%B3n%20a%20prepararnos%20y%20desarrollar%20capacidades%20para%20enfrentar%20los%20cambios%E2%80%9D&#038;body=https:\/\/radiorevelacionfm.cl\/?p=26464' aria-hidden='false' data-av_icon='\ue805' data-av_iconfont='entypo-fontello' title='' data-avia-related-tooltip='Compartir por correo'><span class='avia_hidden_link_text'>Compartir por correo<\/span><\/a><\/li><\/ul><\/div><\/div>\n<div  style='height:50px' class='hr hr-invisible   avia-builder-el-8  el_after_av_social_share  el_before_av_comments_list '><span class='hr-inner ' ><span class='hr-inner-style'><\/span><\/span><\/div>\n<div  class='av-buildercomment  av-blog-meta-html-info-disabled av-blog-meta-tag-disabled  '><\/div>\n","protected":false},"excerpt":{"rendered":"","protected":false},"author":1,"featured_media":26465,"comment_status":"open","ping_status":"open","sticky":false,"template":"","format":"standard","meta":{"footnotes":""},"categories":[35],"tags":[],"class_list":["post-26464","post","type-post","status-publish","format-standard","has-post-thumbnail","hentry","category-politica"],"jetpack_featured_media_url":"https:\/\/radiorevelacionfm.cl\/wp-content\/uploads\/2023\/01\/senadora-xordenes2-1_optimized-1.jpg","_links":{"self":[{"href":"https:\/\/radiorevelacionfm.cl\/index.php?rest_route=\/wp\/v2\/posts\/26464","targetHints":{"allow":["GET"]}}],"collection":[{"href":"https:\/\/radiorevelacionfm.cl\/index.php?rest_route=\/wp\/v2\/posts"}],"about":[{"href":"https:\/\/radiorevelacionfm.cl\/index.php?rest_route=\/wp\/v2\/types\/post"}],"author":[{"embeddable":true,"href":"https:\/\/radiorevelacionfm.cl\/index.php?rest_route=\/wp\/v2\/users\/1"}],"replies":[{"embeddable":true,"href":"https:\/\/radiorevelacionfm.cl\/index.php?rest_route=%2Fwp%2Fv2%2Fcomments&post=26464"}],"version-history":[{"count":2,"href":"https:\/\/radiorevelacionfm.cl\/index.php?rest_route=\/wp\/v2\/posts\/26464\/revisions"}],"predecessor-version":[{"id":26558,"href":"https:\/\/radiorevelacionfm.cl\/index.php?rest_route=\/wp\/v2\/posts\/26464\/revisions\/26558"}],"wp:featuredmedia":[{"embeddable":true,"href":"https:\/\/radiorevelacionfm.cl\/index.php?rest_route=\/wp\/v2\/media\/26465"}],"wp:attachment":[{"href":"https:\/\/radiorevelacionfm.cl\/index.php?rest_route=%2Fwp%2Fv2%2Fmedia&parent=26464"}],"wp:term":[{"taxonomy":"category","embeddable":true,"href":"https:\/\/radiorevelacionfm.cl\/index.php?rest_route=%2Fwp%2Fv2%2Fcategories&post=26464"},{"taxonomy":"post_tag","embeddable":true,"href":"https:\/\/radiorevelacionfm.cl\/index.php?rest_route=%2Fwp%2Fv2%2Ftags&post=26464"}],"curies":[{"name":"wp","href":"https:\/\/api.w.org\/{rel}","templated":true}]}}