{"id":26456,"date":"2023-01-11T09:22:26","date_gmt":"2023-01-11T12:22:26","guid":{"rendered":"https:\/\/radiorevelacionfm.cl\/?p=26456"},"modified":"2023-01-11T09:22:26","modified_gmt":"2023-01-11T12:22:26","slug":"realizan-cierre-de-proyecto-calafate-en-comunidad-regional-apoyado-por-municipio-de-aysen-uaysen-y-conaf","status":"publish","type":"post","link":"https:\/\/radiorevelacionfm.cl\/?p=26456","title":{"rendered":"Realizan cierre de proyecto Calafate en comunidad regional, apoyado por municipio de Ays\u00e9n, UAys\u00e9n y CONAF"},"content":{"rendered":"<div class=\"flex_column av_one_full  flex_column_div av-zero-column-padding first  avia-builder-el-0  el_before_av_one_full  avia-builder-el-first  \" style='border-radius:0px; '><div  class='avia-image-container  av-styling-    avia-builder-el-1  avia-builder-el-no-sibling  avia-align-center '  itemprop=\"image\" itemscope=\"itemscope\" itemtype=\"https:\/\/schema.org\/ImageObject\"  ><div class='avia-image-container-inner'><div class='avia-image-overlay-wrap'><img decoding=\"async\" class='wp-image-26461 avia-img-lazy-loading-not-26461 avia_image' src=\"https:\/\/radiorevelacionfm.cl\/wp-content\/uploads\/2023\/01\/fotografia-1_optimized.jpg\" alt='' title='fotograf\u00eda-(1)_optimized' height=\"600\" width=\"900\"  itemprop=\"thumbnailUrl\" srcset=\"https:\/\/radiorevelacionfm.cl\/wp-content\/uploads\/2023\/01\/fotografia-1_optimized.jpg 900w, https:\/\/radiorevelacionfm.cl\/wp-content\/uploads\/2023\/01\/fotografia-1_optimized-300x200.jpg 300w, https:\/\/radiorevelacionfm.cl\/wp-content\/uploads\/2023\/01\/fotografia-1_optimized-768x512.jpg 768w, https:\/\/radiorevelacionfm.cl\/wp-content\/uploads\/2023\/01\/fotografia-1_optimized-705x470.jpg 705w, https:\/\/radiorevelacionfm.cl\/wp-content\/uploads\/2023\/01\/fotografia-1_optimized-600x400.jpg 600w\" sizes=\"(max-width: 900px) 100vw, 900px\" \/><\/div><\/div><\/div><\/div><div class=\"flex_column av_one_full  flex_column_div av-zero-column-padding first  avia-builder-el-2  el_after_av_one_full  el_before_av_one_full  column-top-margin\" style='border-radius:0px; '><section class=\"av_textblock_section \"  itemscope=\"itemscope\" itemtype=\"https:\/\/schema.org\/BlogPosting\" itemprop=\"blogPost\" ><div class='avia_textblock  '   itemprop=\"text\" ><p style=\"text-align: center;\"><strong><span style=\"font-size: 18pt;\">Realizan cierre de proyecto Calafate en comunidad regional, apoyado por municipio de Ays\u00e9n, UAys\u00e9n y CONAF<\/span><\/strong><\/p>\n<div id=\"gtx-trans\" style=\"position: absolute; left: -50px; top: 4.31534px;\">\n<div class=\"gtx-trans-icon\"><\/div>\n<\/div>\n<\/div><\/section><\/div><div class=\"flex_column av_one_full  flex_column_div av-zero-column-padding first  avia-builder-el-4  el_after_av_one_full  el_before_av_hr  column-top-margin\" style='border-radius:0px; '><section class=\"av_textblock_section \"  itemscope=\"itemscope\" itemtype=\"https:\/\/schema.org\/BlogPosting\" itemprop=\"blogPost\" ><div class='avia_textblock  '   itemprop=\"text\" ><p style=\"text-align: justify;\">CONAF a trav\u00e9s del Fondo de Investigaci\u00f3n del Bosque Nativo FIBN y su l\u00ednea Productos Forestales No Madereros PFNM junto a la Universidad de Ays\u00e9n, realizan cierre de proyecto Calafate en seminario apoyado por la Ilustre Municipalidad de Ays\u00e9n.<\/p>\n<p style=\"text-align: justify;\">Durante el presente mes, la Ilustre Municipalidad de Ays\u00e9n, colabor\u00f3 activamente con Carolin C\u00f3rdova S\u00e1ez, encargada del equipo investigador que tambi\u00e9n cont\u00f3 con el trabajo de la profesora Elizabeth Ulloa, investigadora de la Universidad de Ays\u00e9n. Este equipo trabaj\u00f3 en la comuna de Ays\u00e9n levantando informaci\u00f3n del producto forestal no maderero (PFNM) del calafate, y en la realizaci\u00f3n del seminario donde se presentaron los resultados del proyecto \u201cIdentidad local, conservaci\u00f3n y manejo sustentable de Berberis microphylla en ecorregiones templado-h\u00famedas del norte de la Patagonia\u201d; proyecto que fue financiado por el Fondo de Investigaci\u00f3n del Bosque Nativo de CONAF y que dio cuenta de los resultados de investigaci\u00f3n en torno al fruto del calafate.<\/p>\n<p style=\"text-align: justify;\">Cabe destacar que estos estudios son relevantes para continuar levantando el \u00e1rea econ\u00f3mica de este tipo de productos. Las investigadoras de la Universidad de Ays\u00e9n con el apoyo de la Ilustre Municipalidad de Ays\u00e9n y el INFOR, estuvieron estudiando durante cuatro a\u00f1os la posibilidad de \u201cmejorar el rendimiento y calidad de la producci\u00f3n de Berberis microphylla bajo las condiciones de sitio de la ecorregi\u00f3n templada-h\u00fameda de Ays\u00e9n, a trav\u00e9s de un manejo sustentable de conducci\u00f3n y de recolecci\u00f3n de frutos en esta especie\u201d, comenta la investigadora jefe del proyecto, Carolin C\u00f3rdova S\u00e1ez, y agrega; \u201ceste proyecto cont\u00f3 con un modelo de investigaci\u00f3n participativa y las comunidades de recolectores fueron parte del proyecto, ya que ellos en su retina tienen las problem\u00e1ticas, las causas y la expresi\u00f3n de la especie en las \u00faltimas temporadas\u201d. Las comunidades que participaron en este trabajo fueron recolectores de Lago Atravesado, R\u00edo Pangal y Arroyo El Gato.<\/p>\n<p style=\"text-align: justify;\">El seminario fue organizado con el aporte de la Ilustre Municipalidad de Ays\u00e9n, \u201chemos trabajado varios a\u00f1os con la iniciativa del calafate. Actualmente, estamos abordando este trabajo con las diferentes universidades que est\u00e1n estudiando los Productos Forestales No Madereros (PFNM), este seminario es producto de ello y a trav\u00e9s de la Oficina del Campesino lo hemos visto como un desarrollo productivo para nuestras comunidades, y nos enfocamos en poder capacitar a nuestros vecinos en estas \u00e1reas, avanzando en entregar las herramientas de conocimiento sobre fertilizado, trasplante y poda. Queremos entregar las herramientas a nuestros vecinos de todas las virtudes que tienen estos frutales, que hoy en d\u00eda se est\u00e1n comercializando, pero que tiene que haber una capacitaci\u00f3n para avanzar en que estos productos sean parte de nuestra econom\u00eda local\u201d, especifica el alcalde de la comuna de Ays\u00e9n, Julio Uribe Alvarado.<\/p>\n<p style=\"text-align: justify;\">El seminario \u00a0denominado \u201cDifusi\u00f3n de resultados proyecto FIBN 038\/2018\u201d que se realiz\u00f3 en modalidad online, se expusieron temas como; \u201cAplicaci\u00f3n de poda sustentable a B. microphylla en ecorregiones templado-h\u00famedas en Ays\u00e9n\u201d, \u201cEfecto de la poda en B. microphylla en ecorregiones templado-h\u00famedas y andino-boreal en Ays\u00e9n\u201d, \u201cEstado de la recolecci\u00f3n de B. microphylla en Ays\u00e9n y sus desaf\u00edos comerciales\u201d, todos expuesto por la investigadora Carolin C\u00f3rdova, \u201cRecolecci\u00f3n de Calafate en Ays\u00e9n, el antes y el hoy\u201d, expuesto por la investigadora e Ingeniero Agr\u00f3nomo Claudia G\u00f3mez Nome y una exposici\u00f3n magistral de \u201cCalafate y Salud\u201d, del investigador invitado Diego Garc\u00eda del Departamento de Nutrici\u00f3n de la Facultad de Medicina de la Universidad de Chile.<\/p>\n<\/div><\/section><\/div><\/p>\n<div  style='height:50px' class='hr hr-invisible   avia-builder-el-6  el_after_av_one_full  el_before_av_social_share '><span class='hr-inner ' ><span class='hr-inner-style'><\/span><\/span><\/div>\n<div  class='av-social-sharing-box  avia-builder-el-7  el_after_av_hr  el_before_av_hr  '><div class='av-share-box'><h5 class='av-share-link-description av-no-toc '>Compartir esta noticia<\/h5><ul class='av-share-box-list noLightbox'><li class='av-share-link av-social-link-facebook' ><a target=\"_blank\" aria-label=\"Compartir en Facebook\" href='https:\/\/www.facebook.com\/sharer.php?u=https:\/\/radiorevelacionfm.cl\/?p=26456&#038;t=Realizan%20cierre%20de%20proyecto%20Calafate%20en%20comunidad%20regional%2C%20apoyado%20por%20municipio%20de%20Ays%C3%A9n%2C%20UAys%C3%A9n%20y%20CONAF' aria-hidden='false' data-av_icon='\ue8f3' data-av_iconfont='entypo-fontello' title='' data-avia-related-tooltip='Compartir en Facebook' rel=\"noopener\"><span class='avia_hidden_link_text'>Compartir en Facebook<\/span><\/a><\/li><li class='av-share-link av-social-link-twitter' ><a target=\"_blank\" aria-label=\"Compartir en Twitter\" href='https:\/\/twitter.com\/share?text=Realizan%20cierre%20de%20proyecto%20Calafate%20en%20comunidad%20regional%2C%20apoyado%20por%20municipio%20de%20Ays%C3%A9n%2C%20UAys%C3%A9n%20y%20CONAF&#038;url=https:\/\/radiorevelacionfm.cl\/?p=26456' aria-hidden='false' data-av_icon='\ue8f1' data-av_iconfont='entypo-fontello' title='' data-avia-related-tooltip='Compartir en Twitter' rel=\"noopener\"><span class='avia_hidden_link_text'>Compartir en Twitter<\/span><\/a><\/li><li class='av-share-link av-social-link-whatsapp' ><a target=\"_blank\" aria-label=\"Compartir en Whatsapp\" href='https:\/\/api.whatsapp.com\/send?text=https:\/\/radiorevelacionfm.cl\/?p=26456' aria-hidden='false' data-av_icon='\uf232' data-av_iconfont='entypo-fontello' title='' data-avia-related-tooltip='Compartir en Whatsapp' rel=\"noopener\"><span class='avia_hidden_link_text'>Compartir en Whatsapp<\/span><\/a><\/li><li class='av-share-link av-social-link-linkedin' ><a target=\"_blank\" aria-label=\"Compartir en LinkedIn\" href='https:\/\/linkedin.com\/shareArticle?mini=true&#038;title=Realizan%20cierre%20de%20proyecto%20Calafate%20en%20comunidad%20regional%2C%20apoyado%20por%20municipio%20de%20Ays%C3%A9n%2C%20UAys%C3%A9n%20y%20CONAF&#038;url=https:\/\/radiorevelacionfm.cl\/?p=26456' aria-hidden='false' data-av_icon='\ue8fc' data-av_iconfont='entypo-fontello' title='' data-avia-related-tooltip='Compartir en LinkedIn' rel=\"noopener\"><span class='avia_hidden_link_text'>Compartir en LinkedIn<\/span><\/a><\/li><li class='av-share-link av-social-link-mail' ><a  aria-label=\"Compartir por correo\" href='mailto:?subject=Realizan%20cierre%20de%20proyecto%20Calafate%20en%20comunidad%20regional%2C%20apoyado%20por%20municipio%20de%20Ays%C3%A9n%2C%20UAys%C3%A9n%20y%20CONAF&#038;body=https:\/\/radiorevelacionfm.cl\/?p=26456' aria-hidden='false' data-av_icon='\ue805' data-av_iconfont='entypo-fontello' title='' data-avia-related-tooltip='Compartir por correo'><span class='avia_hidden_link_text'>Compartir por correo<\/span><\/a><\/li><\/ul><\/div><\/div>\n<div  style='height:50px' class='hr hr-invisible   avia-builder-el-8  el_after_av_social_share  el_before_av_comments_list '><span class='hr-inner ' ><span class='hr-inner-style'><\/span><\/span><\/div>\n<div  class='av-buildercomment  av-blog-meta-html-info-disabled av-blog-meta-tag-disabled  '><\/div>\n","protected":false},"excerpt":{"rendered":"","protected":false},"author":1,"featured_media":26461,"comment_status":"open","ping_status":"open","sticky":false,"template":"","format":"standard","meta":{"footnotes":""},"categories":[38],"tags":[],"class_list":["post-26456","post","type-post","status-publish","format-standard","has-post-thumbnail","hentry","category-regional"],"jetpack_featured_media_url":"https:\/\/radiorevelacionfm.cl\/wp-content\/uploads\/2023\/01\/fotografia-1_optimized.jpg","_links":{"self":[{"href":"https:\/\/radiorevelacionfm.cl\/index.php?rest_route=\/wp\/v2\/posts\/26456","targetHints":{"allow":["GET"]}}],"collection":[{"href":"https:\/\/radiorevelacionfm.cl\/index.php?rest_route=\/wp\/v2\/posts"}],"about":[{"href":"https:\/\/radiorevelacionfm.cl\/index.php?rest_route=\/wp\/v2\/types\/post"}],"author":[{"embeddable":true,"href":"https:\/\/radiorevelacionfm.cl\/index.php?rest_route=\/wp\/v2\/users\/1"}],"replies":[{"embeddable":true,"href":"https:\/\/radiorevelacionfm.cl\/index.php?rest_route=%2Fwp%2Fv2%2Fcomments&post=26456"}],"version-history":[{"count":3,"href":"https:\/\/radiorevelacionfm.cl\/index.php?rest_route=\/wp\/v2\/posts\/26456\/revisions"}],"predecessor-version":[{"id":26482,"href":"https:\/\/radiorevelacionfm.cl\/index.php?rest_route=\/wp\/v2\/posts\/26456\/revisions\/26482"}],"wp:featuredmedia":[{"embeddable":true,"href":"https:\/\/radiorevelacionfm.cl\/index.php?rest_route=\/wp\/v2\/media\/26461"}],"wp:attachment":[{"href":"https:\/\/radiorevelacionfm.cl\/index.php?rest_route=%2Fwp%2Fv2%2Fmedia&parent=26456"}],"wp:term":[{"taxonomy":"category","embeddable":true,"href":"https:\/\/radiorevelacionfm.cl\/index.php?rest_route=%2Fwp%2Fv2%2Fcategories&post=26456"},{"taxonomy":"post_tag","embeddable":true,"href":"https:\/\/radiorevelacionfm.cl\/index.php?rest_route=%2Fwp%2Fv2%2Ftags&post=26456"}],"curies":[{"name":"wp","href":"https:\/\/api.w.org\/{rel}","templated":true}]}}