{"id":26453,"date":"2023-01-10T16:11:36","date_gmt":"2023-01-10T19:11:36","guid":{"rendered":"https:\/\/radiorevelacionfm.cl\/?p=26453"},"modified":"2023-01-10T16:11:36","modified_gmt":"2023-01-10T19:11:36","slug":"cinco-espacios-culturales-de-la-region-de-aysen-se-suman-a-museos-en-verano","status":"publish","type":"post","link":"https:\/\/radiorevelacionfm.cl\/?p=26453","title":{"rendered":"Cinco espacios culturales de la regi\u00f3n de Ays\u00e9n se suman a Museos en Verano"},"content":{"rendered":"<div class=\"flex_column av_one_full  flex_column_div av-zero-column-padding first  avia-builder-el-0  el_before_av_one_full  avia-builder-el-first  \" style='border-radius:0px; '><div  class='avia-image-container  av-styling-    avia-builder-el-1  avia-builder-el-no-sibling  avia-align-center '  itemprop=\"image\" itemscope=\"itemscope\" itemtype=\"https:\/\/schema.org\/ImageObject\"  ><div class='avia-image-container-inner'><div class='avia-image-overlay-wrap'><img decoding=\"async\" class='wp-image-26454 avia-img-lazy-loading-not-26454 avia_image' src=\"https:\/\/radiorevelacionfm.cl\/wp-content\/uploads\/2023\/01\/museos-en-verano-1-1-1.jpg\" alt='' title='museos en verano 1 (1) (1)' height=\"600\" width=\"899\"  itemprop=\"thumbnailUrl\" srcset=\"https:\/\/radiorevelacionfm.cl\/wp-content\/uploads\/2023\/01\/museos-en-verano-1-1-1.jpg 899w, https:\/\/radiorevelacionfm.cl\/wp-content\/uploads\/2023\/01\/museos-en-verano-1-1-1-300x200.jpg 300w, https:\/\/radiorevelacionfm.cl\/wp-content\/uploads\/2023\/01\/museos-en-verano-1-1-1-768x513.jpg 768w, https:\/\/radiorevelacionfm.cl\/wp-content\/uploads\/2023\/01\/museos-en-verano-1-1-1-705x471.jpg 705w, https:\/\/radiorevelacionfm.cl\/wp-content\/uploads\/2023\/01\/museos-en-verano-1-1-1-600x400.jpg 600w\" sizes=\"(max-width: 899px) 100vw, 899px\" \/><\/div><\/div><\/div><\/div><div class=\"flex_column av_one_full  flex_column_div av-zero-column-padding first  avia-builder-el-2  el_after_av_one_full  el_before_av_one_full  column-top-margin\" style='border-radius:0px; '><section class=\"av_textblock_section \"  itemscope=\"itemscope\" itemtype=\"https:\/\/schema.org\/BlogPosting\" itemprop=\"blogPost\" ><div class='avia_textblock  '   itemprop=\"text\" ><p style=\"text-align: center;\"><span style=\"font-size: 18pt;\"><b>Cinco espacios culturales de la regi\u00f3n de Ays\u00e9n se suman a Museos en Verano<\/b><\/span><\/p>\n<div id=\"gtx-trans\" style=\"position: absolute; left: -50px; top: 4.31534px;\">\n<div class=\"gtx-trans-icon\"><\/div>\n<\/div>\n<\/div><\/section><\/div><div class=\"flex_column av_one_full  flex_column_div av-zero-column-padding first  avia-builder-el-4  el_after_av_one_full  el_before_av_hr  column-top-margin\" style='border-radius:0px; '><section class=\"av_textblock_section \"  itemscope=\"itemscope\" itemtype=\"https:\/\/schema.org\/BlogPosting\" itemprop=\"blogPost\" ><div class='avia_textblock  '   itemprop=\"text\" ><p style=\"text-align: justify;\">El Servicio Regional del Patrimonio Cultural y la Secretar\u00eda Regional Ministerial de las Culturas, las Artes y el Patrimonio de la Regi\u00f3n de Ays\u00e9n dieron a conocer las diferentes alternativas de Museos en Verano, actividad organizada por el Ministerio de las Culturas que re\u00fane museos y espacios culturales y patrimoniales con horario extendido y programaci\u00f3n especial para este jueves 12 de enero, en todo el pa\u00eds.<\/p>\n<p style=\"text-align: justify;\">En la Regi\u00f3n de Ays\u00e9n se sumaron cinco espacios a la iniciativa: el Museo del Mate en la localidad de El Blanco, la Sala Museogr\u00e1fica de Balmaceda, el Museo del F\u00fatbol Bajo Marquesina de Coyhaique, la Galer\u00eda Tem\u00e1tica Nahuelpichi Kurripang y Museo Habitantes de Puerto Guadal y, por supuesto, el Museo Regional de Ays\u00e9n.<\/p>\n<p style=\"text-align: justify;\">El seremi de Culturas Ays\u00e9n, Felipe Quiroz, manifest\u00f3 que \u201cse trata de una iniciativa enmarcada en un contexto estival que tiene como prop\u00f3sito garantizar el acceso a salas museogr\u00e1ficas y espacios culturales, repartidos en distintas partes del territorio nacional y en la Regi\u00f3n de Ays\u00e9n. Ac\u00e1 contamos con iniciativas p\u00fablicas y privadas que se sumar\u00e1n a Museos en Verano. Existe un inter\u00e9s por aperturar estos espacios despu\u00e9s del repliegue pand\u00e9mico y la idea es encaminarnos hacia una verdadera democracia cultural\u201d.<\/p>\n<p style=\"text-align: justify;\">El director (s) del Servicio Regional de Patrimonio Cultural, Jos\u00e9 Mansilla, invit\u00f3 a las comunidades a acercarse a los espacios que permanecer\u00e1n abiertos en horario extendido y de modo gratuito: \u201cQueremos invitar a los habitantes de las localidades a visitar sus museos, m\u00e1s all\u00e1 de que est\u00e9n inscritos en esta actividad. Y, por supuesto, si pasan por la capital regional, no se pueden perder el Museo Regional de Ays\u00e9n\u201d.<\/p>\n<p style=\"text-align: justify;\">El delegado presidencial regional (s) de Ays\u00e9n, Samuel Navarro, dijo que \u201cse trata de una oportunidad para que los vecinos y vecinas puedan disfrutar de estas muestras y disfrutar y comprender de mejor forma las exposiciones con muestras guiadas que tienen preparadas los espacios para ese jueves\u201d.<\/p>\n<p style=\"text-align: justify;\">Gustavo Saldivia, director del Museo Regional de Ays\u00e9n, extendi\u00f3 la invitaci\u00f3n y record\u00f3 que no es primera vez que la instituci\u00f3n se suma a Museos en Verano: \u201cVamos a tener visitas guiadas a p\u00fablico para todas nuestras exposiciones, este jueves 12 desde las tres a las ocho de la tarde. Tenemos una muy bonita exposici\u00f3n, financiada por el Fondo de Circulaci\u00f3n de nuestro ministerio, que trajo la Agrupaci\u00f3n de Amigos del Museo y que se llama Brotes de Primavera, de los artistas Robinson Mora y Andr\u00e9s Vio. Ese d\u00eda, adem\u00e1s, abriremos una exposici\u00f3n sobre el nuestro querido curita Ronchi. Pero adem\u00e1s,\u00a0tendremos en nuestra p\u00e1gina web\u00a0<a id=\"m_2444258137755289325LPlnk207728\" href=\"http:\/\/www.museoregionalaysen.gob.cl\/\" target=\"_blank\" rel=\"noopener\" data-saferedirecturl=\"https:\/\/www.google.com\/url?q=http:\/\/www.museoregionalaysen.gob.cl&amp;source=gmail&amp;ust=1673455891027000&amp;usg=AOvVaw0sgDej7uT7L3lR2bcsf144\">www.museoregionalaysen.gob.cl<\/a>\u00a0<wbr \/>todos los espacios museales de la regi\u00f3n que est\u00e1n abiertos todo el a\u00f1o\u201d.<\/p>\n<p style=\"text-align: justify;\">Para organizar tu salida familiar este jueves 12 puedes ordenar tu agenda con toda la informaci\u00f3n disponible en\u00a0<a href=\"http:\/\/www.museosenverano.cl\/\" target=\"_blank\" rel=\"noopener\" data-saferedirecturl=\"https:\/\/www.google.com\/url?q=http:\/\/www.museosenverano.cl&amp;source=gmail&amp;ust=1673455891027000&amp;usg=AOvVaw3I2SWtFwc6KncMSOYMix93\">www.museosenverano.cl<\/a><\/p>\n<\/div><\/section><\/div><div  style='height:50px' class='hr hr-invisible   avia-builder-el-6  el_after_av_one_full  el_before_av_social_share '><span class='hr-inner ' ><span class='hr-inner-style'><\/span><\/span><\/div><\/p>\n<div  class='av-social-sharing-box  avia-builder-el-7  el_after_av_hr  el_before_av_hr  '><div class='av-share-box'><h5 class='av-share-link-description av-no-toc '>Compartir esta noticia<\/h5><ul class='av-share-box-list noLightbox'><li class='av-share-link av-social-link-facebook' ><a target=\"_blank\" aria-label=\"Compartir en Facebook\" href='https:\/\/www.facebook.com\/sharer.php?u=https:\/\/radiorevelacionfm.cl\/?p=26453&#038;t=Cinco%20espacios%20culturales%20de%20la%20regi%C3%B3n%20de%20Ays%C3%A9n%20se%20suman%20a%20Museos%20en%20Verano' aria-hidden='false' data-av_icon='\ue8f3' data-av_iconfont='entypo-fontello' title='' data-avia-related-tooltip='Compartir en Facebook' rel=\"noopener\"><span class='avia_hidden_link_text'>Compartir en Facebook<\/span><\/a><\/li><li class='av-share-link av-social-link-twitter' ><a target=\"_blank\" aria-label=\"Compartir en Twitter\" href='https:\/\/twitter.com\/share?text=Cinco%20espacios%20culturales%20de%20la%20regi%C3%B3n%20de%20Ays%C3%A9n%20se%20suman%20a%20Museos%20en%20Verano&#038;url=https:\/\/radiorevelacionfm.cl\/?p=26453' aria-hidden='false' data-av_icon='\ue8f1' data-av_iconfont='entypo-fontello' title='' data-avia-related-tooltip='Compartir en Twitter' rel=\"noopener\"><span class='avia_hidden_link_text'>Compartir en Twitter<\/span><\/a><\/li><li class='av-share-link av-social-link-whatsapp' ><a target=\"_blank\" aria-label=\"Compartir en Whatsapp\" href='https:\/\/api.whatsapp.com\/send?text=https:\/\/radiorevelacionfm.cl\/?p=26453' aria-hidden='false' data-av_icon='\uf232' data-av_iconfont='entypo-fontello' title='' data-avia-related-tooltip='Compartir en Whatsapp' rel=\"noopener\"><span class='avia_hidden_link_text'>Compartir en Whatsapp<\/span><\/a><\/li><li class='av-share-link av-social-link-linkedin' ><a target=\"_blank\" aria-label=\"Compartir en LinkedIn\" href='https:\/\/linkedin.com\/shareArticle?mini=true&#038;title=Cinco%20espacios%20culturales%20de%20la%20regi%C3%B3n%20de%20Ays%C3%A9n%20se%20suman%20a%20Museos%20en%20Verano&#038;url=https:\/\/radiorevelacionfm.cl\/?p=26453' aria-hidden='false' data-av_icon='\ue8fc' data-av_iconfont='entypo-fontello' title='' data-avia-related-tooltip='Compartir en LinkedIn' rel=\"noopener\"><span class='avia_hidden_link_text'>Compartir en LinkedIn<\/span><\/a><\/li><li class='av-share-link av-social-link-mail' ><a  aria-label=\"Compartir por correo\" href='mailto:?subject=Cinco%20espacios%20culturales%20de%20la%20regi%C3%B3n%20de%20Ays%C3%A9n%20se%20suman%20a%20Museos%20en%20Verano&#038;body=https:\/\/radiorevelacionfm.cl\/?p=26453' aria-hidden='false' data-av_icon='\ue805' data-av_iconfont='entypo-fontello' title='' data-avia-related-tooltip='Compartir por correo'><span class='avia_hidden_link_text'>Compartir por correo<\/span><\/a><\/li><\/ul><\/div><\/div>\n<div  style='height:50px' class='hr hr-invisible   avia-builder-el-8  el_after_av_social_share  el_before_av_comments_list '><span class='hr-inner ' ><span class='hr-inner-style'><\/span><\/span><\/div>\n<div  class='av-buildercomment  av-blog-meta-html-info-disabled av-blog-meta-tag-disabled  '><\/div>\n","protected":false},"excerpt":{"rendered":"","protected":false},"author":1,"featured_media":26454,"comment_status":"open","ping_status":"open","sticky":false,"template":"","format":"standard","meta":{"footnotes":""},"categories":[52],"tags":[],"class_list":["post-26453","post","type-post","status-publish","format-standard","has-post-thumbnail","hentry","category-cultura"],"jetpack_featured_media_url":"https:\/\/radiorevelacionfm.cl\/wp-content\/uploads\/2023\/01\/museos-en-verano-1-1-1.jpg","_links":{"self":[{"href":"https:\/\/radiorevelacionfm.cl\/index.php?rest_route=\/wp\/v2\/posts\/26453","targetHints":{"allow":["GET"]}}],"collection":[{"href":"https:\/\/radiorevelacionfm.cl\/index.php?rest_route=\/wp\/v2\/posts"}],"about":[{"href":"https:\/\/radiorevelacionfm.cl\/index.php?rest_route=\/wp\/v2\/types\/post"}],"author":[{"embeddable":true,"href":"https:\/\/radiorevelacionfm.cl\/index.php?rest_route=\/wp\/v2\/users\/1"}],"replies":[{"embeddable":true,"href":"https:\/\/radiorevelacionfm.cl\/index.php?rest_route=%2Fwp%2Fv2%2Fcomments&post=26453"}],"version-history":[{"count":2,"href":"https:\/\/radiorevelacionfm.cl\/index.php?rest_route=\/wp\/v2\/posts\/26453\/revisions"}],"predecessor-version":[{"id":26463,"href":"https:\/\/radiorevelacionfm.cl\/index.php?rest_route=\/wp\/v2\/posts\/26453\/revisions\/26463"}],"wp:featuredmedia":[{"embeddable":true,"href":"https:\/\/radiorevelacionfm.cl\/index.php?rest_route=\/wp\/v2\/media\/26454"}],"wp:attachment":[{"href":"https:\/\/radiorevelacionfm.cl\/index.php?rest_route=%2Fwp%2Fv2%2Fmedia&parent=26453"}],"wp:term":[{"taxonomy":"category","embeddable":true,"href":"https:\/\/radiorevelacionfm.cl\/index.php?rest_route=%2Fwp%2Fv2%2Fcategories&post=26453"},{"taxonomy":"post_tag","embeddable":true,"href":"https:\/\/radiorevelacionfm.cl\/index.php?rest_route=%2Fwp%2Fv2%2Ftags&post=26453"}],"curies":[{"name":"wp","href":"https:\/\/api.w.org\/{rel}","templated":true}]}}