{"id":26442,"date":"2023-01-10T17:19:59","date_gmt":"2023-01-10T20:19:59","guid":{"rendered":"https:\/\/radiorevelacionfm.cl\/?p=26442"},"modified":"2023-01-10T17:19:59","modified_gmt":"2023-01-10T20:19:59","slug":"proyecto-de-escuela-litoral-austral-es-reconocido-por-elige-educar-como-una-de-las-diez-mejores-iniciativas-del-pais-en-el-ambito-innovacion","status":"publish","type":"post","link":"https:\/\/radiorevelacionfm.cl\/?p=26442","title":{"rendered":"Proyecto de escuela Litoral Austral es reconocido por Elige Educar como una de las diez mejores iniciativas del pa\u00eds en el \u00e1mbito innovaci\u00f3n"},"content":{"rendered":"<div class=\"flex_column av_one_full  flex_column_div av-zero-column-padding first  avia-builder-el-0  el_before_av_one_full  avia-builder-el-first  \" style='border-radius:0px; '><div  class='avia-image-container  av-styling-    avia-builder-el-1  avia-builder-el-no-sibling  avia-align-center '  itemprop=\"image\" itemscope=\"itemscope\" itemtype=\"https:\/\/schema.org\/ImageObject\"  ><div class='avia-image-container-inner'><div class='avia-image-overlay-wrap'><img decoding=\"async\" class='wp-image-26443 avia-img-lazy-loading-not-26443 avia_image' src=\"https:\/\/radiorevelacionfm.cl\/wp-content\/uploads\/2023\/01\/20220406_154100-1-1.jpg\" alt='' title='20220406_154100 (1) (1)' height=\"600\" width=\"1067\"  itemprop=\"thumbnailUrl\" srcset=\"https:\/\/radiorevelacionfm.cl\/wp-content\/uploads\/2023\/01\/20220406_154100-1-1.jpg 1067w, https:\/\/radiorevelacionfm.cl\/wp-content\/uploads\/2023\/01\/20220406_154100-1-1-300x169.jpg 300w, https:\/\/radiorevelacionfm.cl\/wp-content\/uploads\/2023\/01\/20220406_154100-1-1-1030x579.jpg 1030w, https:\/\/radiorevelacionfm.cl\/wp-content\/uploads\/2023\/01\/20220406_154100-1-1-768x432.jpg 768w, https:\/\/radiorevelacionfm.cl\/wp-content\/uploads\/2023\/01\/20220406_154100-1-1-705x396.jpg 705w, https:\/\/radiorevelacionfm.cl\/wp-content\/uploads\/2023\/01\/20220406_154100-1-1-600x337.jpg 600w\" sizes=\"(max-width: 1067px) 100vw, 1067px\" \/><\/div><\/div><\/div><\/div><div class=\"flex_column av_one_full  flex_column_div av-zero-column-padding first  avia-builder-el-2  el_after_av_one_full  el_before_av_one_full  column-top-margin\" style='border-radius:0px; '><section class=\"av_textblock_section \"  itemscope=\"itemscope\" itemtype=\"https:\/\/schema.org\/BlogPosting\" itemprop=\"blogPost\" ><div class='avia_textblock  '   itemprop=\"text\" ><p style=\"text-align: center;\"><span style=\"font-size: 18pt;\"><strong>Proyecto de escuela Litoral Austral es reconocido por Elige Educar como una de las diez mejores iniciativas del pa\u00eds en el \u00e1mbito innovaci\u00f3n<\/strong><\/span><\/p>\n<div id=\"gtx-trans\" style=\"position: absolute; left: -50px; top: 4.31534px;\">\n<div class=\"gtx-trans-icon\"><\/div>\n<\/div>\n<\/div><\/section><\/div><div class=\"flex_column av_one_full  flex_column_div av-zero-column-padding first  avia-builder-el-4  el_after_av_one_full  el_before_av_hr  column-top-margin\" style='border-radius:0px; '><section class=\"av_textblock_section \"  itemscope=\"itemscope\" itemtype=\"https:\/\/schema.org\/BlogPosting\" itemprop=\"blogPost\" ><div class='avia_textblock  '   itemprop=\"text\" ><p style=\"text-align: justify;\">Feliz se encuentra la comunidad educativa de la escuela Litoral Austral en Puerto Ays\u00e9n luego de que su proyecto \u201cPatagones directo a las estrellas\u201d, fuese seleccionado como uno de los diez mejores del pa\u00eds en el \u00e1mbito innovaci\u00f3n docente \u201cElige Innovar\u201d, de la Fundaci\u00f3n Elige Educar.<\/p>\n<p style=\"text-align: justify;\">De esta manera, la iniciativa -liderada por el profesor Marcel Barrientos, junto a sus pares Jessica Aravena y Ana Mar\u00eda Rojas-, se convierte en el proyecto m\u00e1s austral del pa\u00eds y el \u00fanico de la regi\u00f3n, en este reconocimiento que busca apoyar y visibilizar proyectos innovadores y en todos los niveles educacionales a lo largo del territorio nacional. Permitiendo as\u00ed se conviertan en inspiraci\u00f3n a otras comunidades educativas en pos de destacar el impacto transformador que tienen hoy docentes y educadores de todo Chile.<\/p>\n<p style=\"text-align: justify;\">\u201cLa verdad es que estamos muy contentos y satisfechos. Este logro est\u00e1 directamente relacionado con todo el trabajo que hemos venido desarrollando con los talleres de innovaci\u00f3n de la escuela, tanto en el aula como en los talleres, en modelado 3D, impresi\u00f3n 3D, dise\u00f1o digital, dise\u00f1o web, todo lo que tienen que ver con la implementaci\u00f3n de nuevas tecnolog\u00edas\u201d, manifest\u00f3 el profesor l\u00edder del proyecto, Marcel Barrientos.<\/p>\n<p style=\"text-align: justify;\">\u201cTambi\u00e9n est\u00e1 relacionado con las conexiones que tenemos con otros proyectos a nivel internacional como Space Metaverse International Challenge, en que tambi\u00e9n hemos sido part\u00edcipes como representantes del pa\u00eds, y que nos permite interactuar con otros grupos en el mundo donde los chicos van adquiriendo nuevos conocimientos, como son por ejemplo, elementos de la nasa y exploraci\u00f3n espacial\u201d, agreg\u00f3 el docente quien recientemente obtuvo la acreditaci\u00f3n Microsoft Innovative Educator Expert 2022-2023, la cual ha logrado desde el a\u00f1o 2015.<\/p>\n<p style=\"text-align: justify;\">Respecto al desarrollo del sello tecnol\u00f3gico en el establecimiento municipalizado aysenino, Barrientos Opazo se\u00f1al\u00f3 que \u201chemos ido incorporando diversas herramientas como la programaci\u00f3n y modelado, y otras tantas que van tomadas de la mano para que los chicos vayan desarrollando sus habilidades, su creatividad, orientaci\u00f3n vocacional a temprana edad, y el poder de creer en ellos mismos, y que s\u00ed pueden llegar lejos.\u00a0 Es as\u00ed que integraci\u00f3n, cooperaci\u00f3n y motivaci\u00f3n son los elementos principales para el \u00e9xito de nuestras iniciativas\u201d.<\/p>\n<p style=\"text-align: justify;\">Por su parte, el director de la escuela Litoral Austral, Carlos Alarc\u00f3n, enfatiz\u00f3 este importante reconocimiento, impulsado por Elige Educar, UNESCO, DaleProfe de Fundaci\u00f3n Larra\u00edn Vial y Fundaci\u00f3n VTR, entre otros.<\/p>\n<p style=\"text-align: justify;\">\u201cMuy gratamente impresionados por esta noticia, que es fruto del trabajo que viene realizando desde hace mucho tiempo Marcel, y que nos permite hoy d\u00eda contar con nuevos insumos, con m\u00e1s y mejores capacitaciones, y que significar\u00e1 realzar y resaltar el ultimo sello que hemos sumado como establecimiento educacional y que venimos trabajando desde hace al menos 5 a\u00f1os. Agradecer a nuestros tres profesores por su entrega, su compromiso, en esto que tendr\u00e1 como principales beneficiados a nuestros estudiantes y toda la comunidad educativa\u201d.<\/p>\n<p style=\"text-align: justify;\">La ceremonia de premiaci\u00f3n para las mejores iniciativas del pa\u00eds se realizar\u00e1 este pr\u00f3ximo jueves 12 de enero a partir de las 16.00 horas a trav\u00e9s de streaming del canal de youtube de la fundaci\u00f3n Elige Educar. Es as\u00ed que los equipos recibir\u00e1n un aporte en dinero que permitir\u00e1 financiar y potenciar su proyecto de innovaci\u00f3n educativa, adem\u00e1s de un programa de mentor\u00edas, que incorpora talleres y sesiones con el fin de reforzar la implementaci\u00f3n de los proyectos durante 2023.<\/p>\n<\/div><\/section><\/div><div  style='height:50px' class='hr hr-invisible   avia-builder-el-6  el_after_av_one_full  el_before_av_social_share '><span class='hr-inner ' ><span class='hr-inner-style'><\/span><\/span><\/div><\/p>\n<div  class='av-social-sharing-box  avia-builder-el-7  el_after_av_hr  el_before_av_hr  '><div class='av-share-box'><h5 class='av-share-link-description av-no-toc '>Compartir esta noticia<\/h5><ul class='av-share-box-list noLightbox'><li class='av-share-link av-social-link-facebook' ><a target=\"_blank\" aria-label=\"Compartir en Facebook\" href='https:\/\/www.facebook.com\/sharer.php?u=https:\/\/radiorevelacionfm.cl\/?p=26442&#038;t=Proyecto%20de%20escuela%20Litoral%20Austral%20es%20reconocido%20por%20Elige%20Educar%20como%20una%20de%20las%20diez%20mejores%20iniciativas%20del%20pa%C3%ADs%20en%20el%20%C3%A1mbito%20innovaci%C3%B3n' aria-hidden='false' data-av_icon='\ue8f3' data-av_iconfont='entypo-fontello' title='' data-avia-related-tooltip='Compartir en Facebook' rel=\"noopener\"><span class='avia_hidden_link_text'>Compartir en Facebook<\/span><\/a><\/li><li class='av-share-link av-social-link-twitter' ><a target=\"_blank\" aria-label=\"Compartir en Twitter\" href='https:\/\/twitter.com\/share?text=Proyecto%20de%20escuela%20Litoral%20Austral%20es%20reconocido%20por%20Elige%20Educar%20como%20una%20de%20las%20diez%20mejores%20iniciativas%20del%20pa%C3%ADs%20en%20el%20%C3%A1mbito%20innovaci%C3%B3n&#038;url=https:\/\/radiorevelacionfm.cl\/?p=26442' aria-hidden='false' data-av_icon='\ue8f1' data-av_iconfont='entypo-fontello' title='' data-avia-related-tooltip='Compartir en Twitter' rel=\"noopener\"><span class='avia_hidden_link_text'>Compartir en Twitter<\/span><\/a><\/li><li class='av-share-link av-social-link-whatsapp' ><a target=\"_blank\" aria-label=\"Compartir en Whatsapp\" href='https:\/\/api.whatsapp.com\/send?text=https:\/\/radiorevelacionfm.cl\/?p=26442' aria-hidden='false' data-av_icon='\uf232' data-av_iconfont='entypo-fontello' title='' data-avia-related-tooltip='Compartir en Whatsapp' rel=\"noopener\"><span class='avia_hidden_link_text'>Compartir en Whatsapp<\/span><\/a><\/li><li class='av-share-link av-social-link-linkedin' ><a target=\"_blank\" aria-label=\"Compartir en LinkedIn\" href='https:\/\/linkedin.com\/shareArticle?mini=true&#038;title=Proyecto%20de%20escuela%20Litoral%20Austral%20es%20reconocido%20por%20Elige%20Educar%20como%20una%20de%20las%20diez%20mejores%20iniciativas%20del%20pa%C3%ADs%20en%20el%20%C3%A1mbito%20innovaci%C3%B3n&#038;url=https:\/\/radiorevelacionfm.cl\/?p=26442' aria-hidden='false' data-av_icon='\ue8fc' data-av_iconfont='entypo-fontello' title='' data-avia-related-tooltip='Compartir en LinkedIn' rel=\"noopener\"><span class='avia_hidden_link_text'>Compartir en LinkedIn<\/span><\/a><\/li><li class='av-share-link av-social-link-mail' ><a  aria-label=\"Compartir por correo\" href='mailto:?subject=Proyecto%20de%20escuela%20Litoral%20Austral%20es%20reconocido%20por%20Elige%20Educar%20como%20una%20de%20las%20diez%20mejores%20iniciativas%20del%20pa%C3%ADs%20en%20el%20%C3%A1mbito%20innovaci%C3%B3n&#038;body=https:\/\/radiorevelacionfm.cl\/?p=26442' aria-hidden='false' data-av_icon='\ue805' data-av_iconfont='entypo-fontello' title='' data-avia-related-tooltip='Compartir por correo'><span class='avia_hidden_link_text'>Compartir por correo<\/span><\/a><\/li><\/ul><\/div><\/div>\n<div  style='height:50px' class='hr hr-invisible   avia-builder-el-8  el_after_av_social_share  el_before_av_comments_list '><span class='hr-inner ' ><span class='hr-inner-style'><\/span><\/span><\/div>\n<div  class='av-buildercomment  av-blog-meta-html-info-disabled av-blog-meta-tag-disabled  '><\/div>\n","protected":false},"excerpt":{"rendered":"","protected":false},"author":1,"featured_media":26443,"comment_status":"open","ping_status":"open","sticky":false,"template":"","format":"standard","meta":{"footnotes":""},"categories":[38],"tags":[],"class_list":["post-26442","post","type-post","status-publish","format-standard","has-post-thumbnail","hentry","category-regional"],"jetpack_featured_media_url":"https:\/\/radiorevelacionfm.cl\/wp-content\/uploads\/2023\/01\/20220406_154100-1-1.jpg","_links":{"self":[{"href":"https:\/\/radiorevelacionfm.cl\/index.php?rest_route=\/wp\/v2\/posts\/26442","targetHints":{"allow":["GET"]}}],"collection":[{"href":"https:\/\/radiorevelacionfm.cl\/index.php?rest_route=\/wp\/v2\/posts"}],"about":[{"href":"https:\/\/radiorevelacionfm.cl\/index.php?rest_route=\/wp\/v2\/types\/post"}],"author":[{"embeddable":true,"href":"https:\/\/radiorevelacionfm.cl\/index.php?rest_route=\/wp\/v2\/users\/1"}],"replies":[{"embeddable":true,"href":"https:\/\/radiorevelacionfm.cl\/index.php?rest_route=%2Fwp%2Fv2%2Fcomments&post=26442"}],"version-history":[{"count":2,"href":"https:\/\/radiorevelacionfm.cl\/index.php?rest_route=\/wp\/v2\/posts\/26442\/revisions"}],"predecessor-version":[{"id":26470,"href":"https:\/\/radiorevelacionfm.cl\/index.php?rest_route=\/wp\/v2\/posts\/26442\/revisions\/26470"}],"wp:featuredmedia":[{"embeddable":true,"href":"https:\/\/radiorevelacionfm.cl\/index.php?rest_route=\/wp\/v2\/media\/26443"}],"wp:attachment":[{"href":"https:\/\/radiorevelacionfm.cl\/index.php?rest_route=%2Fwp%2Fv2%2Fmedia&parent=26442"}],"wp:term":[{"taxonomy":"category","embeddable":true,"href":"https:\/\/radiorevelacionfm.cl\/index.php?rest_route=%2Fwp%2Fv2%2Fcategories&post=26442"},{"taxonomy":"post_tag","embeddable":true,"href":"https:\/\/radiorevelacionfm.cl\/index.php?rest_route=%2Fwp%2Fv2%2Ftags&post=26442"}],"curies":[{"name":"wp","href":"https:\/\/api.w.org\/{rel}","templated":true}]}}