{"id":26439,"date":"2023-01-10T13:36:59","date_gmt":"2023-01-10T16:36:59","guid":{"rendered":"https:\/\/radiorevelacionfm.cl\/?p=26439"},"modified":"2023-01-10T13:36:59","modified_gmt":"2023-01-10T16:36:59","slug":"detenidos-recuperacion-de-especies-y-ubicacion-de-una-persona-marcaron-el-cierre-e-inicio-de-ano-en-puerto-aysen","status":"publish","type":"post","link":"https:\/\/radiorevelacionfm.cl\/?p=26439","title":{"rendered":"Detenidos, recuperaci\u00f3n de especies y ubicaci\u00f3n de una persona marcaron el cierre e inicio de a\u00f1o en Puerto Ays\u00e9n"},"content":{"rendered":"<div class=\"flex_column av_one_full  flex_column_div av-zero-column-padding first  avia-builder-el-0  el_before_av_one_full  avia-builder-el-first  \" style='border-radius:0px; '><div  class='avia-image-container  av-styling-    avia-builder-el-1  avia-builder-el-no-sibling  avia-align-center '  itemprop=\"image\" itemscope=\"itemscope\" itemtype=\"https:\/\/schema.org\/ImageObject\"  ><div class='avia-image-container-inner'><div class='avia-image-overlay-wrap'><img decoding=\"async\" class='wp-image-6368 avia-img-lazy-loading-not-6368 avia_image' src=\"https:\/\/radiorevelacionfm.cl\/wp-content\/uploads\/2021\/07\/PDI_AYSEN-1-1.jpg\" alt='' title='PDI_AYSEN (1) (1)' height=\"600\" width=\"802\"  itemprop=\"thumbnailUrl\" srcset=\"https:\/\/radiorevelacionfm.cl\/wp-content\/uploads\/2021\/07\/PDI_AYSEN-1-1.jpg 802w, https:\/\/radiorevelacionfm.cl\/wp-content\/uploads\/2021\/07\/PDI_AYSEN-1-1-300x224.jpg 300w, https:\/\/radiorevelacionfm.cl\/wp-content\/uploads\/2021\/07\/PDI_AYSEN-1-1-768x575.jpg 768w, https:\/\/radiorevelacionfm.cl\/wp-content\/uploads\/2021\/07\/PDI_AYSEN-1-1-705x527.jpg 705w, https:\/\/radiorevelacionfm.cl\/wp-content\/uploads\/2021\/07\/PDI_AYSEN-1-1-600x449.jpg 600w\" sizes=\"(max-width: 802px) 100vw, 802px\" \/><\/div><\/div><\/div><\/div><div class=\"flex_column av_one_full  flex_column_div av-zero-column-padding first  avia-builder-el-2  el_after_av_one_full  el_before_av_one_full  column-top-margin\" style='border-radius:0px; '><section class=\"av_textblock_section \"  itemscope=\"itemscope\" itemtype=\"https:\/\/schema.org\/BlogPosting\" itemprop=\"blogPost\" ><div class='avia_textblock  '   itemprop=\"text\" ><p style=\"text-align: center;\"><span style=\"font-size: 18pt;\"><strong>Detenidos, recuperaci\u00f3n de especies y ubicaci\u00f3n de una persona marcaron el cierre e inicio de a\u00f1o en Puerto Ays\u00e9n<\/strong><\/span><\/p>\n<div id=\"gtx-trans\" style=\"position: absolute; left: -50px; top: 4.31534px;\">\n<div class=\"gtx-trans-icon\"><\/div>\n<\/div>\n<\/div><\/section><\/div><div class=\"flex_column av_one_full  flex_column_div av-zero-column-padding first  avia-builder-el-4  el_after_av_one_full  el_before_av_hr  column-top-margin\" style='border-radius:0px; '><section class=\"av_textblock_section \"  itemscope=\"itemscope\" itemtype=\"https:\/\/schema.org\/BlogPosting\" itemprop=\"blogPost\" ><div class='avia_textblock  '   itemprop=\"text\" ><p style=\"text-align: justify;\">Durante la \u00faltima semana del 2022 y la primera semana de este 2023, detectives de las unidades presente en la provincia de Ays\u00e9n, desarrollaron diversas diligencias investigativas en base al an\u00e1lisis criminal que permitieron obtener una serie de resultados en beneficio de la comunidad de la ciudad puerto.<\/p>\n<p style=\"text-align: justify;\">Entre los resultados, destaca la recuperaci\u00f3n de un veh\u00edculo denunciado por apropiaci\u00f3n indebida, la ubicaci\u00f3n de una adolescente desaparecida, la detenci\u00f3n de un imputado por robo de cable de cobre y la recuperaci\u00f3n de una bicicleta, cuyo receptador fue detenido.<\/p>\n<p style=\"text-align: justify;\">Sobre la recuperaci\u00f3n de un veh\u00edculo station wagon marca Nissan, el jefe de la Brigada de Investigaci\u00f3n Criminal Ays\u00e9n, prefecto Eduardo Charpentier, se\u00f1al\u00f3 que \u201cen virtud a una denuncia interpuesta en el mes de noviembre por el delito de apropiaci\u00f3n indebida, ocasi\u00f3n en la cual la afectada dej\u00f3 su veh\u00edculo en un taller mec\u00e1nico para su reparaci\u00f3n, la que nunca se concret\u00f3, se realizaron diversos empadronamientos y recorridos por la comuna donde, finalmente, el veh\u00edculo fue hallado en deplorables condiciones, incluso faltando algunos accesorios de \u00e9ste\u201d. Por instrucci\u00f3n del fiscal a cargo de la investigaci\u00f3n, el veh\u00edculo fue entregado a su propietaria, cuyo aval\u00fao comercial corresponde a 4 millones 500 mil pesos.<\/p>\n<p style=\"text-align: justify;\">En tanto, sobre la ubicaci\u00f3n de una adolescente desaparecida tras una discusi\u00f3n familiar, el prefecto Eduardo Charpentier indic\u00f3 que \u201cal tomar conocimiento de la desaparici\u00f3n de la adolescente de 17 a\u00f1os, detectives efectuaron las indagaciones necesarias para ubicar a esta persona, desarrollando las primeras diligencias que permitieron la ubicaci\u00f3n de la adolescente de 17 a\u00f1os en el domicilio de una amiga en la comuna de Puerto Ays\u00e9n\u201d, quien fue trasladada hasta un centro asistencial para constatar su estado de salud, encontr\u00e1ndose en buenas condiciones, siendo entregada a su madre.<\/p>\n<p style=\"text-align: justify;\">Por otra parte, se logr\u00f3 la detenci\u00f3n de un imputado por el delito de robo en lugar no habitado, al respecto, el subcomisario Jorge Soto de la BICRIM Ays\u00e9n precis\u00f3 que \u201cel d\u00eda 31 de diciembre de 2022, personal de esta brigada recepcion\u00f3 una denuncia por el delito de robo en lugar no habitado que afect\u00f3 a una empresa de esta comuna, desde la cual sujetos desconocidos sustrajeron 200 metros de cable de cobre, avaluado en 500 mil pesos\u201d. Conforme a los antecedentes aportados por la v\u00edctima y las diligencias efectuadas por personal policial de esta brigada, \u201cse logr\u00f3 la ubicaci\u00f3n en un domicilio del veh\u00edculo en el cual se movilizaban los sujetos, procediendo a la detenci\u00f3n de uno de los involucrados, la recuperaci\u00f3n de la totalidad de las especies sustra\u00eddas y la incautaci\u00f3n de los elementos utilizados para la comisi\u00f3n del delito\u201d. El imputado fue puesto a disposici\u00f3n del tribunal para su audiencia de control de detenci\u00f3n conforme a instrucci\u00f3n del fiscal de turno.<\/p>\n<p style=\"text-align: justify;\">En relaci\u00f3n a la recuperaci\u00f3n de una bicicleta marca Kona, la subcomisaria Romina Ot\u00e1rola de la BIDEMA Ays\u00e9n puntualiz\u00f3 que \u201cel 4 de enero, tras haber sufrido el robo de su bicicleta avaluada en 800 mil pesos, la v\u00edctima concurre hasta dependencias de esta unidad policial con antecedentes donde dicha especie pudiera encontrarse oculta, tras informar al Ministerio P\u00fablico, se efectu\u00f3 una entrada y registro voluntario al inmueble, logrando la recuperaci\u00f3n de la especie y la detenci\u00f3n por el delito flagrante de receptaci\u00f3n de una persona de nacionalidad extranjera de 62 a\u00f1os, quien conforme a lo instruido por el fiscal de turno de la Fiscal\u00eda Local de Puerto Ays\u00e9n fue puesto a disposici\u00f3n de los tribunales de justicia para audiencia de control de detenci\u00f3n\u201d.<\/p>\n<p style=\"text-align: justify;\">Todos los antecedentes de estos procedimientos policiales fueron informados al Ministerio P\u00fablico, con quien se trabaj\u00f3 de manera coordinada cada uno de ellos.<\/p>\n<p style=\"text-align: justify;\">Finalmente, desde la PDI destacaron la importancia de denunciar todos aquellos casos que revistan car\u00e1cter de delito para iniciar las indagaciones y llevar a cabo las diligencias necesarias que permitan el esclarecimiento de los hechos en conjunto con el Ministerio P\u00fablico, recordando, adem\u00e1s, que los complejos policiales de Coyhaique y Puerto Ays\u00e9n est\u00e1n disponibles las 24 horas para la recepci\u00f3n de denuncias.<\/p>\n<\/div><\/section><\/div><div  style='height:50px' class='hr hr-invisible   avia-builder-el-6  el_after_av_one_full  el_before_av_social_share '><span class='hr-inner ' ><span class='hr-inner-style'><\/span><\/span><\/div><\/p>\n<div  class='av-social-sharing-box  avia-builder-el-7  el_after_av_hr  el_before_av_hr  '><div class='av-share-box'><h5 class='av-share-link-description av-no-toc '>Compartir esta noticia<\/h5><ul class='av-share-box-list noLightbox'><li class='av-share-link av-social-link-facebook' ><a target=\"_blank\" aria-label=\"Compartir en Facebook\" href='https:\/\/www.facebook.com\/sharer.php?u=https:\/\/radiorevelacionfm.cl\/?p=26439&#038;t=Detenidos%2C%20recuperaci%C3%B3n%20de%20especies%20y%20ubicaci%C3%B3n%20de%20una%20persona%20marcaron%20el%20cierre%20e%20inicio%20de%20a%C3%B1o%20en%20Puerto%20Ays%C3%A9n' aria-hidden='false' data-av_icon='\ue8f3' data-av_iconfont='entypo-fontello' title='' data-avia-related-tooltip='Compartir en Facebook' rel=\"noopener\"><span class='avia_hidden_link_text'>Compartir en Facebook<\/span><\/a><\/li><li class='av-share-link av-social-link-twitter' ><a target=\"_blank\" aria-label=\"Compartir en Twitter\" href='https:\/\/twitter.com\/share?text=Detenidos%2C%20recuperaci%C3%B3n%20de%20especies%20y%20ubicaci%C3%B3n%20de%20una%20persona%20marcaron%20el%20cierre%20e%20inicio%20de%20a%C3%B1o%20en%20Puerto%20Ays%C3%A9n&#038;url=https:\/\/radiorevelacionfm.cl\/?p=26439' aria-hidden='false' data-av_icon='\ue8f1' data-av_iconfont='entypo-fontello' title='' data-avia-related-tooltip='Compartir en Twitter' rel=\"noopener\"><span class='avia_hidden_link_text'>Compartir en Twitter<\/span><\/a><\/li><li class='av-share-link av-social-link-whatsapp' ><a target=\"_blank\" aria-label=\"Compartir en Whatsapp\" href='https:\/\/api.whatsapp.com\/send?text=https:\/\/radiorevelacionfm.cl\/?p=26439' aria-hidden='false' data-av_icon='\uf232' data-av_iconfont='entypo-fontello' title='' data-avia-related-tooltip='Compartir en Whatsapp' rel=\"noopener\"><span class='avia_hidden_link_text'>Compartir en Whatsapp<\/span><\/a><\/li><li class='av-share-link av-social-link-linkedin' ><a target=\"_blank\" aria-label=\"Compartir en LinkedIn\" href='https:\/\/linkedin.com\/shareArticle?mini=true&#038;title=Detenidos%2C%20recuperaci%C3%B3n%20de%20especies%20y%20ubicaci%C3%B3n%20de%20una%20persona%20marcaron%20el%20cierre%20e%20inicio%20de%20a%C3%B1o%20en%20Puerto%20Ays%C3%A9n&#038;url=https:\/\/radiorevelacionfm.cl\/?p=26439' aria-hidden='false' data-av_icon='\ue8fc' data-av_iconfont='entypo-fontello' title='' data-avia-related-tooltip='Compartir en LinkedIn' rel=\"noopener\"><span class='avia_hidden_link_text'>Compartir en LinkedIn<\/span><\/a><\/li><li class='av-share-link av-social-link-mail' ><a  aria-label=\"Compartir por correo\" href='mailto:?subject=Detenidos%2C%20recuperaci%C3%B3n%20de%20especies%20y%20ubicaci%C3%B3n%20de%20una%20persona%20marcaron%20el%20cierre%20e%20inicio%20de%20a%C3%B1o%20en%20Puerto%20Ays%C3%A9n&#038;body=https:\/\/radiorevelacionfm.cl\/?p=26439' aria-hidden='false' data-av_icon='\ue805' data-av_iconfont='entypo-fontello' title='' data-avia-related-tooltip='Compartir por correo'><span class='avia_hidden_link_text'>Compartir por correo<\/span><\/a><\/li><\/ul><\/div><\/div>\n<div  style='height:50px' class='hr hr-invisible   avia-builder-el-8  el_after_av_social_share  el_before_av_comments_list '><span class='hr-inner ' ><span class='hr-inner-style'><\/span><\/span><\/div>\n<div  class='av-buildercomment  av-blog-meta-html-info-disabled av-blog-meta-tag-disabled  '><\/div>\n","protected":false},"excerpt":{"rendered":"","protected":false},"author":1,"featured_media":6368,"comment_status":"open","ping_status":"open","sticky":false,"template":"","format":"standard","meta":{"footnotes":""},"categories":[36],"tags":[],"class_list":["post-26439","post","type-post","status-publish","format-standard","has-post-thumbnail","hentry","category-policial"],"jetpack_featured_media_url":"https:\/\/radiorevelacionfm.cl\/wp-content\/uploads\/2021\/07\/PDI_AYSEN-1-1.jpg","_links":{"self":[{"href":"https:\/\/radiorevelacionfm.cl\/index.php?rest_route=\/wp\/v2\/posts\/26439","targetHints":{"allow":["GET"]}}],"collection":[{"href":"https:\/\/radiorevelacionfm.cl\/index.php?rest_route=\/wp\/v2\/posts"}],"about":[{"href":"https:\/\/radiorevelacionfm.cl\/index.php?rest_route=\/wp\/v2\/types\/post"}],"author":[{"embeddable":true,"href":"https:\/\/radiorevelacionfm.cl\/index.php?rest_route=\/wp\/v2\/users\/1"}],"replies":[{"embeddable":true,"href":"https:\/\/radiorevelacionfm.cl\/index.php?rest_route=%2Fwp%2Fv2%2Fcomments&post=26439"}],"version-history":[{"count":2,"href":"https:\/\/radiorevelacionfm.cl\/index.php?rest_route=\/wp\/v2\/posts\/26439\/revisions"}],"predecessor-version":[{"id":26441,"href":"https:\/\/radiorevelacionfm.cl\/index.php?rest_route=\/wp\/v2\/posts\/26439\/revisions\/26441"}],"wp:featuredmedia":[{"embeddable":true,"href":"https:\/\/radiorevelacionfm.cl\/index.php?rest_route=\/wp\/v2\/media\/6368"}],"wp:attachment":[{"href":"https:\/\/radiorevelacionfm.cl\/index.php?rest_route=%2Fwp%2Fv2%2Fmedia&parent=26439"}],"wp:term":[{"taxonomy":"category","embeddable":true,"href":"https:\/\/radiorevelacionfm.cl\/index.php?rest_route=%2Fwp%2Fv2%2Fcategories&post=26439"},{"taxonomy":"post_tag","embeddable":true,"href":"https:\/\/radiorevelacionfm.cl\/index.php?rest_route=%2Fwp%2Fv2%2Ftags&post=26439"}],"curies":[{"name":"wp","href":"https:\/\/api.w.org\/{rel}","templated":true}]}}