{"id":26435,"date":"2023-01-10T11:38:28","date_gmt":"2023-01-10T14:38:28","guid":{"rendered":"https:\/\/radiorevelacionfm.cl\/?p=26435"},"modified":"2023-01-10T11:38:28","modified_gmt":"2023-01-10T14:38:28","slug":"modificacion-en-ley-de-presupuesto-permitira-avanzar-en-la-construccion-del-nuevo-edificio-consistorial-de-rio-ibanez","status":"publish","type":"post","link":"https:\/\/radiorevelacionfm.cl\/?p=26435","title":{"rendered":"Modificaci\u00f3n en Ley de Presupuesto permitir\u00e1 avanzar en la construcci\u00f3n del nuevo edificio consistorial de R\u00edo Ib\u00e1\u00f1ez"},"content":{"rendered":"<div class=\"flex_column av_one_full  flex_column_div av-zero-column-padding first  avia-builder-el-0  el_before_av_one_full  avia-builder-el-first  \" style='border-radius:0px; '><div  class='avia-image-container  av-styling-    avia-builder-el-1  avia-builder-el-no-sibling  avia-align-center '  itemprop=\"image\" itemscope=\"itemscope\" itemtype=\"https:\/\/schema.org\/ImageObject\"  ><div class='avia-image-container-inner'><div class='avia-image-overlay-wrap'><img decoding=\"async\" class='wp-image-26436 avia-img-lazy-loading-not-26436 avia_image' src=\"https:\/\/radiorevelacionfm.cl\/wp-content\/uploads\/2023\/01\/WhatsApp-Image-2023-01-10-at-10.44.14-1-1.jpeg\" alt='' title='WhatsApp Image 2023-01-10 at 10.44.14 (1) (1)' height=\"600\" width=\"900\"  itemprop=\"thumbnailUrl\" srcset=\"https:\/\/radiorevelacionfm.cl\/wp-content\/uploads\/2023\/01\/WhatsApp-Image-2023-01-10-at-10.44.14-1-1.jpeg 900w, https:\/\/radiorevelacionfm.cl\/wp-content\/uploads\/2023\/01\/WhatsApp-Image-2023-01-10-at-10.44.14-1-1-300x200.jpeg 300w, https:\/\/radiorevelacionfm.cl\/wp-content\/uploads\/2023\/01\/WhatsApp-Image-2023-01-10-at-10.44.14-1-1-768x512.jpeg 768w, https:\/\/radiorevelacionfm.cl\/wp-content\/uploads\/2023\/01\/WhatsApp-Image-2023-01-10-at-10.44.14-1-1-705x470.jpeg 705w, https:\/\/radiorevelacionfm.cl\/wp-content\/uploads\/2023\/01\/WhatsApp-Image-2023-01-10-at-10.44.14-1-1-600x400.jpeg 600w\" sizes=\"(max-width: 900px) 100vw, 900px\" \/><\/div><\/div><\/div><\/div><div class=\"flex_column av_one_full  flex_column_div av-zero-column-padding first  avia-builder-el-2  el_after_av_one_full  el_before_av_one_full  column-top-margin\" style='border-radius:0px; '><section class=\"av_textblock_section \"  itemscope=\"itemscope\" itemtype=\"https:\/\/schema.org\/BlogPosting\" itemprop=\"blogPost\" ><div class='avia_textblock  '   itemprop=\"text\" ><p style=\"text-align: center;\"><strong><span style=\"font-size: 18pt;\">Modificaci\u00f3n en Ley de Presupuesto permitir\u00e1 avanzar en la construcci\u00f3n del nuevo edificio consistorial de R\u00edo Ib\u00e1\u00f1ez<\/span><\/strong><\/p>\n<div id=\"gtx-trans\" style=\"position: absolute; left: -50px; top: 4.31534px;\">\n<div class=\"gtx-trans-icon\"><\/div>\n<\/div>\n<\/div><\/section><\/div><div class=\"flex_column av_one_full  flex_column_div av-zero-column-padding first  avia-builder-el-4  el_after_av_one_full  el_before_av_hr  column-top-margin\" style='border-radius:0px; '><section class=\"av_textblock_section \"  itemscope=\"itemscope\" itemtype=\"https:\/\/schema.org\/BlogPosting\" itemprop=\"blogPost\" ><div class='avia_textblock  '   itemprop=\"text\" ><p dir=\"ltr\" style=\"text-align: justify;\">La Gobernadora Regional de Ays\u00e9n, Andrea Mac\u00edas Palma, lleg\u00f3 hasta el edificio donde hoy trabajan las funcionarias y funcionarios del municipio de R\u00edo Ib\u00e1\u00f1ez para comunicarles una noticia que esperaban desde hace tiempo: la posibilidad de la construcci\u00f3n de un nuevo inmueble consistorial, conocido com\u00fanmente como municipalidad, es hoy una realidad.<\/p>\n<p dir=\"ltr\" style=\"text-align: justify;\">Este proyecto era una necesidad que las y los trabajadores de R\u00edo Ib\u00e1\u00f1ez hab\u00edan levantado desde hace ya varios meses, debido a las deficiencias en sus instalaciones, sin embargo, y debido a la forma en que estaba elaborada la Ley de Presupuesto a nivel central de este a\u00f1o, el financiamiento para la iniciativa hab\u00eda quedado comprometido, a tal punto que se puso en duda su concreci\u00f3n para el 2023.<\/p>\n<p dir=\"ltr\" style=\"text-align: justify;\">Luego de un trabajo conjunto por parte del Gobierno Regional de Ays\u00e9n y de la Municipalidad de R\u00edo Ib\u00e1\u00f1ez, ambas entidades lograron que se modificara la Glosa Presupuestaria del Programa Fondo Recuperaci\u00f3n de Ciudades (FRC) para 2023, cambio que permite que la reposici\u00f3n del edificio consistorial pueda ser financiada por esta v\u00eda.<\/p>\n<p dir=\"ltr\" style=\"text-align: justify;\">\u00abSabemos que hace mucho tiempo se ha levantado una demanda que tiene que ver con la construcci\u00f3n de un edificio consistorial. Las condiciones en las que trabajan hoy los funcionarios municipales y, por lo tanto, las condiciones en las que se atiende a la comunidad, sin duda que no son las mejores (&#8230;) logramos, en un trabajo conjunto que hicimos con el municipio, avanzar para presentar una modificaci\u00f3n en la Ley de Presupuesto que fue aprobada, y que va a permitir hoy concretar el financiamiento de manera compartida con la Subsecretar\u00eda de Desarrollo Regional y el Gobierno Regional de Ays\u00e9n\u00bb, inform\u00f3 la Gobernadora Regional, Andrea Mac\u00edas Palma.<\/p>\n<p dir=\"ltr\" style=\"text-align: justify;\">Es as\u00ed que, de acuerdo al oficio enviado por el mismo subsecretario de Desarrollo Regional y Administrativo (Subdere), Nicol\u00e1s Cataldo, ser\u00e1 la Municipalidad la encargada de presentar la documentaci\u00f3n y antecedentes que se le exigen para contar con una gran parte de los fondos requeridos desde el Gobierno central, mientras que la otra parte se discutir\u00e1 y votar\u00e1 durante el primer semestre del presente a\u00f1o en el Consejo Regional. De aprobarse el financiamiento, despu\u00e9s viene el proceso de licitaci\u00f3n, para posteriormente dar comienzo a la ejecuci\u00f3n de la obra.<\/p>\n<p dir=\"ltr\" style=\"text-align: justify;\">\u00abLa buena noticia es que la Subdere ya nos mencion\u00f3 que es posible evaluar el financiamiento del 50%, lo que sumado al compromiso previo que ten\u00eda la Gobernadora y el Consejo Regional, completar\u00eda el financiamiento que se requiere para esta infraestructura. Vamos a seguir trabajando como municipio, tratando de sortear todas las evaluaciones que vienen a continuaci\u00f3n\u00bb, enfatiz\u00f3 el alcalde de R\u00edo Ib\u00e1\u00f1ez, Marcelo Santana.<\/p>\n<\/div><\/section><\/div><div  style='height:50px' class='hr hr-invisible   avia-builder-el-6  el_after_av_one_full  el_before_av_social_share '><span class='hr-inner ' ><span class='hr-inner-style'><\/span><\/span><\/div><\/p>\n<div  class='av-social-sharing-box  avia-builder-el-7  el_after_av_hr  el_before_av_hr  '><div class='av-share-box'><h5 class='av-share-link-description av-no-toc '>Compartir esta noticia<\/h5><ul class='av-share-box-list noLightbox'><li class='av-share-link av-social-link-facebook' ><a target=\"_blank\" aria-label=\"Compartir en Facebook\" href='https:\/\/www.facebook.com\/sharer.php?u=https:\/\/radiorevelacionfm.cl\/?p=26435&#038;t=Modificaci%C3%B3n%20en%20Ley%20de%20Presupuesto%20permitir%C3%A1%20avanzar%20en%20la%20construcci%C3%B3n%20del%20nuevo%20edificio%20consistorial%20de%20R%C3%ADo%20Ib%C3%A1%C3%B1ez' aria-hidden='false' data-av_icon='\ue8f3' data-av_iconfont='entypo-fontello' title='' data-avia-related-tooltip='Compartir en Facebook' rel=\"noopener\"><span class='avia_hidden_link_text'>Compartir en Facebook<\/span><\/a><\/li><li class='av-share-link av-social-link-twitter' ><a target=\"_blank\" aria-label=\"Compartir en Twitter\" href='https:\/\/twitter.com\/share?text=Modificaci%C3%B3n%20en%20Ley%20de%20Presupuesto%20permitir%C3%A1%20avanzar%20en%20la%20construcci%C3%B3n%20del%20nuevo%20edificio%20consistorial%20de%20R%C3%ADo%20Ib%C3%A1%C3%B1ez&#038;url=https:\/\/radiorevelacionfm.cl\/?p=26435' aria-hidden='false' data-av_icon='\ue8f1' data-av_iconfont='entypo-fontello' title='' data-avia-related-tooltip='Compartir en Twitter' rel=\"noopener\"><span class='avia_hidden_link_text'>Compartir en Twitter<\/span><\/a><\/li><li class='av-share-link av-social-link-whatsapp' ><a target=\"_blank\" aria-label=\"Compartir en Whatsapp\" href='https:\/\/api.whatsapp.com\/send?text=https:\/\/radiorevelacionfm.cl\/?p=26435' aria-hidden='false' data-av_icon='\uf232' data-av_iconfont='entypo-fontello' title='' data-avia-related-tooltip='Compartir en Whatsapp' rel=\"noopener\"><span class='avia_hidden_link_text'>Compartir en Whatsapp<\/span><\/a><\/li><li class='av-share-link av-social-link-linkedin' ><a target=\"_blank\" aria-label=\"Compartir en LinkedIn\" href='https:\/\/linkedin.com\/shareArticle?mini=true&#038;title=Modificaci%C3%B3n%20en%20Ley%20de%20Presupuesto%20permitir%C3%A1%20avanzar%20en%20la%20construcci%C3%B3n%20del%20nuevo%20edificio%20consistorial%20de%20R%C3%ADo%20Ib%C3%A1%C3%B1ez&#038;url=https:\/\/radiorevelacionfm.cl\/?p=26435' aria-hidden='false' data-av_icon='\ue8fc' data-av_iconfont='entypo-fontello' title='' data-avia-related-tooltip='Compartir en LinkedIn' rel=\"noopener\"><span class='avia_hidden_link_text'>Compartir en LinkedIn<\/span><\/a><\/li><li class='av-share-link av-social-link-mail' ><a  aria-label=\"Compartir por correo\" href='mailto:?subject=Modificaci%C3%B3n%20en%20Ley%20de%20Presupuesto%20permitir%C3%A1%20avanzar%20en%20la%20construcci%C3%B3n%20del%20nuevo%20edificio%20consistorial%20de%20R%C3%ADo%20Ib%C3%A1%C3%B1ez&#038;body=https:\/\/radiorevelacionfm.cl\/?p=26435' aria-hidden='false' data-av_icon='\ue805' data-av_iconfont='entypo-fontello' title='' data-avia-related-tooltip='Compartir por correo'><span class='avia_hidden_link_text'>Compartir por correo<\/span><\/a><\/li><\/ul><\/div><\/div>\n<div  style='height:50px' class='hr hr-invisible   avia-builder-el-8  el_after_av_social_share  el_before_av_comments_list '><span class='hr-inner ' ><span class='hr-inner-style'><\/span><\/span><\/div>\n<div  class='av-buildercomment  av-blog-meta-html-info-disabled av-blog-meta-tag-disabled  '><\/div>\n","protected":false},"excerpt":{"rendered":"","protected":false},"author":1,"featured_media":26436,"comment_status":"open","ping_status":"open","sticky":false,"template":"","format":"standard","meta":{"footnotes":""},"categories":[38],"tags":[],"class_list":["post-26435","post","type-post","status-publish","format-standard","has-post-thumbnail","hentry","category-regional"],"jetpack_featured_media_url":"https:\/\/radiorevelacionfm.cl\/wp-content\/uploads\/2023\/01\/WhatsApp-Image-2023-01-10-at-10.44.14-1-1.jpeg","_links":{"self":[{"href":"https:\/\/radiorevelacionfm.cl\/index.php?rest_route=\/wp\/v2\/posts\/26435","targetHints":{"allow":["GET"]}}],"collection":[{"href":"https:\/\/radiorevelacionfm.cl\/index.php?rest_route=\/wp\/v2\/posts"}],"about":[{"href":"https:\/\/radiorevelacionfm.cl\/index.php?rest_route=\/wp\/v2\/types\/post"}],"author":[{"embeddable":true,"href":"https:\/\/radiorevelacionfm.cl\/index.php?rest_route=\/wp\/v2\/users\/1"}],"replies":[{"embeddable":true,"href":"https:\/\/radiorevelacionfm.cl\/index.php?rest_route=%2Fwp%2Fv2%2Fcomments&post=26435"}],"version-history":[{"count":2,"href":"https:\/\/radiorevelacionfm.cl\/index.php?rest_route=\/wp\/v2\/posts\/26435\/revisions"}],"predecessor-version":[{"id":26438,"href":"https:\/\/radiorevelacionfm.cl\/index.php?rest_route=\/wp\/v2\/posts\/26435\/revisions\/26438"}],"wp:featuredmedia":[{"embeddable":true,"href":"https:\/\/radiorevelacionfm.cl\/index.php?rest_route=\/wp\/v2\/media\/26436"}],"wp:attachment":[{"href":"https:\/\/radiorevelacionfm.cl\/index.php?rest_route=%2Fwp%2Fv2%2Fmedia&parent=26435"}],"wp:term":[{"taxonomy":"category","embeddable":true,"href":"https:\/\/radiorevelacionfm.cl\/index.php?rest_route=%2Fwp%2Fv2%2Fcategories&post=26435"},{"taxonomy":"post_tag","embeddable":true,"href":"https:\/\/radiorevelacionfm.cl\/index.php?rest_route=%2Fwp%2Fv2%2Ftags&post=26435"}],"curies":[{"name":"wp","href":"https:\/\/api.w.org\/{rel}","templated":true}]}}