{"id":26423,"date":"2023-01-10T09:29:25","date_gmt":"2023-01-10T12:29:25","guid":{"rendered":"https:\/\/radiorevelacionfm.cl\/?p=26423"},"modified":"2023-01-10T09:29:25","modified_gmt":"2023-01-10T12:29:25","slug":"lanzan-oficialmente-el-programa-de-vive-el-verano-en-aysen-y-el-1-carnaval-del-agua","status":"publish","type":"post","link":"https:\/\/radiorevelacionfm.cl\/?p=26423","title":{"rendered":"Lanzan oficialmente el programa de Vive el Verano en Ays\u00e9n y el 1\u00b0 Carnaval del Agua"},"content":{"rendered":"<div class=\"flex_column av_one_full  flex_column_div av-zero-column-padding first  avia-builder-el-0  el_before_av_one_full  avia-builder-el-first  \" style='border-radius:0px; '><div  class='avia-image-container  av-styling-    avia-builder-el-1  avia-builder-el-no-sibling  avia-align-center '  itemprop=\"image\" itemscope=\"itemscope\" itemtype=\"https:\/\/schema.org\/ImageObject\"  ><div class='avia-image-container-inner'><div class='avia-image-overlay-wrap'><img decoding=\"async\" class='wp-image-26424 avia-img-lazy-loading-not-26424 avia_image' src=\"https:\/\/radiorevelacionfm.cl\/wp-content\/uploads\/2023\/01\/IMG_9456-1.jpg\" alt='' title='IMG_9456 (1)' height=\"600\" width=\"900\"  itemprop=\"thumbnailUrl\" srcset=\"https:\/\/radiorevelacionfm.cl\/wp-content\/uploads\/2023\/01\/IMG_9456-1.jpg 900w, https:\/\/radiorevelacionfm.cl\/wp-content\/uploads\/2023\/01\/IMG_9456-1-300x200.jpg 300w, https:\/\/radiorevelacionfm.cl\/wp-content\/uploads\/2023\/01\/IMG_9456-1-768x512.jpg 768w, https:\/\/radiorevelacionfm.cl\/wp-content\/uploads\/2023\/01\/IMG_9456-1-705x470.jpg 705w, https:\/\/radiorevelacionfm.cl\/wp-content\/uploads\/2023\/01\/IMG_9456-1-600x400.jpg 600w\" sizes=\"(max-width: 900px) 100vw, 900px\" \/><\/div><\/div><\/div><\/div><div class=\"flex_column av_one_full  flex_column_div av-zero-column-padding first  avia-builder-el-2  el_after_av_one_full  el_before_av_one_full  column-top-margin\" style='border-radius:0px; '><section class=\"av_textblock_section \"  itemscope=\"itemscope\" itemtype=\"https:\/\/schema.org\/BlogPosting\" itemprop=\"blogPost\" ><div class='avia_textblock  '   itemprop=\"text\" ><p style=\"text-align: center;\"><strong><span style=\"font-size: 18pt;\">Lanzan oficialmente el programa de Vive el Verano en Ays\u00e9n y el 1\u00b0 Carnaval del Agua<\/span><\/strong><\/p>\n<div id=\"gtx-trans\" style=\"position: absolute; left: -50px; top: 4.31534px;\">\n<div class=\"gtx-trans-icon\"><\/div>\n<\/div>\n<\/div><\/section><\/div><div class=\"flex_column av_one_full  flex_column_div av-zero-column-padding first  avia-builder-el-4  el_after_av_one_full  el_before_av_hr  column-top-margin\" style='border-radius:0px; '><section class=\"av_textblock_section \"  itemscope=\"itemscope\" itemtype=\"https:\/\/schema.org\/BlogPosting\" itemprop=\"blogPost\" ><div class='avia_textblock  '   itemprop=\"text\" ><p style=\"text-align: justify;\">Al mediod\u00eda de este lunes, nuestro alcalde Julio Uribe Alvarado, junto al encargado de Cultura de la Municipalidad de Ays\u00e9n, Cristi\u00e1n Torres Araneda, y el director de la Corporaci\u00f3n de Deportes, Carlos C\u00e1rcamo Adriazola, oficiaron el lanzamiento del programa de la primera edici\u00f3n del Carnaval del Agua, adem\u00e1s de las actividades del Verano en Ays\u00e9n.<\/p>\n<p style=\"text-align: justify;\">La principal novedad de este 2023 ser\u00e1 el 1\u00b0 Carnaval del Agua de Ays\u00e9n, el que se desarrollar\u00e1 en el Parque Municipal (ex Isla D\u00edaz) del 26 al 29 de enero, y que busca rescatar el esp\u00edritu de la Noche Veneciana. El evento contar\u00e1 con dos escenarios con actividades en vivo todos los d\u00edas, donde tambi\u00e9n habr\u00e1 \u201cfood trucks\u201d, juegos infantiles, actividades deportivas en el r\u00edo, muestras culturales, exposici\u00f3n de veh\u00edculos todoterreno, m\u00fasica urbana, mercados de campesinos y artesanos locales, y por primera vez, habr\u00e1 un espacio con actividades dedicadas a los adultos mayores de la comuna.<\/p>\n<p style=\"text-align: justify;\">\u201cQueremos darle una relevancia especial al agua y cambiar la percepci\u00f3n que algunas personas tienen. Por esta raz\u00f3n decidimos organizar el Carnaval del Agua, para potenciar las actividades en el r\u00edo y relacionadas con lo mar\u00edtimo, para darle m\u00e1s protagonismo a este gran recurso\u201d, indic\u00f3 nuestro alcalde durante la presentaci\u00f3n del programa. Agreg\u00f3 que, como parte del esfuerzo por reducir el uso de papel, se distribuir\u00e1n c\u00f3digos QR que las personas podr\u00e1n escanear para revisar el detalle de las actividades.<\/p>\n<p style=\"text-align: justify;\">Sobre el cronograma, el encargado de Cultura entreg\u00f3 m\u00e1s detalles sobre las diferentes actividades culturales que se realizar\u00e1n en la comuna, dando a conocer las fechas de la competencia de Rally, el Color Dance que contar\u00e1 con la presencia de los bailarines Thiago y Bruno, la Fiesta de Disfraces, los recorridos patrimoniales que se efectuar\u00e1n en el Cementerio, la b\u00fasqueda del tesoro en el sector de Cerro Mirador, la fiesta electr\u00f3nica, entre otras.<\/p>\n<p style=\"text-align: justify;\">Adem\u00e1s, el director de la Corporaci\u00f3n de Deportes invit\u00f3 a todas las vecinas y vecinos a participar en las diferentes competencias y actividades que se llevar\u00e1n a cabo en la comuna, tales como la Copa EVA de v\u00f3leibol, la cicletada nocturna, la corrida desde Puerto Chacabuco, el campeonato de Crossfit, la Noche de Combate, Corre con un Bombero, entre otras.<\/p>\n<p style=\"text-align: justify;\">Para conocer el detalle de las fechas y horarios de todas las actividades, y conocer el programa completo del 1\u00b0 Carnaval del Agua, los invitamos a mantenerse informados a trav\u00e9s de las redes sociales de la Municipalidad de Ays\u00e9n.<\/p>\n<\/div><\/section><\/div><div  style='height:50px' class='hr hr-invisible   avia-builder-el-6  el_after_av_one_full  el_before_av_social_share '><span class='hr-inner ' ><span class='hr-inner-style'><\/span><\/span><\/div><\/p>\n<div  class='av-social-sharing-box  avia-builder-el-7  el_after_av_hr  el_before_av_hr  '><div class='av-share-box'><h5 class='av-share-link-description av-no-toc '>Compartir esta noticia<\/h5><ul class='av-share-box-list noLightbox'><li class='av-share-link av-social-link-facebook' ><a target=\"_blank\" aria-label=\"Compartir en Facebook\" href='https:\/\/www.facebook.com\/sharer.php?u=https:\/\/radiorevelacionfm.cl\/?p=26423&#038;t=Lanzan%20oficialmente%20el%20programa%20de%20Vive%20el%20Verano%20en%20Ays%C3%A9n%20y%20el%201%C2%B0%20Carnaval%20del%20Agua' aria-hidden='false' data-av_icon='\ue8f3' data-av_iconfont='entypo-fontello' title='' data-avia-related-tooltip='Compartir en Facebook' rel=\"noopener\"><span class='avia_hidden_link_text'>Compartir en Facebook<\/span><\/a><\/li><li class='av-share-link av-social-link-twitter' ><a target=\"_blank\" aria-label=\"Compartir en Twitter\" href='https:\/\/twitter.com\/share?text=Lanzan%20oficialmente%20el%20programa%20de%20Vive%20el%20Verano%20en%20Ays%C3%A9n%20y%20el%201%C2%B0%20Carnaval%20del%20Agua&#038;url=https:\/\/radiorevelacionfm.cl\/?p=26423' aria-hidden='false' data-av_icon='\ue8f1' data-av_iconfont='entypo-fontello' title='' data-avia-related-tooltip='Compartir en Twitter' rel=\"noopener\"><span class='avia_hidden_link_text'>Compartir en Twitter<\/span><\/a><\/li><li class='av-share-link av-social-link-whatsapp' ><a target=\"_blank\" aria-label=\"Compartir en Whatsapp\" href='https:\/\/api.whatsapp.com\/send?text=https:\/\/radiorevelacionfm.cl\/?p=26423' aria-hidden='false' data-av_icon='\uf232' data-av_iconfont='entypo-fontello' title='' data-avia-related-tooltip='Compartir en Whatsapp' rel=\"noopener\"><span class='avia_hidden_link_text'>Compartir en Whatsapp<\/span><\/a><\/li><li class='av-share-link av-social-link-linkedin' ><a target=\"_blank\" aria-label=\"Compartir en LinkedIn\" href='https:\/\/linkedin.com\/shareArticle?mini=true&#038;title=Lanzan%20oficialmente%20el%20programa%20de%20Vive%20el%20Verano%20en%20Ays%C3%A9n%20y%20el%201%C2%B0%20Carnaval%20del%20Agua&#038;url=https:\/\/radiorevelacionfm.cl\/?p=26423' aria-hidden='false' data-av_icon='\ue8fc' data-av_iconfont='entypo-fontello' title='' data-avia-related-tooltip='Compartir en LinkedIn' rel=\"noopener\"><span class='avia_hidden_link_text'>Compartir en LinkedIn<\/span><\/a><\/li><li class='av-share-link av-social-link-mail' ><a  aria-label=\"Compartir por correo\" href='mailto:?subject=Lanzan%20oficialmente%20el%20programa%20de%20Vive%20el%20Verano%20en%20Ays%C3%A9n%20y%20el%201%C2%B0%20Carnaval%20del%20Agua&#038;body=https:\/\/radiorevelacionfm.cl\/?p=26423' aria-hidden='false' data-av_icon='\ue805' data-av_iconfont='entypo-fontello' title='' data-avia-related-tooltip='Compartir por correo'><span class='avia_hidden_link_text'>Compartir por correo<\/span><\/a><\/li><\/ul><\/div><\/div>\n<div  style='height:50px' class='hr hr-invisible   avia-builder-el-8  el_after_av_social_share  el_before_av_comments_list '><span class='hr-inner ' ><span class='hr-inner-style'><\/span><\/span><\/div>\n<div  class='av-buildercomment  av-blog-meta-html-info-disabled av-blog-meta-tag-disabled  '><\/div>\n","protected":false},"excerpt":{"rendered":"","protected":false},"author":1,"featured_media":26424,"comment_status":"open","ping_status":"open","sticky":false,"template":"","format":"standard","meta":{"footnotes":""},"categories":[38],"tags":[],"class_list":["post-26423","post","type-post","status-publish","format-standard","has-post-thumbnail","hentry","category-regional"],"jetpack_featured_media_url":"https:\/\/radiorevelacionfm.cl\/wp-content\/uploads\/2023\/01\/IMG_9456-1.jpg","_links":{"self":[{"href":"https:\/\/radiorevelacionfm.cl\/index.php?rest_route=\/wp\/v2\/posts\/26423","targetHints":{"allow":["GET"]}}],"collection":[{"href":"https:\/\/radiorevelacionfm.cl\/index.php?rest_route=\/wp\/v2\/posts"}],"about":[{"href":"https:\/\/radiorevelacionfm.cl\/index.php?rest_route=\/wp\/v2\/types\/post"}],"author":[{"embeddable":true,"href":"https:\/\/radiorevelacionfm.cl\/index.php?rest_route=\/wp\/v2\/users\/1"}],"replies":[{"embeddable":true,"href":"https:\/\/radiorevelacionfm.cl\/index.php?rest_route=%2Fwp%2Fv2%2Fcomments&post=26423"}],"version-history":[{"count":2,"href":"https:\/\/radiorevelacionfm.cl\/index.php?rest_route=\/wp\/v2\/posts\/26423\/revisions"}],"predecessor-version":[{"id":26426,"href":"https:\/\/radiorevelacionfm.cl\/index.php?rest_route=\/wp\/v2\/posts\/26423\/revisions\/26426"}],"wp:featuredmedia":[{"embeddable":true,"href":"https:\/\/radiorevelacionfm.cl\/index.php?rest_route=\/wp\/v2\/media\/26424"}],"wp:attachment":[{"href":"https:\/\/radiorevelacionfm.cl\/index.php?rest_route=%2Fwp%2Fv2%2Fmedia&parent=26423"}],"wp:term":[{"taxonomy":"category","embeddable":true,"href":"https:\/\/radiorevelacionfm.cl\/index.php?rest_route=%2Fwp%2Fv2%2Fcategories&post=26423"},{"taxonomy":"post_tag","embeddable":true,"href":"https:\/\/radiorevelacionfm.cl\/index.php?rest_route=%2Fwp%2Fv2%2Ftags&post=26423"}],"curies":[{"name":"wp","href":"https:\/\/api.w.org\/{rel}","templated":true}]}}