{"id":26419,"date":"2023-01-09T19:53:40","date_gmt":"2023-01-09T22:53:40","guid":{"rendered":"https:\/\/radiorevelacionfm.cl\/?p=26419"},"modified":"2023-01-09T19:53:40","modified_gmt":"2023-01-09T22:53:40","slug":"vecinos-as-y-autoridades-destacaron-emblematica-pavimentacion-de-la-calle-los-pilcheros-de-coyhaique","status":"publish","type":"post","link":"https:\/\/radiorevelacionfm.cl\/?p=26419","title":{"rendered":"Vecinos\/as y autoridades destacaron emblem\u00e1tica pavimentaci\u00f3n de la Calle Los Pilcheros de Coyhaique"},"content":{"rendered":"<div class=\"flex_column av_one_full  flex_column_div av-zero-column-padding first  avia-builder-el-0  el_before_av_one_full  avia-builder-el-first  \" style='border-radius:0px; '><div  class='avia-image-container  av-styling-    avia-builder-el-1  avia-builder-el-no-sibling  avia-align-center '  itemprop=\"image\" itemscope=\"itemscope\" itemtype=\"https:\/\/schema.org\/ImageObject\"  ><div class='avia-image-container-inner'><div class='avia-image-overlay-wrap'><img decoding=\"async\" class='wp-image-26420 avia-img-lazy-loading-not-26420 avia_image' src=\"https:\/\/radiorevelacionfm.cl\/wp-content\/uploads\/2023\/01\/corte-de-cinta-inauguracion-calle-los-pilcheros-coyhaique-1_optimized.jpg\" alt='' title='corte-de-cinta-inauguraci\u00f3n-calle-los-pilcheros-coyhaique-(1)_optimized' height=\"600\" width=\"901\"  itemprop=\"thumbnailUrl\" srcset=\"https:\/\/radiorevelacionfm.cl\/wp-content\/uploads\/2023\/01\/corte-de-cinta-inauguracion-calle-los-pilcheros-coyhaique-1_optimized.jpg 901w, https:\/\/radiorevelacionfm.cl\/wp-content\/uploads\/2023\/01\/corte-de-cinta-inauguracion-calle-los-pilcheros-coyhaique-1_optimized-300x200.jpg 300w, https:\/\/radiorevelacionfm.cl\/wp-content\/uploads\/2023\/01\/corte-de-cinta-inauguracion-calle-los-pilcheros-coyhaique-1_optimized-768x511.jpg 768w, https:\/\/radiorevelacionfm.cl\/wp-content\/uploads\/2023\/01\/corte-de-cinta-inauguracion-calle-los-pilcheros-coyhaique-1_optimized-705x469.jpg 705w, https:\/\/radiorevelacionfm.cl\/wp-content\/uploads\/2023\/01\/corte-de-cinta-inauguracion-calle-los-pilcheros-coyhaique-1_optimized-600x400.jpg 600w\" sizes=\"(max-width: 901px) 100vw, 901px\" \/><\/div><\/div><\/div><\/div><div class=\"flex_column av_one_full  flex_column_div av-zero-column-padding first  avia-builder-el-2  el_after_av_one_full  el_before_av_one_full  column-top-margin\" style='border-radius:0px; '><section class=\"av_textblock_section \"  itemscope=\"itemscope\" itemtype=\"https:\/\/schema.org\/BlogPosting\" itemprop=\"blogPost\" ><div class='avia_textblock  '   itemprop=\"text\" ><p style=\"text-align: center;\"><strong><span style=\"font-size: 18pt;\">Vecinos\/as y autoridades destacaron emblem\u00e1tica pavimentaci\u00f3n de la Calle Los Pilcheros de Coyhaique<\/span><\/strong><\/p>\n<div id=\"gtx-trans\" style=\"position: absolute; left: -50px; top: 4.31534px;\">\n<div class=\"gtx-trans-icon\"><\/div>\n<\/div>\n<\/div><\/section><\/div><div class=\"flex_column av_one_full  flex_column_div av-zero-column-padding first  avia-builder-el-4  el_after_av_one_full  el_before_av_hr  column-top-margin\" style='border-radius:0px; '><section class=\"av_textblock_section \"  itemscope=\"itemscope\" itemtype=\"https:\/\/schema.org\/BlogPosting\" itemprop=\"blogPost\" ><div class='avia_textblock  '   itemprop=\"text\" ><p style=\"text-align: justify;\">Con la participaci\u00f3n de autoridades locales y regionales, dirigentes y vecinos del sector, se realiz\u00f3 el pasado viernes la ceremonia de inauguraci\u00f3n de los pavimentos de aceras y veredas de la calle Los Pilcheros de Coyhaique, un antiguo anhelo que viene a mejorar la conectividad y la calidad de vida de las familias de la poblaci\u00f3n Gabriela Mistral, una de las m\u00e1s emblem\u00e1ticas de la capital regional.<\/p>\n<p style=\"text-align: justify;\">La obra fue ejecutada en el marco del Programa de Pavimentaci\u00f3n Participativa del Ministerio de Vivienda y se divide en dos tramos: el primero considera 300 metros lineales, entre las calles Francisco Bilbao y 21 de mayo, en tanto que el segundo comprende 282 metros lineales, entre la calle Almirante Simpson y Avenida Divisadero Oriente.<\/p>\n<p style=\"text-align: justify;\">La Presidenta de la Junta de Vecinos Gabriela Mistral, Mar\u00eda Ang\u00e9lica Vidal, se mostr\u00f3 feliz de ver que se concreta una obra tan necesaria para el barrio donde ha vivido gran parte de su vida. \u201cUstedes no se imaginan como me siento. Legu\u00e9 a los 9 a\u00f1os a este sector, cuando era casi la \u00faltima poblaci\u00f3n del barrio. Mi padre fue el primer vocero cuando esto fue entregado por el Serviu para levantar las casas en paneles. As\u00ed que imag\u00ednense hoy yo inaugurando la \u00faltima calle de mi barrio, que es Los Pilcheros, donde yo jugaba. Le pusimos mucho esfuerzo, cuando empezamos a trabajar con el Quiero Mi Barrio, lo hicimos entre muchos y con la voluntad y el querer todo se puede. As\u00ed que quiero agradecer a cada una de las autoridades que est\u00e1n aqu\u00ed, ya que para m\u00ed es un orgullo ser la presidenta de una poblaci\u00f3n tan bonita\u201d, afirm\u00f3.<\/p>\n<p style=\"text-align: justify;\">Tambi\u00e9n el Delegado Presidencial Regional, Rodrigo Araya, expres\u00f3 satisfacci\u00f3n en nombre del Gobierno, ya que de esta forma se impulsa el progreso de las comunidades con una visi\u00f3n de largo plazo. \u201cEl tema de la pavimentaci\u00f3n participativa al igual que el programa Quiero Mi Barrio tienen mucho tiempo y aqu\u00ed estamos viendo c\u00f3mo beneficia directamente a la comunidad. La presidenta de la Junta de Vecinos nos dio un ejemplo de la perseverancia y de c\u00f3mo la participaci\u00f3n de la ciudadan\u00eda es tan importante para estos logros y tambi\u00e9n c\u00f3mo los recursos del sector, del Gobierno regional y del municipio van en ayuda directa del progreso de los barrios. Esos adelantos tienen que ver con la habitabilidad, la seguridad y adem\u00e1s toda la construcci\u00f3n que genera empleo. Entonces esto es un c\u00edrculo virtuoso que estamos celebrando en el d\u00eda de hoy\u201d, se\u00f1al\u00f3.<\/p>\n<p style=\"text-align: justify;\">La Seremi de Vivienda y Urbanismo, Paulina Ruz, destac\u00f3 las mejoras que trae el proyecto y las proyecciones que el programa trae para la regi\u00f3n en el presente a\u00f1o. \u201cEsto es un trabajo conjunto que hicimos con las vecinas y vecinos del sector Gabriela Mistral, que adem\u00e1s es importante porque permite el acceso al consultorio Alejandro Guti\u00e9rrez y que las personas con discapacidad puedan transitar mejor a trav\u00e9s de la accesibilidad universal. Ya dimos la buena noticia de que seguimos con nuestro llamado 32 del Programa de Pavimentaci\u00f3n Participativa, con el cual esperamos embellecer m\u00e1s localidades de la regi\u00f3n, pero tambi\u00e9n mejorar los accesos y reactivar la econom\u00eda a trav\u00e9s del empleo, todo esto con una inversi\u00f3n que en este caso supera los 7 mil millones de pesos para este a\u00f1o\u201d, detall\u00f3.<\/p>\n<p style=\"text-align: justify;\">El representante de la Gobernadora regional, Oscar del Solar, resalt\u00f3 la perseverancia de la comunidad y sus organizaciones, ya que de esa forma han conseguido ir consolidando su barrio. \u201cFelicitarlos por el aguante, por el empuje que ellos siempre han tenido. Un ejemplo claro es que esto no empez\u00f3 ahora sino hace muchos a\u00f1os. El trabajo con el programa Quiero Mi barrio tambi\u00e9n fue muy decisivo y felicitar tambi\u00e9n al Ministerio de Vivienda e instarlos a que se sigan desarrollando este tipo de iniciativas que le hacen bien a la comunidad, a las ciudades, donde se entrega mayor plusval\u00eda al sector, una mejor calidad de vida y por supuesto se desarrolla la regi\u00f3n\u201d, manifest\u00f3.<\/p>\n<p style=\"text-align: justify;\">Finalmente, el concejal Fidel Pinilla, en representaci\u00f3n del Alcalde y su concejo, felicit\u00f3 tambi\u00e9n a los vecinos y destac\u00f3 la necesidad de potenciar el trabajo conjunto para seguir atendiendo las necesidades de la comunidad. \u201cHay que recordar que detr\u00e1s de este proyecto hay una tremenda lucha que han dado los vecinos, no hay que olvidar que en este espacio hace a\u00f1os atr\u00e1s hab\u00eda una poza, un pantano que coincid\u00eda con un eje estructurante de la ciudad, por lo tanto, no era f\u00e1cil lograr lo que hoy ya est\u00e1. As\u00ed que felicitar a los vecinos y los dirigentes que est\u00e1n presentes por el tremendo trabajo que han hecho, a los profesionales que est\u00e1n detr\u00e1s de esto, al municipio por levantar esta necesidad. Estamos muy contentos y ojal\u00e1 se pueda seguir avanzando en esta misma l\u00ednea en la ciudad porque necesitamos ir mejorando diversos espacios donde a\u00fan nos queda mucho trabajo pendiente\u201d, concluy\u00f3.<\/p>\n<p style=\"text-align: justify;\">La pavimentaci\u00f3n de calle Los Pilcheros de Coyhaique fue ejecutada por la empresa constructora de Crist\u00f3bal Galleguillos Estay, con una inversi\u00f3n que alcanz\u00f3 los 522 millones de pesos, recursos compartidos entre el Ministerio de Vivienda, el Municipio, el Gobierno Regional y los mismos vecinos.<\/p>\n<\/div><\/section><\/div><div  style='height:50px' class='hr hr-invisible   avia-builder-el-6  el_after_av_one_full  el_before_av_social_share '><span class='hr-inner ' ><span class='hr-inner-style'><\/span><\/span><\/div><\/p>\n<div  class='av-social-sharing-box  avia-builder-el-7  el_after_av_hr  el_before_av_hr  '><div class='av-share-box'><h5 class='av-share-link-description av-no-toc '>Compartir esta noticia<\/h5><ul class='av-share-box-list noLightbox'><li class='av-share-link av-social-link-facebook' ><a target=\"_blank\" aria-label=\"Compartir en Facebook\" href='https:\/\/www.facebook.com\/sharer.php?u=https:\/\/radiorevelacionfm.cl\/?p=26419&#038;t=Vecinos%2Fas%20y%20autoridades%20destacaron%20emblem%C3%A1tica%20pavimentaci%C3%B3n%20de%20la%20Calle%20Los%20Pilcheros%20de%20Coyhaique' aria-hidden='false' data-av_icon='\ue8f3' data-av_iconfont='entypo-fontello' title='' data-avia-related-tooltip='Compartir en Facebook' rel=\"noopener\"><span class='avia_hidden_link_text'>Compartir en Facebook<\/span><\/a><\/li><li class='av-share-link av-social-link-twitter' ><a target=\"_blank\" aria-label=\"Compartir en Twitter\" href='https:\/\/twitter.com\/share?text=Vecinos%2Fas%20y%20autoridades%20destacaron%20emblem%C3%A1tica%20pavimentaci%C3%B3n%20de%20la%20Calle%20Los%20Pilcheros%20de%20Coyhaique&#038;url=https:\/\/radiorevelacionfm.cl\/?p=26419' aria-hidden='false' data-av_icon='\ue8f1' data-av_iconfont='entypo-fontello' title='' data-avia-related-tooltip='Compartir en Twitter' rel=\"noopener\"><span class='avia_hidden_link_text'>Compartir en Twitter<\/span><\/a><\/li><li class='av-share-link av-social-link-whatsapp' ><a target=\"_blank\" aria-label=\"Compartir en Whatsapp\" href='https:\/\/api.whatsapp.com\/send?text=https:\/\/radiorevelacionfm.cl\/?p=26419' aria-hidden='false' data-av_icon='\uf232' data-av_iconfont='entypo-fontello' title='' data-avia-related-tooltip='Compartir en Whatsapp' rel=\"noopener\"><span class='avia_hidden_link_text'>Compartir en Whatsapp<\/span><\/a><\/li><li class='av-share-link av-social-link-linkedin' ><a target=\"_blank\" aria-label=\"Compartir en LinkedIn\" href='https:\/\/linkedin.com\/shareArticle?mini=true&#038;title=Vecinos%2Fas%20y%20autoridades%20destacaron%20emblem%C3%A1tica%20pavimentaci%C3%B3n%20de%20la%20Calle%20Los%20Pilcheros%20de%20Coyhaique&#038;url=https:\/\/radiorevelacionfm.cl\/?p=26419' aria-hidden='false' data-av_icon='\ue8fc' data-av_iconfont='entypo-fontello' title='' data-avia-related-tooltip='Compartir en LinkedIn' rel=\"noopener\"><span class='avia_hidden_link_text'>Compartir en LinkedIn<\/span><\/a><\/li><li class='av-share-link av-social-link-mail' ><a  aria-label=\"Compartir por correo\" href='mailto:?subject=Vecinos%2Fas%20y%20autoridades%20destacaron%20emblem%C3%A1tica%20pavimentaci%C3%B3n%20de%20la%20Calle%20Los%20Pilcheros%20de%20Coyhaique&#038;body=https:\/\/radiorevelacionfm.cl\/?p=26419' aria-hidden='false' data-av_icon='\ue805' data-av_iconfont='entypo-fontello' title='' data-avia-related-tooltip='Compartir por correo'><span class='avia_hidden_link_text'>Compartir por correo<\/span><\/a><\/li><\/ul><\/div><\/div>\n<div  style='height:50px' class='hr hr-invisible   avia-builder-el-8  el_after_av_social_share  el_before_av_comments_list '><span class='hr-inner ' ><span class='hr-inner-style'><\/span><\/span><\/div>\n<div  class='av-buildercomment  av-blog-meta-html-info-disabled av-blog-meta-tag-disabled  '><\/div>\n","protected":false},"excerpt":{"rendered":"","protected":false},"author":1,"featured_media":26420,"comment_status":"open","ping_status":"open","sticky":false,"template":"","format":"standard","meta":{"footnotes":""},"categories":[57],"tags":[],"class_list":["post-26419","post","type-post","status-publish","format-standard","has-post-thumbnail","hentry","category-vivienda"],"jetpack_featured_media_url":"https:\/\/radiorevelacionfm.cl\/wp-content\/uploads\/2023\/01\/corte-de-cinta-inauguracion-calle-los-pilcheros-coyhaique-1_optimized.jpg","_links":{"self":[{"href":"https:\/\/radiorevelacionfm.cl\/index.php?rest_route=\/wp\/v2\/posts\/26419","targetHints":{"allow":["GET"]}}],"collection":[{"href":"https:\/\/radiorevelacionfm.cl\/index.php?rest_route=\/wp\/v2\/posts"}],"about":[{"href":"https:\/\/radiorevelacionfm.cl\/index.php?rest_route=\/wp\/v2\/types\/post"}],"author":[{"embeddable":true,"href":"https:\/\/radiorevelacionfm.cl\/index.php?rest_route=\/wp\/v2\/users\/1"}],"replies":[{"embeddable":true,"href":"https:\/\/radiorevelacionfm.cl\/index.php?rest_route=%2Fwp%2Fv2%2Fcomments&post=26419"}],"version-history":[{"count":2,"href":"https:\/\/radiorevelacionfm.cl\/index.php?rest_route=\/wp\/v2\/posts\/26419\/revisions"}],"predecessor-version":[{"id":26422,"href":"https:\/\/radiorevelacionfm.cl\/index.php?rest_route=\/wp\/v2\/posts\/26419\/revisions\/26422"}],"wp:featuredmedia":[{"embeddable":true,"href":"https:\/\/radiorevelacionfm.cl\/index.php?rest_route=\/wp\/v2\/media\/26420"}],"wp:attachment":[{"href":"https:\/\/radiorevelacionfm.cl\/index.php?rest_route=%2Fwp%2Fv2%2Fmedia&parent=26419"}],"wp:term":[{"taxonomy":"category","embeddable":true,"href":"https:\/\/radiorevelacionfm.cl\/index.php?rest_route=%2Fwp%2Fv2%2Fcategories&post=26419"},{"taxonomy":"post_tag","embeddable":true,"href":"https:\/\/radiorevelacionfm.cl\/index.php?rest_route=%2Fwp%2Fv2%2Ftags&post=26419"}],"curies":[{"name":"wp","href":"https:\/\/api.w.org\/{rel}","templated":true}]}}