{"id":26415,"date":"2023-01-09T19:43:50","date_gmt":"2023-01-09T22:43:50","guid":{"rendered":"https:\/\/radiorevelacionfm.cl\/?p=26415"},"modified":"2023-01-09T19:43:50","modified_gmt":"2023-01-09T22:43:50","slug":"constatan-un-65-en-cumplimiento-de-medidas-del-plan-de-verano-en-la-ruta-bimodal","status":"publish","type":"post","link":"https:\/\/radiorevelacionfm.cl\/?p=26415","title":{"rendered":"Constatan un 65% en cumplimiento de medidas del Plan de Verano en la Ruta Bimodal"},"content":{"rendered":"<div class=\"flex_column av_one_full  flex_column_div av-zero-column-padding first  avia-builder-el-0  el_before_av_one_full  avia-builder-el-first  \" style='border-radius:0px; '><div  class='avia-image-container  av-styling-    avia-builder-el-1  avia-builder-el-no-sibling  avia-align-center '  itemprop=\"image\" itemscope=\"itemscope\" itemtype=\"https:\/\/schema.org\/ImageObject\"  ><div class='avia-image-container-inner'><div class='avia-image-overlay-wrap'><img decoding=\"async\" class='wp-image-26416 avia-img-lazy-loading-not-26416 avia_image' src=\"https:\/\/radiorevelacionfm.cl\/wp-content\/uploads\/2023\/01\/15-8-1.jpg\" alt='' title='15 (8) (1)' height=\"639\" width=\"1361\"  itemprop=\"thumbnailUrl\" srcset=\"https:\/\/radiorevelacionfm.cl\/wp-content\/uploads\/2023\/01\/15-8-1.jpg 1361w, https:\/\/radiorevelacionfm.cl\/wp-content\/uploads\/2023\/01\/15-8-1-300x141.jpg 300w, https:\/\/radiorevelacionfm.cl\/wp-content\/uploads\/2023\/01\/15-8-1-1030x484.jpg 1030w, https:\/\/radiorevelacionfm.cl\/wp-content\/uploads\/2023\/01\/15-8-1-768x361.jpg 768w, https:\/\/radiorevelacionfm.cl\/wp-content\/uploads\/2023\/01\/15-8-1-705x331.jpg 705w, https:\/\/radiorevelacionfm.cl\/wp-content\/uploads\/2023\/01\/15-8-1-600x282.jpg 600w\" sizes=\"(max-width: 1361px) 100vw, 1361px\" \/><\/div><\/div><\/div><\/div><div class=\"flex_column av_one_full  flex_column_div av-zero-column-padding first  avia-builder-el-2  el_after_av_one_full  el_before_av_one_full  column-top-margin\" style='border-radius:0px; '><section class=\"av_textblock_section \"  itemscope=\"itemscope\" itemtype=\"https:\/\/schema.org\/BlogPosting\" itemprop=\"blogPost\" ><div class='avia_textblock  '   itemprop=\"text\" ><p style=\"text-align: center;\"><span style=\"font-size: 18pt;\"><strong>Constatan un 65% en cumplimiento de medidas del Plan de Verano en la Ruta Bimodal\u00a0<\/strong><\/span><\/p>\n<\/div><\/section><\/div><div class=\"flex_column av_one_full  flex_column_div av-zero-column-padding first  avia-builder-el-4  el_after_av_one_full  el_before_av_hr  column-top-margin\" style='border-radius:0px; '><section class=\"av_textblock_section \"  itemscope=\"itemscope\" itemtype=\"https:\/\/schema.org\/BlogPosting\" itemprop=\"blogPost\" ><div class='avia_textblock  '   itemprop=\"text\" ><p style=\"text-align: justify;\">Con el Plan de Verano de la Ruta Bimodal, se establecieron 16 medidas para agilizar el tr\u00e1nsito de este concurrido tramo mar\u00edtimo y establecer protocolos de coordinaci\u00f3n ante contingencias. Este acuerdo reuni\u00f3 entidades \u00a0de Gobierno, estatales, de las Fuerzas Armadas y del mundo privado con la finalidad de que este recorrido entregue un buen servicio a los usuarios y evitar los escenarios de congesti\u00f3n y desinformaci\u00f3n que ocurrieron durante la temporada alta del a\u00f1o pasado.<\/p>\n<p style=\"text-align: justify;\">A fin de hacer un seguimiento al cumplimiento de estas acciones, la seremiTT Ays\u00e9n Claudia Cantero y su par de Los Lagos Pablo Joost, chequearon el avance de estas medidas que a la fecha llega a un 65%. Las autoridades tambi\u00e9n identificaron los aspectos que se trabajar\u00e1n en los pr\u00f3ximos d\u00edas.<\/p>\n<p style=\"text-align: justify;\">La seremi Cantero se refiri\u00f3 a la importancia de dar continuidad a este trabajo de coordinaci\u00f3n, dada la gran cantidad de visitantes que eligen la Ruta Bimodal como su acceso a la Regi\u00f3n de Ays\u00e9n como destino: \u201cHoy podemos mencionar un porcentaje bastante alto de medidas avanzadas sobre todo en lo que tiene que ver con la restricci\u00f3n a los camiones, la prohibici\u00f3n de reservar pasajes con anticipaci\u00f3n, como se hac\u00eda anteriormente\u201d.<\/p>\n<p style=\"text-align: justify;\">La jefa de Transportes en Ays\u00e9n adem\u00e1s agreg\u00f3 que tambi\u00e9n se ha considerado a los residentes de las comunas de Palena y Cisnes, quienes tendr\u00e1n reservados 50 Mts. lineales hasta con 72 horas de anticipaci\u00f3n. \u201cEn nuestra regi\u00f3n cobra vital importancia que descongestionemos la ruta, ya que ingresa una gran cantidad de turistas y queremos entregar a estas personas la mejor experiencia de viaje.\u00a0Tenemos los catastros de residentes y veh\u00edculos de Palena y Cisnes para que ellos tambi\u00e9n puedan mantener su calidad de vida, realizar sus tr\u00e1mites, sus viajes y su vida habitual sin que se vean perjudicados\u201d, explic\u00f3.<\/p>\n<p style=\"text-align: justify;\">El seremiTT de Los Lagos, Pablo Joost a\u00f1adi\u00f3 que se chequear\u00e1 en terreno el funcionamiento de las medidas, previo al pr\u00f3ximo fin de semana; que se prev\u00e9 de alta demanda en la ruta.<\/p>\n<p style=\"text-align: justify;\">\u201cDurante esta semana vamos a estar en Hornopir\u00e9n visualizando la implementaci\u00f3n de otras medidas de forma que durante la primera quincena de enero tengamos el plan completo en funcionamiento. Al mismo tiempo hemos estado activamente monitoreando la situaci\u00f3n de conectividad en la Ruta del Estuario que es el primer tramo de la Ruta Bimodal, d\u00f3nde desde el primero de enero se ha incorporado una cuarta nave que permite dar mayor fluidez y disminuir los tiempos de espera. Con esto lo que queremos es propiciar la conectividad de buena forma, dar garant\u00edas a los residentes y a los visitantes de que van a poder hacer uso de estos sistemas de conectividad\u201d, asever\u00f3.<\/p>\n<p style=\"text-align: justify;\">Ambos seremis enfatizaron en la necesidad de programar los traslado y hacer la compra de pasajes con anticipaci\u00f3n. Asimismo, poder averiguar el estado de rutas para un trayecto sin contratiempos. Para quienes se trasladan hacia Ays\u00e9n pueden acceder a informaci\u00f3n a trav\u00e9s del mapa \u201cPlanifica tu Viaje\u201d disponible en la Biblioteca Digital de la p\u00e1gina\u00a0<a href=\"http:\/\/www.aysenpatagonia.cl\/\" target=\"_blank\" rel=\"noopener\" data-saferedirecturl=\"https:\/\/www.google.com\/url?q=http:\/\/www.aysenpatagonia.cl&amp;source=gmail&amp;ust=1673386618333000&amp;usg=AOvVaw2JHrPtCgQbrfHWUCKJz2b4\">www.aysenpatagonia.cl<\/a>.<\/p>\n<\/div><\/section><\/div><div  style='height:50px' class='hr hr-invisible   avia-builder-el-6  el_after_av_one_full  el_before_av_social_share '><span class='hr-inner ' ><span class='hr-inner-style'><\/span><\/span><\/div><\/p>\n<div  class='av-social-sharing-box  avia-builder-el-7  el_after_av_hr  el_before_av_hr  '><div class='av-share-box'><h5 class='av-share-link-description av-no-toc '>Compartir esta noticia<\/h5><ul class='av-share-box-list noLightbox'><li class='av-share-link av-social-link-facebook' ><a target=\"_blank\" aria-label=\"Compartir en Facebook\" href='https:\/\/www.facebook.com\/sharer.php?u=https:\/\/radiorevelacionfm.cl\/?p=26415&#038;t=Constatan%20un%2065%25%20en%20cumplimiento%20de%20medidas%20del%20Plan%20de%20Verano%20en%20la%20Ruta%20Bimodal' aria-hidden='false' data-av_icon='\ue8f3' data-av_iconfont='entypo-fontello' title='' data-avia-related-tooltip='Compartir en Facebook' rel=\"noopener\"><span class='avia_hidden_link_text'>Compartir en Facebook<\/span><\/a><\/li><li class='av-share-link av-social-link-twitter' ><a target=\"_blank\" aria-label=\"Compartir en Twitter\" href='https:\/\/twitter.com\/share?text=Constatan%20un%2065%25%20en%20cumplimiento%20de%20medidas%20del%20Plan%20de%20Verano%20en%20la%20Ruta%20Bimodal&#038;url=https:\/\/radiorevelacionfm.cl\/?p=26415' aria-hidden='false' data-av_icon='\ue8f1' data-av_iconfont='entypo-fontello' title='' data-avia-related-tooltip='Compartir en Twitter' rel=\"noopener\"><span class='avia_hidden_link_text'>Compartir en Twitter<\/span><\/a><\/li><li class='av-share-link av-social-link-whatsapp' ><a target=\"_blank\" aria-label=\"Compartir en Whatsapp\" href='https:\/\/api.whatsapp.com\/send?text=https:\/\/radiorevelacionfm.cl\/?p=26415' aria-hidden='false' data-av_icon='\uf232' data-av_iconfont='entypo-fontello' title='' data-avia-related-tooltip='Compartir en Whatsapp' rel=\"noopener\"><span class='avia_hidden_link_text'>Compartir en Whatsapp<\/span><\/a><\/li><li class='av-share-link av-social-link-linkedin' ><a target=\"_blank\" aria-label=\"Compartir en LinkedIn\" href='https:\/\/linkedin.com\/shareArticle?mini=true&#038;title=Constatan%20un%2065%25%20en%20cumplimiento%20de%20medidas%20del%20Plan%20de%20Verano%20en%20la%20Ruta%20Bimodal&#038;url=https:\/\/radiorevelacionfm.cl\/?p=26415' aria-hidden='false' data-av_icon='\ue8fc' data-av_iconfont='entypo-fontello' title='' data-avia-related-tooltip='Compartir en LinkedIn' rel=\"noopener\"><span class='avia_hidden_link_text'>Compartir en LinkedIn<\/span><\/a><\/li><li class='av-share-link av-social-link-mail' ><a  aria-label=\"Compartir por correo\" href='mailto:?subject=Constatan%20un%2065%25%20en%20cumplimiento%20de%20medidas%20del%20Plan%20de%20Verano%20en%20la%20Ruta%20Bimodal&#038;body=https:\/\/radiorevelacionfm.cl\/?p=26415' aria-hidden='false' data-av_icon='\ue805' data-av_iconfont='entypo-fontello' title='' data-avia-related-tooltip='Compartir por correo'><span class='avia_hidden_link_text'>Compartir por correo<\/span><\/a><\/li><\/ul><\/div><\/div>\n<div  style='height:50px' class='hr hr-invisible   avia-builder-el-8  el_after_av_social_share  el_before_av_comments_list '><span class='hr-inner ' ><span class='hr-inner-style'><\/span><\/span><\/div>\n<div  class='av-buildercomment  av-blog-meta-html-info-disabled av-blog-meta-tag-disabled  '><\/div>\n","protected":false},"excerpt":{"rendered":"","protected":false},"author":1,"featured_media":26416,"comment_status":"open","ping_status":"open","sticky":false,"template":"","format":"standard","meta":{"footnotes":""},"categories":[59],"tags":[],"class_list":["post-26415","post","type-post","status-publish","format-standard","has-post-thumbnail","hentry","category-transporte"],"jetpack_featured_media_url":"https:\/\/radiorevelacionfm.cl\/wp-content\/uploads\/2023\/01\/15-8-1.jpg","_links":{"self":[{"href":"https:\/\/radiorevelacionfm.cl\/index.php?rest_route=\/wp\/v2\/posts\/26415","targetHints":{"allow":["GET"]}}],"collection":[{"href":"https:\/\/radiorevelacionfm.cl\/index.php?rest_route=\/wp\/v2\/posts"}],"about":[{"href":"https:\/\/radiorevelacionfm.cl\/index.php?rest_route=\/wp\/v2\/types\/post"}],"author":[{"embeddable":true,"href":"https:\/\/radiorevelacionfm.cl\/index.php?rest_route=\/wp\/v2\/users\/1"}],"replies":[{"embeddable":true,"href":"https:\/\/radiorevelacionfm.cl\/index.php?rest_route=%2Fwp%2Fv2%2Fcomments&post=26415"}],"version-history":[{"count":2,"href":"https:\/\/radiorevelacionfm.cl\/index.php?rest_route=\/wp\/v2\/posts\/26415\/revisions"}],"predecessor-version":[{"id":26418,"href":"https:\/\/radiorevelacionfm.cl\/index.php?rest_route=\/wp\/v2\/posts\/26415\/revisions\/26418"}],"wp:featuredmedia":[{"embeddable":true,"href":"https:\/\/radiorevelacionfm.cl\/index.php?rest_route=\/wp\/v2\/media\/26416"}],"wp:attachment":[{"href":"https:\/\/radiorevelacionfm.cl\/index.php?rest_route=%2Fwp%2Fv2%2Fmedia&parent=26415"}],"wp:term":[{"taxonomy":"category","embeddable":true,"href":"https:\/\/radiorevelacionfm.cl\/index.php?rest_route=%2Fwp%2Fv2%2Fcategories&post=26415"},{"taxonomy":"post_tag","embeddable":true,"href":"https:\/\/radiorevelacionfm.cl\/index.php?rest_route=%2Fwp%2Fv2%2Ftags&post=26415"}],"curies":[{"name":"wp","href":"https:\/\/api.w.org\/{rel}","templated":true}]}}