{"id":26408,"date":"2023-01-09T14:58:53","date_gmt":"2023-01-09T17:58:53","guid":{"rendered":"https:\/\/radiorevelacionfm.cl\/?p=26408"},"modified":"2023-01-09T14:58:53","modified_gmt":"2023-01-09T17:58:53","slug":"tras-renuncia-de-ministra-de-justicia-calisto-insta-al-gobierno-a-corregir-el-error-y-dejar-sin-efecto-los-indultos","status":"publish","type":"post","link":"https:\/\/radiorevelacionfm.cl\/?p=26408","title":{"rendered":"Tras renuncia de Ministra de Justicia: Calisto insta al Gobierno a \u201ccorregir el error\u201d y dejar sin efecto los indultos"},"content":{"rendered":"<div class=\"flex_column av_one_full  flex_column_div av-zero-column-padding first  avia-builder-el-0  el_before_av_one_full  avia-builder-el-first  \" style='border-radius:0px; '><div  class='avia-image-container  av-styling-    avia-builder-el-1  avia-builder-el-no-sibling  avia-align-center '  itemprop=\"image\" itemscope=\"itemscope\" itemtype=\"https:\/\/schema.org\/ImageObject\"  ><div class='avia-image-container-inner'><div class='avia-image-overlay-wrap'><img decoding=\"async\" class='wp-image-5817 avia-img-lazy-loading-not-5817 avia_image' src=\"https:\/\/radiorevelacionfm.cl\/wp-content\/uploads\/2021\/07\/CALISTO-diputado-1-1.jpg\" alt='' title='CALISTO diputado (1) (1)' height=\"600\" width=\"954\"  itemprop=\"thumbnailUrl\" srcset=\"https:\/\/radiorevelacionfm.cl\/wp-content\/uploads\/2021\/07\/CALISTO-diputado-1-1.jpg 954w, https:\/\/radiorevelacionfm.cl\/wp-content\/uploads\/2021\/07\/CALISTO-diputado-1-1-300x189.jpg 300w, https:\/\/radiorevelacionfm.cl\/wp-content\/uploads\/2021\/07\/CALISTO-diputado-1-1-768x483.jpg 768w, https:\/\/radiorevelacionfm.cl\/wp-content\/uploads\/2021\/07\/CALISTO-diputado-1-1-705x443.jpg 705w, https:\/\/radiorevelacionfm.cl\/wp-content\/uploads\/2021\/07\/CALISTO-diputado-1-1-600x377.jpg 600w\" sizes=\"(max-width: 954px) 100vw, 954px\" \/><\/div><\/div><\/div><\/div><div class=\"flex_column av_one_full  flex_column_div av-zero-column-padding first  avia-builder-el-2  el_after_av_one_full  el_before_av_one_full  column-top-margin\" style='border-radius:0px; '><section class=\"av_textblock_section \"  itemscope=\"itemscope\" itemtype=\"https:\/\/schema.org\/BlogPosting\" itemprop=\"blogPost\" ><div class='avia_textblock  '   itemprop=\"text\" ><p style=\"text-align: center;\"><strong><span style=\"font-size: 18pt;\">Tras renuncia de Ministra de Justicia: Calisto insta al Gobierno a \u201ccorregir el error\u201d y dejar sin efecto los indultos<\/span><\/strong><\/p>\n<div id=\"gtx-trans\" style=\"position: absolute; left: -50px; top: 4.31534px;\">\n<div class=\"gtx-trans-icon\"><\/div>\n<\/div>\n<\/div><\/section><\/div><div class=\"flex_column av_one_full  flex_column_div av-zero-column-padding first  avia-builder-el-4  el_after_av_one_full  el_before_av_hr  column-top-margin\" style='border-radius:0px; '><section class=\"av_textblock_section \"  itemscope=\"itemscope\" itemtype=\"https:\/\/schema.org\/BlogPosting\" itemprop=\"blogPost\" ><div class='avia_textblock  '   itemprop=\"text\" ><p style=\"font-weight: 400; text-align: justify;\">Tras la renuncia de la Ministra de Justicia, Marcela R\u00edos, el diputado y vocero del\u00a0Centro Democr\u00e1tico Unido,\u00a0Miguel \u00c1ngel Calisto, inst\u00f3 al Gobierno a \u201ccorregir el error\u201d y dejar sin efecto los indultos que se aplicaron y dejaron en libertad a 13 personas condenadas por distintos delitos.<\/p>\n<p style=\"font-weight: 400; text-align: justify;\">Seg\u00fan el legislador, \u201cla ministra R\u00edos asume su responsabilidad pol\u00edtica y renuncia al Gabinete, pero el problema no se soluciona, porque el propio presidente, al acoger la renuncia, reconoce que hubo desprolijidad al minuto de cursar los indultos. Lo que el Presente debe hacer y lo que espera la ciudadan\u00eda es que se retrotraiga y no se apliquen los indultos a estas personas que han cometido graves delitos, que son delincuentes\u201d.<\/p>\n<p style=\"font-weight: 400; text-align: justify;\">\u201cViendo la situaci\u00f3n del pa\u00eds, no es posible que el Gobierno indulte a este tipo de personas que son delincuentes. La delincuencia est\u00e1 desatada\u201d, se\u00f1al\u00f3 Calisto.<\/p>\n<p style=\"font-weight: 400; text-align: justify;\">Finalmente, el vocero de la CDU afirm\u00f3 que \u201ces fundamental que el Gobierno corrija este error, y la forma de corregirlo no es con la renuncia de una ministra, sino retrotrayendo y dejando sin efecto los indultos\u201d.<\/p>\n<\/div><\/section><\/div><div  style='height:50px' class='hr hr-invisible   avia-builder-el-6  el_after_av_one_full  el_before_av_social_share '><span class='hr-inner ' ><span class='hr-inner-style'><\/span><\/span><\/div><\/p>\n<div  class='av-social-sharing-box  avia-builder-el-7  el_after_av_hr  el_before_av_hr  '><div class='av-share-box'><h5 class='av-share-link-description av-no-toc '>Compartir esta noticia<\/h5><ul class='av-share-box-list noLightbox'><li class='av-share-link av-social-link-facebook' ><a target=\"_blank\" aria-label=\"Compartir en Facebook\" href='https:\/\/www.facebook.com\/sharer.php?u=https:\/\/radiorevelacionfm.cl\/?p=26408&#038;t=Tras%20renuncia%20de%20Ministra%20de%20Justicia%3A%20Calisto%20insta%20al%20Gobierno%20a%20%E2%80%9Ccorregir%20el%20error%E2%80%9D%20y%20dejar%20sin%20efecto%20los%20indultos' aria-hidden='false' data-av_icon='\ue8f3' data-av_iconfont='entypo-fontello' title='' data-avia-related-tooltip='Compartir en Facebook' rel=\"noopener\"><span class='avia_hidden_link_text'>Compartir en Facebook<\/span><\/a><\/li><li class='av-share-link av-social-link-twitter' ><a target=\"_blank\" aria-label=\"Compartir en Twitter\" href='https:\/\/twitter.com\/share?text=Tras%20renuncia%20de%20Ministra%20de%20Justicia%3A%20Calisto%20insta%20al%20Gobierno%20a%20%E2%80%9Ccorregir%20el%20error%E2%80%9D%20y%20dejar%20sin%20efecto%20los%20indultos&#038;url=https:\/\/radiorevelacionfm.cl\/?p=26408' aria-hidden='false' data-av_icon='\ue8f1' data-av_iconfont='entypo-fontello' title='' data-avia-related-tooltip='Compartir en Twitter' rel=\"noopener\"><span class='avia_hidden_link_text'>Compartir en Twitter<\/span><\/a><\/li><li class='av-share-link av-social-link-whatsapp' ><a target=\"_blank\" aria-label=\"Compartir en Whatsapp\" href='https:\/\/api.whatsapp.com\/send?text=https:\/\/radiorevelacionfm.cl\/?p=26408' aria-hidden='false' data-av_icon='\uf232' data-av_iconfont='entypo-fontello' title='' data-avia-related-tooltip='Compartir en Whatsapp' rel=\"noopener\"><span class='avia_hidden_link_text'>Compartir en Whatsapp<\/span><\/a><\/li><li class='av-share-link av-social-link-linkedin' ><a target=\"_blank\" aria-label=\"Compartir en LinkedIn\" href='https:\/\/linkedin.com\/shareArticle?mini=true&#038;title=Tras%20renuncia%20de%20Ministra%20de%20Justicia%3A%20Calisto%20insta%20al%20Gobierno%20a%20%E2%80%9Ccorregir%20el%20error%E2%80%9D%20y%20dejar%20sin%20efecto%20los%20indultos&#038;url=https:\/\/radiorevelacionfm.cl\/?p=26408' aria-hidden='false' data-av_icon='\ue8fc' data-av_iconfont='entypo-fontello' title='' data-avia-related-tooltip='Compartir en LinkedIn' rel=\"noopener\"><span class='avia_hidden_link_text'>Compartir en LinkedIn<\/span><\/a><\/li><li class='av-share-link av-social-link-mail' ><a  aria-label=\"Compartir por correo\" href='mailto:?subject=Tras%20renuncia%20de%20Ministra%20de%20Justicia%3A%20Calisto%20insta%20al%20Gobierno%20a%20%E2%80%9Ccorregir%20el%20error%E2%80%9D%20y%20dejar%20sin%20efecto%20los%20indultos&#038;body=https:\/\/radiorevelacionfm.cl\/?p=26408' aria-hidden='false' data-av_icon='\ue805' data-av_iconfont='entypo-fontello' title='' data-avia-related-tooltip='Compartir por correo'><span class='avia_hidden_link_text'>Compartir por correo<\/span><\/a><\/li><\/ul><\/div><\/div>\n<div  style='height:50px' class='hr hr-invisible   avia-builder-el-8  el_after_av_social_share  el_before_av_comments_list '><span class='hr-inner ' ><span class='hr-inner-style'><\/span><\/span><\/div>\n<div  class='av-buildercomment  av-blog-meta-html-info-disabled av-blog-meta-tag-disabled  '><\/div>\n","protected":false},"excerpt":{"rendered":"","protected":false},"author":1,"featured_media":5817,"comment_status":"open","ping_status":"open","sticky":false,"template":"","format":"standard","meta":{"footnotes":""},"categories":[35],"tags":[],"class_list":["post-26408","post","type-post","status-publish","format-standard","has-post-thumbnail","hentry","category-politica"],"jetpack_featured_media_url":"https:\/\/radiorevelacionfm.cl\/wp-content\/uploads\/2021\/07\/CALISTO-diputado-1-1.jpg","_links":{"self":[{"href":"https:\/\/radiorevelacionfm.cl\/index.php?rest_route=\/wp\/v2\/posts\/26408","targetHints":{"allow":["GET"]}}],"collection":[{"href":"https:\/\/radiorevelacionfm.cl\/index.php?rest_route=\/wp\/v2\/posts"}],"about":[{"href":"https:\/\/radiorevelacionfm.cl\/index.php?rest_route=\/wp\/v2\/types\/post"}],"author":[{"embeddable":true,"href":"https:\/\/radiorevelacionfm.cl\/index.php?rest_route=\/wp\/v2\/users\/1"}],"replies":[{"embeddable":true,"href":"https:\/\/radiorevelacionfm.cl\/index.php?rest_route=%2Fwp%2Fv2%2Fcomments&post=26408"}],"version-history":[{"count":2,"href":"https:\/\/radiorevelacionfm.cl\/index.php?rest_route=\/wp\/v2\/posts\/26408\/revisions"}],"predecessor-version":[{"id":26411,"href":"https:\/\/radiorevelacionfm.cl\/index.php?rest_route=\/wp\/v2\/posts\/26408\/revisions\/26411"}],"wp:featuredmedia":[{"embeddable":true,"href":"https:\/\/radiorevelacionfm.cl\/index.php?rest_route=\/wp\/v2\/media\/5817"}],"wp:attachment":[{"href":"https:\/\/radiorevelacionfm.cl\/index.php?rest_route=%2Fwp%2Fv2%2Fmedia&parent=26408"}],"wp:term":[{"taxonomy":"category","embeddable":true,"href":"https:\/\/radiorevelacionfm.cl\/index.php?rest_route=%2Fwp%2Fv2%2Fcategories&post=26408"},{"taxonomy":"post_tag","embeddable":true,"href":"https:\/\/radiorevelacionfm.cl\/index.php?rest_route=%2Fwp%2Fv2%2Ftags&post=26408"}],"curies":[{"name":"wp","href":"https:\/\/api.w.org\/{rel}","templated":true}]}}