{"id":26404,"date":"2023-01-09T12:48:50","date_gmt":"2023-01-09T15:48:50","guid":{"rendered":"https:\/\/radiorevelacionfm.cl\/?p=26404"},"modified":"2023-01-09T12:48:50","modified_gmt":"2023-01-09T15:48:50","slug":"proyecto-de-innovacion-en-docencia-de-la-uaysen-que-beneficio-a-ninos-y-adolescentes-de-valle-simpson-permitio-acercar-a-los-futuros-profesionales-con-sus-usuarios","status":"publish","type":"post","link":"https:\/\/radiorevelacionfm.cl\/?p=26404","title":{"rendered":"Proyecto de Innovaci\u00f3n en docencia de la UAys\u00e9n que benefici\u00f3 a ni\u00f1os y adolescentes de Valle Simpson permiti\u00f3 acercar a los futuros profesionales con sus usuarios"},"content":{"rendered":"<div class=\"flex_column av_one_full  flex_column_div av-zero-column-padding first  avia-builder-el-0  el_before_av_one_full  avia-builder-el-first  \" style='border-radius:0px; '><div  class='avia-image-container  av-styling-    avia-builder-el-1  avia-builder-el-no-sibling  avia-align-center '  itemprop=\"image\" itemscope=\"itemscope\" itemtype=\"https:\/\/schema.org\/ImageObject\"  ><div class='avia-image-container-inner'><div class='avia-image-overlay-wrap'><img decoding=\"async\" class='wp-image-26405 avia-img-lazy-loading-not-26405 avia_image' src=\"https:\/\/radiorevelacionfm.cl\/wp-content\/uploads\/2023\/01\/FIC-Valle-Simpson-1-1.jpeg\" alt='' title='FIC Valle Simpson (1) (1)' height=\"600\" width=\"1048\"  itemprop=\"thumbnailUrl\" srcset=\"https:\/\/radiorevelacionfm.cl\/wp-content\/uploads\/2023\/01\/FIC-Valle-Simpson-1-1.jpeg 1048w, https:\/\/radiorevelacionfm.cl\/wp-content\/uploads\/2023\/01\/FIC-Valle-Simpson-1-1-300x172.jpeg 300w, https:\/\/radiorevelacionfm.cl\/wp-content\/uploads\/2023\/01\/FIC-Valle-Simpson-1-1-1030x590.jpeg 1030w, https:\/\/radiorevelacionfm.cl\/wp-content\/uploads\/2023\/01\/FIC-Valle-Simpson-1-1-768x440.jpeg 768w, https:\/\/radiorevelacionfm.cl\/wp-content\/uploads\/2023\/01\/FIC-Valle-Simpson-1-1-705x404.jpeg 705w, https:\/\/radiorevelacionfm.cl\/wp-content\/uploads\/2023\/01\/FIC-Valle-Simpson-1-1-600x344.jpeg 600w\" sizes=\"(max-width: 1048px) 100vw, 1048px\" \/><\/div><\/div><\/div><\/div><div class=\"flex_column av_one_full  flex_column_div av-zero-column-padding first  avia-builder-el-2  el_after_av_one_full  el_before_av_one_full  column-top-margin\" style='border-radius:0px; '><section class=\"av_textblock_section \"  itemscope=\"itemscope\" itemtype=\"https:\/\/schema.org\/BlogPosting\" itemprop=\"blogPost\" ><div class='avia_textblock  '   itemprop=\"text\" ><p style=\"text-align: center;\"><strong><span style=\"font-size: 18pt;\">Proyecto de Innovaci\u00f3n en docencia de la UAys\u00e9n que benefici\u00f3 a ni\u00f1os y adolescentes de Valle Simpson permiti\u00f3 acercar a los futuros profesionales con sus usuarios\u00a0<\/span><\/strong><\/p>\n<div id=\"gtx-trans\" style=\"position: absolute; left: -50px; top: 4.31534px;\">\n<div class=\"gtx-trans-icon\"><\/div>\n<\/div>\n<\/div><\/section><\/div><div class=\"flex_column av_one_full  flex_column_div av-zero-column-padding first  avia-builder-el-4  el_after_av_one_full  el_before_av_hr  column-top-margin\" style='border-radius:0px; '><section class=\"av_textblock_section \"  itemscope=\"itemscope\" itemtype=\"https:\/\/schema.org\/BlogPosting\" itemprop=\"blogPost\" ><div class='avia_textblock  '   itemprop=\"text\" ><p style=\"text-align: justify;\">Acad\u00e9micas y estudiantes de Enfermer\u00eda de la universidad regional junto a profesionales del Servicio de Salud Ays\u00e9n prestaron diversas atenciones en la escuela rural de la localidad aplicando una innovadora estrategia reconocida a nivel nacional.<\/p>\n<p style=\"text-align: justify;\">En el cierre de la iniciativa implementada por la Direcci\u00f3n de Pregrado de la Universidad de Ays\u00e9n diversos miembros del equipo\u00a0 que aplicaron\u00a0 la metodolog\u00eda \u201cAprendizaje m\u00e1s servicio\u201d coincidieron en que lo m\u00e1s importante fue la manera en c\u00f3mo la universidad estatal\u00a0 se hace parte de las soluciones de los problemas de la regi\u00f3n y el temprano v\u00ednculo que establece entre los estudiantes de la carrera de Enfermer\u00eda del Departamento de Ciencias de la Salud con la comunidad.<\/p>\n<p style=\"text-align: justify;\">As\u00ed lo reforz\u00f3\u00a0 la profesional de la Unidad de Acompa\u00f1amiento de Docencia de la casa de estudios superiores, Daniela San Juan. \u201cEsta metodolog\u00eda, de origen latinoamericano, est\u00e1 centrada en los estudiantes y busca subsanar algunas brechas del contexto donde se sit\u00faan las universidades o instituciones educativas\u201d.<\/p>\n<p style=\"text-align: justify;\">Cabe se\u00f1alar que esta iniciativa, es uno de los seis proyectos de innovaci\u00f3n ejecutados durante 2022, gracias al financiamiento otorgado a trav\u00e9s del Fondo Concursable de Innovaci\u00f3n para la Docencia, lanzado por la Escuela de Pregrado de la universidad estatal.<\/p>\n<p style=\"text-align: justify;\">La direcci\u00f3n de este proyecto colaborativo estuvo a cargo de la acad\u00e9mica de la UAys\u00e9n, Oriette Soto. La profesional, que se manifest\u00f3 contenta y satisfecha principalmente por el\u00a0 n\u00famero de integrantes de la comunidad de la Escuela Rural de Valle Simpson que fueron atendidos, puntualiz\u00f3 que brindaron\u00a0 m\u00e1s de 50 atenciones, entre las que destacaron controles sanitarios, derivaciones odontol\u00f3gicas e incluso atenciones de urgencia como fracturas.<\/p>\n<p style=\"text-align: justify;\">Una de las estudiantes\u00a0 que form\u00f3 parte del equipo multidisplinario\u00a0 fue Vanesa Ulloa, de\u00a0 4\u00ba a\u00f1o de Enfermer\u00eda quien por primera vez realiz\u00f3 una pr\u00e1ctica con menores, agradeci\u00f3 la oportunidad\u00a0 y valor\u00f3\u00a0 el contacto directo que estableci\u00f3 con los usuarios del sistema rural de salud<\/p>\n<p style=\"text-align: justify;\">Para la directora de la escuela rural de la localidad, Paz Foitzick, valor\u00f3 el trabajo de la casa de estudios con la comunidad de Valle Simpson. \u201cEsta experiencia viene a cumplir uno de los sue\u00f1os de los y las aiseninos\u00a0 porque permite que la universidad regional se haga\u00a0 parte de las soluciones de sus problemas\u201d.<\/p>\n<p style=\"text-align: justify;\">Por su parte la Seremi de Salud Ays\u00e9n, Carmen Monsalve, relev\u00f3 la oportuna atenci\u00f3n de ni\u00f1os,\u00a0 ni\u00f1as y adolescentes\u00a0 que ten\u00edan retrasados sus controles sanitarios a prop\u00f3sito de la pandemia y valor\u00f3 la aproximaci\u00f3n que tienen los estudiantes universitarios\u00a0 con las necesidades de la comunidad local. \u201cValorar\u00a0 la posibilidad que tienen los estudiantes de acercarse a los usuarios\u00a0 permite humanizar la atenci\u00f3n de las personas\u2026 y esto nos lleva a tener profesionales de la Salud m\u00e1s cercanos a los usuarios que es lo que queremos para la regi\u00f3n\u00bb, sentenci\u00f3 Monsalve.<\/p>\n<p style=\"text-align: justify;\">Este proyecto tambi\u00e9n incorpor\u00f3 a docentes de la carrera de Nutrici\u00f3n y Diet\u00e9tica de la Universidad Cat\u00f3lica de Temuco quienes durante la ejecuci\u00f3n del proyecto evaluaron algunos casos de desnutrici\u00f3n detectados en las atenciones.<\/p>\n<p style=\"text-align: justify;\">El cierre de este proyecto coincidi\u00f3 con la publicaci\u00f3n del Ranking de Desempe\u00f1o Institucional de las Universidades Chilenas 2022, elaborado por el Grupo de Estudios Avanzados Universitas, que posicion\u00f3 a la UAys\u00e9n en el 10\u00b0 lugar en Calidad de la Docencia.<\/p>\n<\/div><\/section><\/div><div  style='height:50px' class='hr hr-invisible   avia-builder-el-6  el_after_av_one_full  el_before_av_social_share '><span class='hr-inner ' ><span class='hr-inner-style'><\/span><\/span><\/div><\/p>\n<div  class='av-social-sharing-box  avia-builder-el-7  el_after_av_hr  el_before_av_hr  '><div class='av-share-box'><h5 class='av-share-link-description av-no-toc '>Compartir esta noticia<\/h5><ul class='av-share-box-list noLightbox'><li class='av-share-link av-social-link-facebook' ><a target=\"_blank\" aria-label=\"Compartir en Facebook\" href='https:\/\/www.facebook.com\/sharer.php?u=https:\/\/radiorevelacionfm.cl\/?p=26404&#038;t=Proyecto%20de%20Innovaci%C3%B3n%20en%20docencia%20de%20la%20UAys%C3%A9n%20que%20benefici%C3%B3%20a%20ni%C3%B1os%20y%20adolescentes%20de%20Valle%20Simpson%20permiti%C3%B3%20acercar%20a%20los%20futuros%20profesionales%20con%20sus%20usuarios' aria-hidden='false' data-av_icon='\ue8f3' data-av_iconfont='entypo-fontello' title='' data-avia-related-tooltip='Compartir en Facebook' rel=\"noopener\"><span class='avia_hidden_link_text'>Compartir en Facebook<\/span><\/a><\/li><li class='av-share-link av-social-link-twitter' ><a target=\"_blank\" aria-label=\"Compartir en Twitter\" href='https:\/\/twitter.com\/share?text=Proyecto%20de%20Innovaci%C3%B3n%20en%20docencia%20de%20la%20UAys%C3%A9n%20que%20benefici%C3%B3%20a%20ni%C3%B1os%20y%20adolescentes%20de%20Valle%20Simpson%20permiti%C3%B3%20acercar%20a%20los%20futuros%20profesionales%20con%20sus%20usuarios&#038;url=https:\/\/radiorevelacionfm.cl\/?p=26404' aria-hidden='false' data-av_icon='\ue8f1' data-av_iconfont='entypo-fontello' title='' data-avia-related-tooltip='Compartir en Twitter' rel=\"noopener\"><span class='avia_hidden_link_text'>Compartir en Twitter<\/span><\/a><\/li><li class='av-share-link av-social-link-whatsapp' ><a target=\"_blank\" aria-label=\"Compartir en Whatsapp\" href='https:\/\/api.whatsapp.com\/send?text=https:\/\/radiorevelacionfm.cl\/?p=26404' aria-hidden='false' data-av_icon='\uf232' data-av_iconfont='entypo-fontello' title='' data-avia-related-tooltip='Compartir en Whatsapp' rel=\"noopener\"><span class='avia_hidden_link_text'>Compartir en Whatsapp<\/span><\/a><\/li><li class='av-share-link av-social-link-linkedin' ><a target=\"_blank\" aria-label=\"Compartir en LinkedIn\" href='https:\/\/linkedin.com\/shareArticle?mini=true&#038;title=Proyecto%20de%20Innovaci%C3%B3n%20en%20docencia%20de%20la%20UAys%C3%A9n%20que%20benefici%C3%B3%20a%20ni%C3%B1os%20y%20adolescentes%20de%20Valle%20Simpson%20permiti%C3%B3%20acercar%20a%20los%20futuros%20profesionales%20con%20sus%20usuarios&#038;url=https:\/\/radiorevelacionfm.cl\/?p=26404' aria-hidden='false' data-av_icon='\ue8fc' data-av_iconfont='entypo-fontello' title='' data-avia-related-tooltip='Compartir en LinkedIn' rel=\"noopener\"><span class='avia_hidden_link_text'>Compartir en LinkedIn<\/span><\/a><\/li><li class='av-share-link av-social-link-mail' ><a  aria-label=\"Compartir por correo\" href='mailto:?subject=Proyecto%20de%20Innovaci%C3%B3n%20en%20docencia%20de%20la%20UAys%C3%A9n%20que%20benefici%C3%B3%20a%20ni%C3%B1os%20y%20adolescentes%20de%20Valle%20Simpson%20permiti%C3%B3%20acercar%20a%20los%20futuros%20profesionales%20con%20sus%20usuarios&#038;body=https:\/\/radiorevelacionfm.cl\/?p=26404' aria-hidden='false' data-av_icon='\ue805' data-av_iconfont='entypo-fontello' title='' data-avia-related-tooltip='Compartir por correo'><span class='avia_hidden_link_text'>Compartir por correo<\/span><\/a><\/li><\/ul><\/div><\/div>\n<div  style='height:50px' class='hr hr-invisible   avia-builder-el-8  el_after_av_social_share  el_before_av_comments_list '><span class='hr-inner ' ><span class='hr-inner-style'><\/span><\/span><\/div>\n<div  class='av-buildercomment  av-blog-meta-html-info-disabled av-blog-meta-tag-disabled  '><\/div>\n","protected":false},"excerpt":{"rendered":"","protected":false},"author":1,"featured_media":26405,"comment_status":"open","ping_status":"open","sticky":false,"template":"","format":"standard","meta":{"footnotes":""},"categories":[49],"tags":[],"class_list":["post-26404","post","type-post","status-publish","format-standard","has-post-thumbnail","hentry","category-educacion"],"jetpack_featured_media_url":"https:\/\/radiorevelacionfm.cl\/wp-content\/uploads\/2023\/01\/FIC-Valle-Simpson-1-1.jpeg","_links":{"self":[{"href":"https:\/\/radiorevelacionfm.cl\/index.php?rest_route=\/wp\/v2\/posts\/26404","targetHints":{"allow":["GET"]}}],"collection":[{"href":"https:\/\/radiorevelacionfm.cl\/index.php?rest_route=\/wp\/v2\/posts"}],"about":[{"href":"https:\/\/radiorevelacionfm.cl\/index.php?rest_route=\/wp\/v2\/types\/post"}],"author":[{"embeddable":true,"href":"https:\/\/radiorevelacionfm.cl\/index.php?rest_route=\/wp\/v2\/users\/1"}],"replies":[{"embeddable":true,"href":"https:\/\/radiorevelacionfm.cl\/index.php?rest_route=%2Fwp%2Fv2%2Fcomments&post=26404"}],"version-history":[{"count":2,"href":"https:\/\/radiorevelacionfm.cl\/index.php?rest_route=\/wp\/v2\/posts\/26404\/revisions"}],"predecessor-version":[{"id":26407,"href":"https:\/\/radiorevelacionfm.cl\/index.php?rest_route=\/wp\/v2\/posts\/26404\/revisions\/26407"}],"wp:featuredmedia":[{"embeddable":true,"href":"https:\/\/radiorevelacionfm.cl\/index.php?rest_route=\/wp\/v2\/media\/26405"}],"wp:attachment":[{"href":"https:\/\/radiorevelacionfm.cl\/index.php?rest_route=%2Fwp%2Fv2%2Fmedia&parent=26404"}],"wp:term":[{"taxonomy":"category","embeddable":true,"href":"https:\/\/radiorevelacionfm.cl\/index.php?rest_route=%2Fwp%2Fv2%2Fcategories&post=26404"},{"taxonomy":"post_tag","embeddable":true,"href":"https:\/\/radiorevelacionfm.cl\/index.php?rest_route=%2Fwp%2Fv2%2Ftags&post=26404"}],"curies":[{"name":"wp","href":"https:\/\/api.w.org\/{rel}","templated":true}]}}