{"id":26400,"date":"2023-01-09T12:07:12","date_gmt":"2023-01-09T15:07:12","guid":{"rendered":"https:\/\/radiorevelacionfm.cl\/?p=26400"},"modified":"2023-01-09T12:07:12","modified_gmt":"2023-01-09T15:07:12","slug":"entregan-placa-conmemorativa-a-agrupacion-hijos-y-amigos-de-chiloe-en-plaza-el-encuentro","status":"publish","type":"post","link":"https:\/\/radiorevelacionfm.cl\/?p=26400","title":{"rendered":"Entregan placa conmemorativa a agrupaci\u00f3n \u201cHijos y Amigos de Chilo\u00e9\u201d en plaza El Encuentro"},"content":{"rendered":"<div class=\"flex_column av_one_full  flex_column_div av-zero-column-padding first  avia-builder-el-0  el_before_av_one_full  avia-builder-el-first  \" style='border-radius:0px; '><div  class='avia-image-container  av-styling-    avia-builder-el-1  avia-builder-el-no-sibling  avia-align-center '  itemprop=\"image\" itemscope=\"itemscope\" itemtype=\"https:\/\/schema.org\/ImageObject\"  ><div class='avia-image-container-inner'><div class='avia-image-overlay-wrap'><img decoding=\"async\" class='wp-image-26401 avia-img-lazy-loading-not-26401 avia_image' src=\"https:\/\/radiorevelacionfm.cl\/wp-content\/uploads\/2023\/01\/fotografia-1_optimized-1.jpeg\" alt='' title='fotograf\u00eda-(1)_optimized (1)' height=\"600\" width=\"938\"  itemprop=\"thumbnailUrl\" srcset=\"https:\/\/radiorevelacionfm.cl\/wp-content\/uploads\/2023\/01\/fotografia-1_optimized-1.jpeg 938w, https:\/\/radiorevelacionfm.cl\/wp-content\/uploads\/2023\/01\/fotografia-1_optimized-1-300x192.jpeg 300w, https:\/\/radiorevelacionfm.cl\/wp-content\/uploads\/2023\/01\/fotografia-1_optimized-1-768x491.jpeg 768w, https:\/\/radiorevelacionfm.cl\/wp-content\/uploads\/2023\/01\/fotografia-1_optimized-1-705x451.jpeg 705w, https:\/\/radiorevelacionfm.cl\/wp-content\/uploads\/2023\/01\/fotografia-1_optimized-1-600x384.jpeg 600w\" sizes=\"(max-width: 938px) 100vw, 938px\" \/><\/div><\/div><\/div><\/div><div class=\"flex_column av_one_full  flex_column_div av-zero-column-padding first  avia-builder-el-2  el_after_av_one_full  el_before_av_one_full  column-top-margin\" style='border-radius:0px; '><section class=\"av_textblock_section \"  itemscope=\"itemscope\" itemtype=\"https:\/\/schema.org\/BlogPosting\" itemprop=\"blogPost\" ><div class='avia_textblock  '   itemprop=\"text\" ><p style=\"text-align: center;\"><strong><span style=\"font-size: 18pt;\">Entregan placa conmemorativa a agrupaci\u00f3n \u201cHijos y Amigos de Chilo\u00e9\u201d en plaza El Encuentro<\/span><\/strong><\/p>\n<div id=\"gtx-trans\" style=\"position: absolute; left: -50px; top: 4.31534px;\">\n<div class=\"gtx-trans-icon\"><\/div>\n<\/div>\n<\/div><\/section><\/div><div class=\"flex_column av_one_full  flex_column_div av-zero-column-padding first  avia-builder-el-4  el_after_av_one_full  el_before_av_hr  column-top-margin\" style='border-radius:0px; '><section class=\"av_textblock_section \"  itemscope=\"itemscope\" itemtype=\"https:\/\/schema.org\/BlogPosting\" itemprop=\"blogPost\" ><div class='avia_textblock  '   itemprop=\"text\" ><p style=\"text-align: justify;\">La ma\u00f1ana de este s\u00e1bado 7, nuestro alcalde Julio Uribe Alvarado encabez\u00f3 la ceremonia de entrega de una placa conmemorativa en la plaza El Encuentro. Esta actividad marca el inicio de las actividades por el 95\u00b0 Aniversario de Puerto Ays\u00e9n, y cont\u00f3 con la presencia de la agrupaci\u00f3n \u201cHijos y Amigos de Chilo\u00e9\u201d.<\/p>\n<p style=\"text-align: justify;\">\u201cPara nosotros son muy importantes estos intercambios culturales con la comuna de Puqueld\u00f3n. Vino el representante de su alcalde, con quien mantuvimos una reuni\u00f3n para afiatar la uni\u00f3n entre nuestras comunidades\u201d, se\u00f1al\u00f3 nuestro edil, quien hizo \u00e9nfasis en la importancia de recordar nuestras ra\u00edces.<\/p>\n<p style=\"text-align: justify;\">En la ceremonia, la agrupaci\u00f3n folcl\u00f3rica Chiloays\u00e9n realiz\u00f3 una presentaci\u00f3n art\u00edstica, en la que interpretaron el himno de Chilo\u00e9, adem\u00e1s de ofrecer una muestra de m\u00fasica y baile t\u00edpicos de la Isla Grande, la que estuvo cargada de alegr\u00eda. La agrupaci\u00f3n est\u00e1 compuesta por personas de un amplio rango etario, desde adolescentes hasta adultos mayores, fomentando la integraci\u00f3n y aprendizaje entre sus integrantes.<\/p>\n<p style=\"text-align: justify;\">La inmigraci\u00f3n chilota de comienzos del Siglo XX fue un factor decisivo para la colonizaci\u00f3n y consolidaci\u00f3n de lo que hoy es Puerto Ays\u00e9n. Su cultura y tradiciones impregnaron el car\u00e1cter de nuestra comunidad. La conservaci\u00f3n y rescate de la herencia cultural es uno de los compromisos de esta administraci\u00f3n. Como se\u00f1al\u00f3 nuestro alcalde, \u201chemos trabajado durante mucho tiempo con la agrupaci\u00f3n Chiloays\u00e9n, y estamos disponibles para seguir fomentando la preservaci\u00f3n de nuestro patrimonio cultural\u201d.<\/p>\n<p style=\"text-align: justify;\">Invitamos a toda la comunidad de Ays\u00e9n a participar de las celebraciones del aniversario de nuestra comuna, recordando el arduo trabajo de quienes, contra todo tipo de adversidades, se abrieron paso y forjaron nuestra ciudad.<\/p>\n<\/div><\/section><\/div><div  style='height:50px' class='hr hr-invisible   avia-builder-el-6  el_after_av_one_full  el_before_av_social_share '><span class='hr-inner ' ><span class='hr-inner-style'><\/span><\/span><\/div><\/p>\n<div  class='av-social-sharing-box  avia-builder-el-7  el_after_av_hr  el_before_av_hr  '><div class='av-share-box'><h5 class='av-share-link-description av-no-toc '>Compartir esta noticia<\/h5><ul class='av-share-box-list noLightbox'><li class='av-share-link av-social-link-facebook' ><a target=\"_blank\" aria-label=\"Compartir en Facebook\" href='https:\/\/www.facebook.com\/sharer.php?u=https:\/\/radiorevelacionfm.cl\/?p=26400&#038;t=Entregan%20placa%20conmemorativa%20a%20agrupaci%C3%B3n%20%E2%80%9CHijos%20y%20Amigos%20de%20Chilo%C3%A9%E2%80%9D%20en%20plaza%20El%20Encuentro' aria-hidden='false' data-av_icon='\ue8f3' data-av_iconfont='entypo-fontello' title='' data-avia-related-tooltip='Compartir en Facebook' rel=\"noopener\"><span class='avia_hidden_link_text'>Compartir en Facebook<\/span><\/a><\/li><li class='av-share-link av-social-link-twitter' ><a target=\"_blank\" aria-label=\"Compartir en Twitter\" href='https:\/\/twitter.com\/share?text=Entregan%20placa%20conmemorativa%20a%20agrupaci%C3%B3n%20%E2%80%9CHijos%20y%20Amigos%20de%20Chilo%C3%A9%E2%80%9D%20en%20plaza%20El%20Encuentro&#038;url=https:\/\/radiorevelacionfm.cl\/?p=26400' aria-hidden='false' data-av_icon='\ue8f1' data-av_iconfont='entypo-fontello' title='' data-avia-related-tooltip='Compartir en Twitter' rel=\"noopener\"><span class='avia_hidden_link_text'>Compartir en Twitter<\/span><\/a><\/li><li class='av-share-link av-social-link-whatsapp' ><a target=\"_blank\" aria-label=\"Compartir en Whatsapp\" href='https:\/\/api.whatsapp.com\/send?text=https:\/\/radiorevelacionfm.cl\/?p=26400' aria-hidden='false' data-av_icon='\uf232' data-av_iconfont='entypo-fontello' title='' data-avia-related-tooltip='Compartir en Whatsapp' rel=\"noopener\"><span class='avia_hidden_link_text'>Compartir en Whatsapp<\/span><\/a><\/li><li class='av-share-link av-social-link-linkedin' ><a target=\"_blank\" aria-label=\"Compartir en LinkedIn\" href='https:\/\/linkedin.com\/shareArticle?mini=true&#038;title=Entregan%20placa%20conmemorativa%20a%20agrupaci%C3%B3n%20%E2%80%9CHijos%20y%20Amigos%20de%20Chilo%C3%A9%E2%80%9D%20en%20plaza%20El%20Encuentro&#038;url=https:\/\/radiorevelacionfm.cl\/?p=26400' aria-hidden='false' data-av_icon='\ue8fc' data-av_iconfont='entypo-fontello' title='' data-avia-related-tooltip='Compartir en LinkedIn' rel=\"noopener\"><span class='avia_hidden_link_text'>Compartir en LinkedIn<\/span><\/a><\/li><li class='av-share-link av-social-link-mail' ><a  aria-label=\"Compartir por correo\" href='mailto:?subject=Entregan%20placa%20conmemorativa%20a%20agrupaci%C3%B3n%20%E2%80%9CHijos%20y%20Amigos%20de%20Chilo%C3%A9%E2%80%9D%20en%20plaza%20El%20Encuentro&#038;body=https:\/\/radiorevelacionfm.cl\/?p=26400' aria-hidden='false' data-av_icon='\ue805' data-av_iconfont='entypo-fontello' title='' data-avia-related-tooltip='Compartir por correo'><span class='avia_hidden_link_text'>Compartir por correo<\/span><\/a><\/li><\/ul><\/div><\/div>\n<div  style='height:50px' class='hr hr-invisible   avia-builder-el-8  el_after_av_social_share  el_before_av_comments_list '><span class='hr-inner ' ><span class='hr-inner-style'><\/span><\/span><\/div>\n<div  class='av-buildercomment  av-blog-meta-html-info-disabled av-blog-meta-tag-disabled  '><\/div>\n","protected":false},"excerpt":{"rendered":"","protected":false},"author":1,"featured_media":26401,"comment_status":"open","ping_status":"open","sticky":false,"template":"","format":"standard","meta":{"footnotes":""},"categories":[38],"tags":[],"class_list":["post-26400","post","type-post","status-publish","format-standard","has-post-thumbnail","hentry","category-regional"],"jetpack_featured_media_url":"https:\/\/radiorevelacionfm.cl\/wp-content\/uploads\/2023\/01\/fotografia-1_optimized-1.jpeg","_links":{"self":[{"href":"https:\/\/radiorevelacionfm.cl\/index.php?rest_route=\/wp\/v2\/posts\/26400","targetHints":{"allow":["GET"]}}],"collection":[{"href":"https:\/\/radiorevelacionfm.cl\/index.php?rest_route=\/wp\/v2\/posts"}],"about":[{"href":"https:\/\/radiorevelacionfm.cl\/index.php?rest_route=\/wp\/v2\/types\/post"}],"author":[{"embeddable":true,"href":"https:\/\/radiorevelacionfm.cl\/index.php?rest_route=\/wp\/v2\/users\/1"}],"replies":[{"embeddable":true,"href":"https:\/\/radiorevelacionfm.cl\/index.php?rest_route=%2Fwp%2Fv2%2Fcomments&post=26400"}],"version-history":[{"count":2,"href":"https:\/\/radiorevelacionfm.cl\/index.php?rest_route=\/wp\/v2\/posts\/26400\/revisions"}],"predecessor-version":[{"id":26403,"href":"https:\/\/radiorevelacionfm.cl\/index.php?rest_route=\/wp\/v2\/posts\/26400\/revisions\/26403"}],"wp:featuredmedia":[{"embeddable":true,"href":"https:\/\/radiorevelacionfm.cl\/index.php?rest_route=\/wp\/v2\/media\/26401"}],"wp:attachment":[{"href":"https:\/\/radiorevelacionfm.cl\/index.php?rest_route=%2Fwp%2Fv2%2Fmedia&parent=26400"}],"wp:term":[{"taxonomy":"category","embeddable":true,"href":"https:\/\/radiorevelacionfm.cl\/index.php?rest_route=%2Fwp%2Fv2%2Fcategories&post=26400"},{"taxonomy":"post_tag","embeddable":true,"href":"https:\/\/radiorevelacionfm.cl\/index.php?rest_route=%2Fwp%2Fv2%2Ftags&post=26400"}],"curies":[{"name":"wp","href":"https:\/\/api.w.org\/{rel}","templated":true}]}}