{"id":26396,"date":"2023-01-09T11:58:48","date_gmt":"2023-01-09T14:58:48","guid":{"rendered":"https:\/\/radiorevelacionfm.cl\/?p=26396"},"modified":"2023-01-09T11:58:48","modified_gmt":"2023-01-09T14:58:48","slug":"destacado-violonchelista-internacional-vuelve-este-2023-para-sorprender-a-ayseninos-en-la-ruta-de-bach","status":"publish","type":"post","link":"https:\/\/radiorevelacionfm.cl\/?p=26396","title":{"rendered":"Destacado violonchelista internacional vuelve este 2023 para sorprender a ayseninos en \u201cLa Ruta de Bach\u201d"},"content":{"rendered":"<div class=\"flex_column av_one_full  flex_column_div av-zero-column-padding first  avia-builder-el-0  el_before_av_one_full  avia-builder-el-first  \" style='border-radius:0px; '><div  class='avia-image-container  av-styling-    avia-builder-el-1  avia-builder-el-no-sibling  avia-align-center '  itemprop=\"image\" itemscope=\"itemscope\" itemtype=\"https:\/\/schema.org\/ImageObject\"  ><div class='avia-image-container-inner'><div class='avia-image-overlay-wrap'><img decoding=\"async\" class='wp-image-26397 avia-img-lazy-loading-not-26397 avia_image' src=\"https:\/\/radiorevelacionfm.cl\/wp-content\/uploads\/2023\/01\/270017701_4649198185207139_4909940814740617731_n-1-1.jpg\" alt='' title='270017701_4649198185207139_4909940814740617731_n (1) (1)' height=\"600\" width=\"800\"  itemprop=\"thumbnailUrl\" srcset=\"https:\/\/radiorevelacionfm.cl\/wp-content\/uploads\/2023\/01\/270017701_4649198185207139_4909940814740617731_n-1-1.jpg 800w, https:\/\/radiorevelacionfm.cl\/wp-content\/uploads\/2023\/01\/270017701_4649198185207139_4909940814740617731_n-1-1-300x225.jpg 300w, https:\/\/radiorevelacionfm.cl\/wp-content\/uploads\/2023\/01\/270017701_4649198185207139_4909940814740617731_n-1-1-768x576.jpg 768w, https:\/\/radiorevelacionfm.cl\/wp-content\/uploads\/2023\/01\/270017701_4649198185207139_4909940814740617731_n-1-1-705x529.jpg 705w, https:\/\/radiorevelacionfm.cl\/wp-content\/uploads\/2023\/01\/270017701_4649198185207139_4909940814740617731_n-1-1-600x450.jpg 600w\" sizes=\"(max-width: 800px) 100vw, 800px\" \/><\/div><\/div><\/div><\/div><div class=\"flex_column av_one_full  flex_column_div av-zero-column-padding first  avia-builder-el-2  el_after_av_one_full  el_before_av_one_full  column-top-margin\" style='border-radius:0px; '><section class=\"av_textblock_section \"  itemscope=\"itemscope\" itemtype=\"https:\/\/schema.org\/BlogPosting\" itemprop=\"blogPost\" ><div class='avia_textblock  '   itemprop=\"text\" ><p style=\"text-align: center;\"><span style=\"font-size: 18pt;\"><strong>Destacado violonchelista internacional vuelve este 2023 para sorprender a ayseninos en \u201cLa Ruta de Bach\u201d<\/strong><\/span><\/p>\n<div id=\"gtx-trans\" style=\"position: absolute; left: -50px; top: 4.31534px;\">\n<div class=\"gtx-trans-icon\"><\/div>\n<\/div>\n<\/div><\/section><\/div><div class=\"flex_column av_one_full  flex_column_div av-zero-column-padding first  avia-builder-el-4  el_after_av_one_full  el_before_av_hr  column-top-margin\" style='border-radius:0px; '><section class=\"av_textblock_section \"  itemscope=\"itemscope\" itemtype=\"https:\/\/schema.org\/BlogPosting\" itemprop=\"blogPost\" ><div class='avia_textblock  '   itemprop=\"text\" ><p style=\"text-align: justify;\">Por segundo a\u00f1o consecutivo, y en el marco del denominado proyecto \u201cBach en la Ruta Austral\u201d, se presentar\u00e1 en Puerto Ays\u00e9n, el reconocido m\u00fasico brasilero, Mat\u00edas De Oliveira Pinto; quien bridar\u00e1 un concierto totalmente gratuito y abierto a la comunidad, acompa\u00f1ado de otra destacada m\u00fasica, como es Magdalena Rosas, fundadora de la escuela de M\u00fasica y Artes Integradas en Coyhaique, entre otros.<\/p>\n<p style=\"text-align: justify;\">\u201cContinuamos siempre trayendo desde la educaci\u00f3n musical experiencias que puedan resultar importantes para nuestros ni\u00f1os y la comunidad, en este caso a trav\u00e9s de la visita de dos reconocidos concertistas en violonchelo, uno de ellos es el profesor Mat\u00edas, radicado en Alemania desde hace much\u00edsimos a\u00f1os que participa en las \u00f3peras y teatros m\u00e1s importantes del mundo, trabaja universidades de Europa, donde hace clases a prestigiosos m\u00fasicos. Es un formador de estudiantes de gran nivel, por tanto, tenerlo una vez m\u00e1s en Puerto Ays\u00e9n es un privilegio para nosotros\u201d, manifest\u00f3 Patricia Araya, directora musical de la unidad de Orquesta Escolar Comunal de la Direcci\u00f3n de Educaci\u00f3n Municipal, respecto a este trascendental momento musical y que congregar\u00e1 una serie de piezas musicales preparadas especialmente para la ocasi\u00f3n.<\/p>\n<p style=\"text-align: justify;\">El concierto, dirigido a estudiantes y vecinos, se realizar\u00e1 este pr\u00f3ximo mi\u00e9rcoles 11 de enero a partir de las 16.00 horas, y tendr\u00e1 lugar en dependencias de la Biblioteca P\u00fablica. \u201cInvitamos a quienes nos quieran acompa\u00f1ar a este concierto que ser\u00e1, sin duda alguna, de una calidad inigualable. Ser\u00e1 una experiencia muy bonita poder escuchar y ver un concierto de nivel europeo de un m\u00fasico que viaja por todo el mundo y que tendremos en unos d\u00edas m\u00e1s aqu\u00ed en Puerto Ays\u00e9n. Nuestros ni\u00f1os ya est\u00e1n muy ansiosos esper\u00e1ndolo\u201d, a\u00f1adi\u00f3 Patricia Araya Bilbao.<\/p>\n<p style=\"text-align: justify;\">Asimismo, la directora musical enfatiz\u00f3 los dos grandes \u00e1mbitos que se ver\u00e1n sumamente privilegiados a trav\u00e9s de esta puesta en escena. \u201cLa apreciaci\u00f3n afectiva, que se refiere a todas aquellas sensaciones y emociones que nos despierta la m\u00fasica. Y, especialmente, la apreciaci\u00f3n comprensiva, que resulta clave, porque nos permitir\u00e1 conocer de mejor manera los componentes que estamos escuchando. Y en esto nuestros dos invitados ser\u00e1n fundamentales\u201d, explic\u00f3.<\/p>\n<p style=\"text-align: justify;\">Respecto a la gira denominada \u201cBach en la Patagonia\u201c se realiza en el contexto del 30 aniversario de la escuela de M\u00fasica y Artes Integradas de Coyhaique, previo a una nueva edici\u00f3n del Festival Internacional de Violonchelos Patagonia Chelo Fest 2023, y contempla un recorrido durante toda una semana por las diversas localidades ayseninas, desde La Junta hasta Villa O\u2019Higgins.<\/p>\n<\/div><\/section><\/div><div  style='height:50px' class='hr hr-invisible   avia-builder-el-6  el_after_av_one_full  el_before_av_social_share '><span class='hr-inner ' ><span class='hr-inner-style'><\/span><\/span><\/div><\/p>\n<div  class='av-social-sharing-box  avia-builder-el-7  el_after_av_hr  el_before_av_hr  '><div class='av-share-box'><h5 class='av-share-link-description av-no-toc '>Compartir esta noticia<\/h5><ul class='av-share-box-list noLightbox'><li class='av-share-link av-social-link-facebook' ><a target=\"_blank\" aria-label=\"Compartir en Facebook\" href='https:\/\/www.facebook.com\/sharer.php?u=https:\/\/radiorevelacionfm.cl\/?p=26396&#038;t=Destacado%20violonchelista%20internacional%20vuelve%20este%202023%20para%20sorprender%20a%20ayseninos%20en%20%E2%80%9CLa%20Ruta%20de%20Bach%E2%80%9D' aria-hidden='false' data-av_icon='\ue8f3' data-av_iconfont='entypo-fontello' title='' data-avia-related-tooltip='Compartir en Facebook' rel=\"noopener\"><span class='avia_hidden_link_text'>Compartir en Facebook<\/span><\/a><\/li><li class='av-share-link av-social-link-twitter' ><a target=\"_blank\" aria-label=\"Compartir en Twitter\" href='https:\/\/twitter.com\/share?text=Destacado%20violonchelista%20internacional%20vuelve%20este%202023%20para%20sorprender%20a%20ayseninos%20en%20%E2%80%9CLa%20Ruta%20de%20Bach%E2%80%9D&#038;url=https:\/\/radiorevelacionfm.cl\/?p=26396' aria-hidden='false' data-av_icon='\ue8f1' data-av_iconfont='entypo-fontello' title='' data-avia-related-tooltip='Compartir en Twitter' rel=\"noopener\"><span class='avia_hidden_link_text'>Compartir en Twitter<\/span><\/a><\/li><li class='av-share-link av-social-link-whatsapp' ><a target=\"_blank\" aria-label=\"Compartir en Whatsapp\" href='https:\/\/api.whatsapp.com\/send?text=https:\/\/radiorevelacionfm.cl\/?p=26396' aria-hidden='false' data-av_icon='\uf232' data-av_iconfont='entypo-fontello' title='' data-avia-related-tooltip='Compartir en Whatsapp' rel=\"noopener\"><span class='avia_hidden_link_text'>Compartir en Whatsapp<\/span><\/a><\/li><li class='av-share-link av-social-link-linkedin' ><a target=\"_blank\" aria-label=\"Compartir en LinkedIn\" href='https:\/\/linkedin.com\/shareArticle?mini=true&#038;title=Destacado%20violonchelista%20internacional%20vuelve%20este%202023%20para%20sorprender%20a%20ayseninos%20en%20%E2%80%9CLa%20Ruta%20de%20Bach%E2%80%9D&#038;url=https:\/\/radiorevelacionfm.cl\/?p=26396' aria-hidden='false' data-av_icon='\ue8fc' data-av_iconfont='entypo-fontello' title='' data-avia-related-tooltip='Compartir en LinkedIn' rel=\"noopener\"><span class='avia_hidden_link_text'>Compartir en LinkedIn<\/span><\/a><\/li><li class='av-share-link av-social-link-mail' ><a  aria-label=\"Compartir por correo\" href='mailto:?subject=Destacado%20violonchelista%20internacional%20vuelve%20este%202023%20para%20sorprender%20a%20ayseninos%20en%20%E2%80%9CLa%20Ruta%20de%20Bach%E2%80%9D&#038;body=https:\/\/radiorevelacionfm.cl\/?p=26396' aria-hidden='false' data-av_icon='\ue805' data-av_iconfont='entypo-fontello' title='' data-avia-related-tooltip='Compartir por correo'><span class='avia_hidden_link_text'>Compartir por correo<\/span><\/a><\/li><\/ul><\/div><\/div>\n<div  style='height:50px' class='hr hr-invisible   avia-builder-el-8  el_after_av_social_share  el_before_av_comments_list '><span class='hr-inner ' ><span class='hr-inner-style'><\/span><\/span><\/div>\n<div  class='av-buildercomment  av-blog-meta-html-info-disabled av-blog-meta-tag-disabled  '><\/div>\n","protected":false},"excerpt":{"rendered":"","protected":false},"author":1,"featured_media":26397,"comment_status":"open","ping_status":"open","sticky":false,"template":"","format":"standard","meta":{"footnotes":""},"categories":[52],"tags":[],"class_list":["post-26396","post","type-post","status-publish","format-standard","has-post-thumbnail","hentry","category-cultura"],"jetpack_featured_media_url":"https:\/\/radiorevelacionfm.cl\/wp-content\/uploads\/2023\/01\/270017701_4649198185207139_4909940814740617731_n-1-1.jpg","_links":{"self":[{"href":"https:\/\/radiorevelacionfm.cl\/index.php?rest_route=\/wp\/v2\/posts\/26396","targetHints":{"allow":["GET"]}}],"collection":[{"href":"https:\/\/radiorevelacionfm.cl\/index.php?rest_route=\/wp\/v2\/posts"}],"about":[{"href":"https:\/\/radiorevelacionfm.cl\/index.php?rest_route=\/wp\/v2\/types\/post"}],"author":[{"embeddable":true,"href":"https:\/\/radiorevelacionfm.cl\/index.php?rest_route=\/wp\/v2\/users\/1"}],"replies":[{"embeddable":true,"href":"https:\/\/radiorevelacionfm.cl\/index.php?rest_route=%2Fwp%2Fv2%2Fcomments&post=26396"}],"version-history":[{"count":2,"href":"https:\/\/radiorevelacionfm.cl\/index.php?rest_route=\/wp\/v2\/posts\/26396\/revisions"}],"predecessor-version":[{"id":26399,"href":"https:\/\/radiorevelacionfm.cl\/index.php?rest_route=\/wp\/v2\/posts\/26396\/revisions\/26399"}],"wp:featuredmedia":[{"embeddable":true,"href":"https:\/\/radiorevelacionfm.cl\/index.php?rest_route=\/wp\/v2\/media\/26397"}],"wp:attachment":[{"href":"https:\/\/radiorevelacionfm.cl\/index.php?rest_route=%2Fwp%2Fv2%2Fmedia&parent=26396"}],"wp:term":[{"taxonomy":"category","embeddable":true,"href":"https:\/\/radiorevelacionfm.cl\/index.php?rest_route=%2Fwp%2Fv2%2Fcategories&post=26396"},{"taxonomy":"post_tag","embeddable":true,"href":"https:\/\/radiorevelacionfm.cl\/index.php?rest_route=%2Fwp%2Fv2%2Ftags&post=26396"}],"curies":[{"name":"wp","href":"https:\/\/api.w.org\/{rel}","templated":true}]}}